{"id":105957,"date":"2020-11-28T10:48:40","date_gmt":"2020-11-28T15:48:40","guid":{"rendered":"https:\/\/linitiative.ca\/International\/une-plateforme-pour-booster-lentrepreneuriat-des-jeunes-a-jerada\/"},"modified":"2020-11-28T10:48:40","modified_gmt":"2020-11-28T15:48:40","slug":"une-plateforme-pour-booster-lentrepreneuriat-des-jeunes-a-jerada","status":"publish","type":"post","link":"https:\/\/linitiative.ca\/International\/une-plateforme-pour-booster-lentrepreneuriat-des-jeunes-a-jerada\/","title":{"rendered":"Une plateforme pour booster l\u2019entrepreneuriat des jeunes \u00e0 Jerada"},"content":{"rendered":"<p class=\"c4\">Encourager l\u2019entrepreneuriat des jeunes et am\u00e9liorer leur employabilit\u00e9 figurent parmi les priorit\u00e9s de l\u2019Initiative nationale pour le d\u00e9veloppement humain (INDH), comme en t\u00e9moigne la nouvelle Plateforme des jeunes de Jerada, une structure d\u2019accompagnement et de formation inaugur\u00e9e r\u00e9cemment.<\/p>\n<p class=\"c4\">Cr\u00e9\u00e9e dans le cadre de la troisi\u00e8me phase de l\u2019INDH (2019-2023), plus pr\u00e9cis\u00e9ment le programme \u00abAm\u00e9lioration du revenu et inclusion \u00e9conomique des jeunes\u00bb, cette plateforme assure l\u2019accueil, l\u2019\u00e9coute et l\u2019orientation des jeunes et leur permet de b\u00e9n\u00e9ficier d\u2019un espace d\u2019am\u00e9lioration des comp\u00e9tences, de salles multim\u00e9dias, d\u2019un espace entrepreneuriat et de salles de formation.<\/p>\n<p class=\"c4\">Cet \u00e9tablissement, g\u00e9r\u00e9 par un bureau d\u2019\u00e9tudes, a \u00e9t\u00e9 construit pour un montant de 3,5 millions de DH (MDH), alors que l\u2019\u00e9quipement et la mise \u00e0 niveau de cet espace a n\u00e9cessit\u00e9 une enveloppe d\u2019un million de dirhams.<\/p>\n<p class=\"c4\">L\u2019INDH a contribu\u00e9 \u00e0 hauteur de 2,7 MDH \u00e0 ce projet destin\u00e9 \u00e0 am\u00e9liorer le revenu des jeunes de la province de Jerada et \u00e0 lancer une nouvelle g\u00e9n\u00e9ration d\u2019initiatives ax\u00e9es sur la promotion de l\u2019\u00e9l\u00e9ment humain et de la qualit\u00e9 des projets et de leur syst\u00e8me de gestion.<\/p>\n<p class=\"c4\">Jalal Tagmouti, chef de la Division de l\u2019action sociale (DAS) \u00e0 la pr\u00e9fecture de la province de Jerada, a indiqu\u00e9 que cette initiative vise \u00e0 aider les jeunes \u00e0 concr\u00e9tiser leurs projets et id\u00e9es de projets, en apportant l\u2019accompagnement et l\u2019orientation n\u00e9cessaires pour mener \u00e0 bien des projets g\u00e9n\u00e9rateurs de revenu.<\/p>\n<p class=\"c4\">Cette plateforme met l\u2019accent aussi sur la formation et l\u2019encadrement en vue de renforcer les capacit\u00e9s et les aptitudes des jeunes pour assurer le succ\u00e8s des projets, sans oublier le suivi de la r\u00e9alisation et du d\u00e9roulement des projets, afin d\u2019aider les jeunes entrepreneurs \u00e0 surmonter les difficult\u00e9s inh\u00e9rentes aux phases de cr\u00e9ation et de mise en route des TPE-PME, a-t-il soulign\u00e9 dans une d\u00e9claration \u00e0 la MAP.<\/p>\n<p class=\"c4\">De son c\u00f4t\u00e9, Wafa\u00e2 Cha\u00e2bani, responsable au bureau d\u2019\u00e9tudes charg\u00e9 de la gestion de la Plateforme des jeunes de Jerada, a pr\u00e9cis\u00e9 que cette nouvelle structure a pour mission l\u2019accompagnement, la formation et le suivi des jeunes porteurs de projets et d\u2019id\u00e9es d\u2019entreprenariat, ainsi que la contribution \u00e0 l\u2019inclusion des jeunes dans le march\u00e9 de l\u2019emploi.<\/p>\n<p><img class=\"wp-image-24001 aligncenter\" data-src=\"http:\/\/www.mapoujda.ma\/map\/uploads\/2020\/11\/Plateforme-des-jeunes-de-Jerada-2-750&#xD7;430-MAP.jpg\" alt=\"\" width=\"576\" height=\"330\" srcset=\"http:\/\/www.mapoujda.ma\/map\/uploads\/2020\/11\/Plateforme-des-jeunes-de-Jerada-2-750&#xD7;430-MAP.jpg 750w, http:\/\/www.mapoujda.ma\/map\/uploads\/2020\/11\/Plateforme-des-jeunes-de-Jerada-2-750&#xD7;430-MAP-300x172.jpg 300w\" sizes=\"(max-width: 576px) 100vw, 576px\"\/><\/p>\n<p class=\"c4\">\u00abNotre objectif est de permettre la cr\u00e9ation de 12 entreprises par an ainsi que l\u2019inclusion de 250 jeunes au march\u00e9 de l\u2019emploi chaque ann\u00e9e\u00bb, a-t-elle affirm\u00e9.<\/p>\n<p class=\"c4\">Des objectifs ambitieux dont la r\u00e9alisation n\u00e9cessite un accompagnement pointu et un renforcement des comp\u00e9tences des porteurs de projets, comme nous l\u2019explique Fouad Razine, responsable de projet entreprenariat \u00e0 la Plateforme des jeunes.<\/p>\n<p class=\"c4\">\u00abNous assurerons l\u2019accompagnement des jeunes entrepreneurs durant un an. Pour ceux qui n\u2019ont pas encore choisi un statut juridique pour leurs entreprises, nous les aidons \u00e0 d\u00e9terminer la forme juridique la plus ad\u00e9quate pour leurs projets. Apr\u00e8s on passe \u00e0 une p\u00e9riode de formation de deux semaines, ax\u00e9e notamment sur l\u2019\u00e9tude du projet et l\u2019\u00e9tude du march\u00e9\u00bb, a-t-il dit.<\/p>\n<p class=\"c4\">Une fois ces \u00e9tapes pass\u00e9es, arrive la phase d\u00e9cisive des solutions de financement. \u00abNous \u00e9laborons le montage financier de chaque projet, ensuite nous assurons un accompagnement apr\u00e8s son d\u00e9marrage. Durant cette p\u00e9riode nous restons en contact avec le porteur du projet pour l\u2019aider \u00e0 surmonter les difficult\u00e9s qui peuvent appara\u00eetre\u00bb, a-t-il encore ajout\u00e9.<\/p>\n<p class=\"c4\">Selon M. Razine, le probl\u00e8me le plus fr\u00e9quent auquel font face les jeunes porteurs de projets est l\u2019ignorance des sp\u00e9cificit\u00e9s des statuts juridiques de l\u2019entreprise et de la r\u00e9glementation en vigueur. \u00abG\u00e9n\u00e9ralement, ils ne connaissent pas les caract\u00e9ristiques des diff\u00e9rentes formes juridiques ni leurs droits et obligations dans le cadre de la loi. Nous essayons de travailler avec eux sur cet aspect durant la p\u00e9riode de formation ainsi que dans leur relation vis-\u00e0-vis de l\u2019administration\u00bb.<\/p>\n<p class=\"c4\">Un accompagnement et une assistance salutaires pour les jeunes de Jerada, porteurs de projets ou d\u00e9sireux d\u2019am\u00e9liorer leur employabilit\u00e9 dans un march\u00e9 du travail en perp\u00e9tuelle mutation.<\/p>\n<p class=\"c4\">Les premiers b\u00e9n\u00e9ficiaires de cette plateforme ont ainsi salu\u00e9, dans des d\u00e9clarations \u00e0 la MAP, cette initiative de l\u2019INDH qui ne manquera pas d\u2019impacter positivement la dynamique de cr\u00e9ation d\u2019entreprise et de l\u2019emploi dans la province de Jerada.<\/p>\n<p>Auteur: Soufiane ELAHMAR<br \/>\n<a href=\"http:\/\/www.mapoujda.ma\/fr\/une-plateforme-pour-booster-lentrepreneuriat-des-jeunes-a-jerada\/\">Cliquez ici pour lire l&rsquo;article depuis sa source.<\/a><\/p>\n","protected":false},"excerpt":{"rendered":"<p>Encourager l\u2019entrepreneuriat des jeunes et am\u00e9liorer leur employabilit\u00e9 figurent parmi les priorit\u00e9s de l\u2019Initiative nationale pour le d\u00e9veloppement humain (INDH), comme en t\u00e9moigne la nouvelle Plateforme des jeunes de Jerada, une structure d\u2019accompagnement et de formation inaugur\u00e9e r\u00e9cemment. Cr\u00e9\u00e9e dans le cadre de la troisi\u00e8me phase de l\u2019INDH (2019-2023), plus pr\u00e9cis\u00e9ment le programme \u00abAm\u00e9lioration du [&hellip;]<\/p>\n","protected":false},"author":1788,"featured_media":0,"comment_status":"closed","ping_status":"closed","sticky":false,"template":"","format":"standard","meta":{"fifu_image_url":"http:\/\/www.mapoujda.ma\/map\/uploads\/2020\/11\/Plateforme-des-jeunes-de-Jerada-2-750\u00d7430-MAP.jpg","fifu_image_alt":"Une plateforme pour booster l\u2019entrepreneuriat des jeunes \u00e0 Jerada","footnotes":""},"categories":[54,76],"tags":[],"class_list":["post-105957","post","type-post","status-publish","format-standard","hentry","category-maroc","category-regions"],"_links":{"self":[{"href":"https:\/\/linitiative.ca\/International\/wp-json\/wp\/v2\/posts\/105957","targetHints":{"allow":["GET"]}}],"collection":[{"href":"https:\/\/linitiative.ca\/International\/wp-json\/wp\/v2\/posts"}],"about":[{"href":"https:\/\/linitiative.ca\/International\/wp-json\/wp\/v2\/types\/post"}],"author":[{"embeddable":true,"href":"https:\/\/linitiative.ca\/International\/wp-json\/wp\/v2\/users\/1788"}],"replies":[{"embeddable":true,"href":"https:\/\/linitiative.ca\/International\/wp-json\/wp\/v2\/comments?post=105957"}],"version-history":[{"count":0,"href":"https:\/\/linitiative.ca\/International\/wp-json\/wp\/v2\/posts\/105957\/revisions"}],"wp:attachment":[{"href":"https:\/\/linitiative.ca\/International\/wp-json\/wp\/v2\/media?parent=105957"}],"wp:term":[{"taxonomy":"category","embeddable":true,"href":"https:\/\/linitiative.ca\/International\/wp-json\/wp\/v2\/categories?post=105957"},{"taxonomy":"post_tag","embeddable":true,"href":"https:\/\/linitiative.ca\/International\/wp-json\/wp\/v2\/tags?post=105957"}],"curies":[{"name":"wp","href":"https:\/\/api.w.org\/{rel}","templated":true}]}}