{"id":105973,"date":"2020-11-28T10:05:00","date_gmt":"2020-11-28T15:05:00","guid":{"rendered":"https:\/\/linitiative.ca\/International\/kheireddine-zetchi-teste-positif-au-covid-19\/"},"modified":"2020-11-28T10:05:00","modified_gmt":"2020-11-28T15:05:00","slug":"kheireddine-zetchi-teste-positif-au-covid-19","status":"publish","type":"post","link":"https:\/\/linitiative.ca\/International\/kheireddine-zetchi-teste-positif-au-covid-19\/","title":{"rendered":"Kheireddine  Zetchi test\u00e9 positif au Covid-19"},"content":{"rendered":"<p><br id=\"sep_para_1\" class=\"sep_para access\"\/><\/p>\n<div id=\"para_1\" class=\"para_39717785 resize\">\n<div class=\"texte access firstletter\">Le pr\u00e9sident de la f\u00e9d\u00e9ration alg\u00e9rienne de football (FAF) Kheireddine Zetchi, a \u00e9t\u00e9 test\u00e9 positif au Covid-19, a indiqu\u00e9 vendredi soir la FAF sur son site officiel, pr\u00e9cisant qu\u2019il \u00abpr\u00e9sente des sympt\u00f4mes l\u00e9gers qui, toutefois, n\u00e9cessitent son auto-isolement pour une dizaine de jours\u00bb. LA FAF a fait savoir que Zetchi\u00a0 avait\u00a0 pris le soin d\u2019informer son proche entourage afin de prendre \u00ables mesures n\u00e9cessaires \u00bb dans une conjoncture o\u00f9 l\u2019on constate une flamb\u00e9e \u00e9pid\u00e9mique depuis quelques semaines en Alg\u00e9rie, souligne le communiqu\u00e9.<\/div>\n<\/div>\n<p>Auteur: R\u00e9flexion<br \/>\n<a href=\"https:\/\/www.reflexiondz.net\/Kheireddine-Zetchi-teste-positif-au-Covid-19_a66473.html\">Cliquez ici pour lire l&rsquo;article depuis sa source.<\/a><\/p>\n","protected":false},"excerpt":{"rendered":"<p>Le pr\u00e9sident de la f\u00e9d\u00e9ration alg\u00e9rienne de football (FAF) Kheireddine Zetchi, a \u00e9t\u00e9 test\u00e9 positif au Covid-19, a indiqu\u00e9 vendredi soir la FAF sur son site officiel, pr\u00e9cisant qu\u2019il \u00abpr\u00e9sente des sympt\u00f4mes l\u00e9gers qui, toutefois, n\u00e9cessitent son auto-isolement pour une dizaine de jours\u00bb. LA FAF a fait savoir que Zetchi\u00a0 avait\u00a0 pris le soin d\u2019informer [&hellip;]<\/p>\n","protected":false},"author":1740,"featured_media":0,"comment_status":"closed","ping_status":"closed","sticky":false,"template":"","format":"standard","meta":{"fifu_image_url":"","fifu_image_alt":"","footnotes":""},"categories":[53,76],"tags":[],"class_list":["post-105973","post","type-post","status-publish","format-standard","hentry","category-algerie","category-regions"],"_links":{"self":[{"href":"https:\/\/linitiative.ca\/International\/wp-json\/wp\/v2\/posts\/105973","targetHints":{"allow":["GET"]}}],"collection":[{"href":"https:\/\/linitiative.ca\/International\/wp-json\/wp\/v2\/posts"}],"about":[{"href":"https:\/\/linitiative.ca\/International\/wp-json\/wp\/v2\/types\/post"}],"author":[{"embeddable":true,"href":"https:\/\/linitiative.ca\/International\/wp-json\/wp\/v2\/users\/1740"}],"replies":[{"embeddable":true,"href":"https:\/\/linitiative.ca\/International\/wp-json\/wp\/v2\/comments?post=105973"}],"version-history":[{"count":0,"href":"https:\/\/linitiative.ca\/International\/wp-json\/wp\/v2\/posts\/105973\/revisions"}],"wp:attachment":[{"href":"https:\/\/linitiative.ca\/International\/wp-json\/wp\/v2\/media?parent=105973"}],"wp:term":[{"taxonomy":"category","embeddable":true,"href":"https:\/\/linitiative.ca\/International\/wp-json\/wp\/v2\/categories?post=105973"},{"taxonomy":"post_tag","embeddable":true,"href":"https:\/\/linitiative.ca\/International\/wp-json\/wp\/v2\/tags?post=105973"}],"curies":[{"name":"wp","href":"https:\/\/api.w.org\/{rel}","templated":true}]}}