{"id":105974,"date":"2020-11-28T10:05:00","date_gmt":"2020-11-28T15:05:00","guid":{"rendered":"https:\/\/linitiative.ca\/International\/lutte-contre-lislamophobie-lalgerie-reaffirme-sa-position-immuable\/"},"modified":"2020-11-28T10:05:00","modified_gmt":"2020-11-28T15:05:00","slug":"lutte-contre-lislamophobie-lalgerie-reaffirme-sa-position-immuable","status":"publish","type":"post","link":"https:\/\/linitiative.ca\/International\/lutte-contre-lislamophobie-lalgerie-reaffirme-sa-position-immuable\/","title":{"rendered":"LUTTE CONTRE L&rsquo;ISLAMOPHOBIE : L&rsquo;Alg\u00e9rie r\u00e9affirme sa position \u00ab\u00a0immuable\u00a0\u00bb"},"content":{"rendered":"<p><br id=\"sep_para_1\" class=\"sep_para access\"\/><\/p>\n<div id=\"para_1\" class=\"para_39717766 resize\">\n<div class=\"texte access firstletter\">Dans son allocution \u00e0 l&rsquo;occasion de la 47\u00e8me session des ministres des Affaires \u00e9trang\u00e8res des pays membres de l&rsquo;Organisation de la coop\u00e9ration islamique (OCI), M. Boukadoum a indiqu\u00e9 que \u00ab\u00a0l&rsquo;Alg\u00e9rie r\u00e9affirme, depuis cette tribune, sa position immuable consistant en l&rsquo;imp\u00e9rative lutte contre le ph\u00e9nom\u00e8ne d&rsquo;islamophobie et l&rsquo;\u00e9limination de ses sources, r\u00e9affirmant son rejet de l&rsquo;atteinte \u00e0 autrui sous le couvert de la libert\u00e9 d&rsquo;expression\u00a0\u00bb. \u00ab\u00a0Les travaux de notre Conseil minist\u00e9riel se tiennent sous le slogan +Unis contre le terrorisme et pour la paix et le d\u00e9veloppement+, un choix judicieux qui traduit, en cette conjoncture sensible dans l&rsquo;histoire de notre monde musulman, la volont\u00e9 de chacun de nous de concr\u00e9tiser les objectifs et principes nobles de l&rsquo;Organisation de la coop\u00e9ration islamique (OCI) qui est le porte-voix unificateur des pays musulmans\u00a0\u00bb, a poursuivi le ministre. Il s&rsquo;agit, \u00e9galement d&rsquo;une opportunit\u00e9 pour \u00ab\u00a0r\u00e9affirmer notre d\u00e9termination et notre volont\u00e9 commune \u00e0 garantir la coh\u00e9sion de notre action collective face \u00e0 nombre de d\u00e9fis auxquels les pays membres font face pour consacrer la paix et la s\u00e9curit\u00e9\u00a0\u00bb, a-t-il ajout\u00e9 pr\u00e9cisant qu'\u00a0\u00bbil ne saurait y avoir de d\u00e9veloppement sans s\u00e9curit\u00e9, ni de s\u00e9curit\u00e9 sans d\u00e9veloppement durable\u00a0\u00bb. Dans ce contexte, M. Boukadoum a rappel\u00e9 que cette \u00ab\u00a0r\u00e9union intervient dans un contexte extr\u00eamement complexe, o\u00f9 notre monde musulman fait face \u00e0 plusieurs d\u00e9fis, en t\u00eate desquels le terrorisme transnational et l&rsquo;extr\u00e9misme violent, la mont\u00e9e de l&rsquo;islamophobie, les atteintes \u00e0 l&rsquo;Islam et l&rsquo;aggravation des crises et conflits r\u00e9gionaux qui entament la s\u00e9curit\u00e9 et la stabilit\u00e9 de plusieurs peuples et pays membres de notre organisation\u00a0\u00bb. Et d&rsquo;ajouter que \u00ab\u00a0le terrorisme constitue une menace mondiale \u00e0 la paix et \u00e0 la stabilit\u00e9s internationales, et en appelle \u00e0 davantage d&rsquo;efforts de notre part pour conforter les avanc\u00e9es r\u00e9alis\u00e9es en termes de lutte contre ce fl\u00e9au, \u00e0 travers la conclusion d&rsquo;une convention internationale inclusive, \u00e0 laquelle l&rsquo;Alg\u00e9rie n&rsquo;a eu de cesse d&rsquo;appeler tout en soulignant la mise en oeuvre effective des m\u00e9canismes internationaux et r\u00e9gionaux\u00a0\u00bb. \u00ab\u00a0En d\u00e9pit des avanc\u00e9es r\u00e9alis\u00e9es en mati\u00e8re de lutte contre les groupes terroristes de par le monde, ces derniers continuent \u00e0 terroriser nombre de pays de l&rsquo;organisation, notamment les pays du Sahel\u00a0\u00bb, a poursuivi le ministre soulignant que \u00ab\u00a0nous sommes appel\u00e9s, aujourd&rsquo;hui plus que jamais, \u00e0 asseoir les r\u00e8gles de coop\u00e9ration et de solidarit\u00e9 face \u00e0 ce fl\u00e9au\u00a0\u00bb. \u00ab\u00a0L&rsquo;Alg\u00e9rie, de par sa douloureuse exp\u00e9rience en mati\u00e8re de lutte contre le terrorisme, et partant de sa foi en l&rsquo;importance des initiatives visant \u00e0 asseoir les fondements de la paix et de la s\u00e9curit\u00e9 dans le monde, a renforc\u00e9 ses efforts en mati\u00e8re de lutte antiterroriste. Elle a \u00e9t\u00e9 la premi\u00e8re \u00e0 avoir conclu une convention de lutte antiterroriste au niveau africain et ses efforts ont \u00e9t\u00e9 couronn\u00e9s par l&rsquo;adoption par le Conseil de s\u00e9curit\u00e9 en d\u00e9cembre 2009, de la r\u00e9solution 1904, relative \u00e0 la criminalisation du paiement de ran\u00e7on\u00a0\u00bb, a tenu \u00e0 rappeler M. Boukadoum.<\/div>\n<\/div>\n<p>Auteur: Ismain<br \/>\n<a href=\"https:\/\/www.reflexiondz.net\/LUTTE-CONTRE-L-ISLAMOPHOBIE-L-Algerie-reaffirme-sa-position-immuable_a66470.html\">Cliquez ici pour lire l&rsquo;article depuis sa source.<\/a><\/p>\n","protected":false},"excerpt":{"rendered":"<p>Dans son allocution \u00e0 l&rsquo;occasion de la 47\u00e8me session des ministres des Affaires \u00e9trang\u00e8res des pays membres de l&rsquo;Organisation de la coop\u00e9ration islamique (OCI), M. Boukadoum a indiqu\u00e9 que \u00ab\u00a0l&rsquo;Alg\u00e9rie r\u00e9affirme, depuis cette tribune, sa position immuable consistant en l&rsquo;imp\u00e9rative lutte contre le ph\u00e9nom\u00e8ne d&rsquo;islamophobie et l&rsquo;\u00e9limination de ses sources, r\u00e9affirmant son rejet de l&rsquo;atteinte [&hellip;]<\/p>\n","protected":false},"author":1740,"featured_media":0,"comment_status":"closed","ping_status":"closed","sticky":false,"template":"","format":"standard","meta":{"fifu_image_url":"","fifu_image_alt":"","footnotes":""},"categories":[53,76],"tags":[],"class_list":["post-105974","post","type-post","status-publish","format-standard","hentry","category-algerie","category-regions"],"_links":{"self":[{"href":"https:\/\/linitiative.ca\/International\/wp-json\/wp\/v2\/posts\/105974","targetHints":{"allow":["GET"]}}],"collection":[{"href":"https:\/\/linitiative.ca\/International\/wp-json\/wp\/v2\/posts"}],"about":[{"href":"https:\/\/linitiative.ca\/International\/wp-json\/wp\/v2\/types\/post"}],"author":[{"embeddable":true,"href":"https:\/\/linitiative.ca\/International\/wp-json\/wp\/v2\/users\/1740"}],"replies":[{"embeddable":true,"href":"https:\/\/linitiative.ca\/International\/wp-json\/wp\/v2\/comments?post=105974"}],"version-history":[{"count":0,"href":"https:\/\/linitiative.ca\/International\/wp-json\/wp\/v2\/posts\/105974\/revisions"}],"wp:attachment":[{"href":"https:\/\/linitiative.ca\/International\/wp-json\/wp\/v2\/media?parent=105974"}],"wp:term":[{"taxonomy":"category","embeddable":true,"href":"https:\/\/linitiative.ca\/International\/wp-json\/wp\/v2\/categories?post=105974"},{"taxonomy":"post_tag","embeddable":true,"href":"https:\/\/linitiative.ca\/International\/wp-json\/wp\/v2\/tags?post=105974"}],"curies":[{"name":"wp","href":"https:\/\/api.w.org\/{rel}","templated":true}]}}