{"id":105975,"date":"2020-11-28T10:05:00","date_gmt":"2020-11-28T15:05:00","guid":{"rendered":"https:\/\/linitiative.ca\/International\/mascara-fin-de-la-greve-des-transporteurs-prives-a-tighennif\/"},"modified":"2020-11-28T10:05:00","modified_gmt":"2020-11-28T15:05:00","slug":"mascara-fin-de-la-greve-des-transporteurs-prives-a-tighennif","status":"publish","type":"post","link":"https:\/\/linitiative.ca\/International\/mascara-fin-de-la-greve-des-transporteurs-prives-a-tighennif\/","title":{"rendered":"MASCARA : Fin de la gr\u00e8ve des transporteurs priv\u00e9s   \u00e0 Tighennif"},"content":{"rendered":"<p><br id=\"sep_para_1\" class=\"sep_para access\"\/><\/p>\n<div id=\"para_1\" class=\"para_39717693 resize\">\n<div class=\"texte access firstletter\">Apr\u00e8s dix jours de gr\u00e8ve des transporteurs assurant la liaison entre\u00a0 la da\u00efra au chef lieu de la wilaya, semblent avoir trouv\u00e9 un terrain d\u2019entente avec la direction du transport sur le dos de la population de Maoussa.\u00a0 La\u00a0 direction du transport a cherch\u00e9 la solution la plus facile pour \u2018\u2019d\u00e9samorcer\u2019\u2019 cette gr\u00e8ve, en\u00a0 fixant le tarif entre Mascara et Maoussa \u00e0 35 DA sur une distance de 11 kilom\u00e8tres en\u00a0 laissant le tarif Mascara-Tighennif a 35 DA sur une distance de 20 kilom\u00e8tres et Maoussa-Tighennif \u00e0 25 DA sur une distance de 7 kms. Alors, comment allons-nous comprendre que le tarif sur 20 km est de 35 DA, alors que celui de 11 km est \u00e9galement \u00e0 35 DA ? La direction du transport est-elle\u00a0 vraiment consciente de ce qu\u2019elle fait ? Et puis quel r\u00f4le doit jouer la DTP dans une situation pareille ? La gr\u00e8ve enclench\u00e9e la semaine pass\u00e9e a d\u2019autre part cr\u00e9\u00e9 un conflit entre les transporteurs d\u2019Oued El Abtal-Hachem et ceux de Tighennif, ces derniers cherchent a emp\u00each\u00e9 les deux autres \u00e0 ne pas transiter par Tighennif, parce qu\u2019ils ne les ont\u00a0 pas soutenu dans leur gr\u00e8ve. Les transporteurs de Tighennif cherchent \u00e0 emp\u00eacher leurs coll\u00e8gues d\u2019Oued El Abtal et Hachem \u00e0 ne pas marquer des arr\u00eats\u00a0 \u00e0 l&rsquo;abattoir et\u00a0 Sidi Kada. Cette situation disait Si Mohamed, nous am\u00e8ne a pos\u00e9 une petite question \u00ab quelqu\u2019un qui vient d\u2019Oued El Abtal ou de Hachem, on le d\u00e9pose au niveau du rond- point de la VSA Si Slimani pour continuer \u00e0 parcourir les deux kilom\u00e8tres\u00a0 restants \u00e0 pieds, alors que le bus prend la d\u00e9viation des poids lourds, et si c\u2019est une femme avec bagages et enfants, qui en assure le risque ? Les transporteurs commencent \u00e0 faire des ailes\u00a0 et se rebellent carr\u00e9ment devant la loi. Or que nul n\u2019est au-dessus de la loi, la direction du transport est le seul d\u00e9cideur et organe habilit\u00e9 \u00e0 prendre la d\u00e9cision qu\u2019elle juge utile, sauf s\u2019il y a anguille sous roche comme on l\u2019entend chuchoter\u00a0\u00a0\u00a0\u00a0\u00a0\u00a0\u00a0\u00a0<\/div>\n<\/div>\n<p>Auteur: B. Boufaden<br \/>\n<a href=\"https:\/\/www.reflexiondz.net\/MASCARA-Fin-de-la-greve-des-transporteurs-prives-a-Tighennif_a66461.html\">Cliquez ici pour lire l&rsquo;article depuis sa source.<\/a><\/p>\n","protected":false},"excerpt":{"rendered":"<p>Apr\u00e8s dix jours de gr\u00e8ve des transporteurs assurant la liaison entre\u00a0 la da\u00efra au chef lieu de la wilaya, semblent avoir trouv\u00e9 un terrain d\u2019entente avec la direction du transport sur le dos de la population de Maoussa.\u00a0 La\u00a0 direction du transport a cherch\u00e9 la solution la plus facile pour \u2018\u2019d\u00e9samorcer\u2019\u2019 cette gr\u00e8ve, en\u00a0 fixant [&hellip;]<\/p>\n","protected":false},"author":1740,"featured_media":0,"comment_status":"closed","ping_status":"closed","sticky":false,"template":"","format":"standard","meta":{"fifu_image_url":"","fifu_image_alt":"","footnotes":""},"categories":[53,76],"tags":[],"class_list":["post-105975","post","type-post","status-publish","format-standard","hentry","category-algerie","category-regions"],"_links":{"self":[{"href":"https:\/\/linitiative.ca\/International\/wp-json\/wp\/v2\/posts\/105975","targetHints":{"allow":["GET"]}}],"collection":[{"href":"https:\/\/linitiative.ca\/International\/wp-json\/wp\/v2\/posts"}],"about":[{"href":"https:\/\/linitiative.ca\/International\/wp-json\/wp\/v2\/types\/post"}],"author":[{"embeddable":true,"href":"https:\/\/linitiative.ca\/International\/wp-json\/wp\/v2\/users\/1740"}],"replies":[{"embeddable":true,"href":"https:\/\/linitiative.ca\/International\/wp-json\/wp\/v2\/comments?post=105975"}],"version-history":[{"count":0,"href":"https:\/\/linitiative.ca\/International\/wp-json\/wp\/v2\/posts\/105975\/revisions"}],"wp:attachment":[{"href":"https:\/\/linitiative.ca\/International\/wp-json\/wp\/v2\/media?parent=105975"}],"wp:term":[{"taxonomy":"category","embeddable":true,"href":"https:\/\/linitiative.ca\/International\/wp-json\/wp\/v2\/categories?post=105975"},{"taxonomy":"post_tag","embeddable":true,"href":"https:\/\/linitiative.ca\/International\/wp-json\/wp\/v2\/tags?post=105975"}],"curies":[{"name":"wp","href":"https:\/\/api.w.org\/{rel}","templated":true}]}}