{"id":105976,"date":"2020-11-28T10:05:00","date_gmt":"2020-11-28T15:05:00","guid":{"rendered":"https:\/\/linitiative.ca\/International\/consommation-denergie-le-gouvernement-determine-a-instaurer-un-modele-durable\/"},"modified":"2020-11-28T10:05:00","modified_gmt":"2020-11-28T15:05:00","slug":"consommation-denergie-le-gouvernement-determine-a-instaurer-un-modele-durable","status":"publish","type":"post","link":"https:\/\/linitiative.ca\/International\/consommation-denergie-le-gouvernement-determine-a-instaurer-un-modele-durable\/","title":{"rendered":"CONSOMMATION D\u2019ENERGIE   : Le gouvernement d\u00e9termin\u00e9 \u00e0 instaurer un mod\u00e8le durable"},"content":{"rendered":"<p><br id=\"sep_para_1\" class=\"sep_para access\"\/><\/p>\n<div id=\"para_1\" class=\"para_39717751 resize\">\n<div class=\"texte access firstletter\">M. Djerad a indiqu\u00e9 dans le rapport du CEREFE, intitul\u00e9 \u00ab\u00a0Transition \u00e9nerg\u00e9tique en Alg\u00e9rie : Le\u00e7ons, \u00e9tat des lieux et perspectives pour un d\u00e9veloppement acc\u00e9l\u00e9r\u00e9 des \u00e9nergies renouvelables\u00a0\u00bb que\u00a0 \u00ab\u00a0Le gouvernement est d\u00e9termin\u00e9 \u00e0 tout mettre en \u0153uvre afin d\u2019instaurer un mod\u00e8le \u00e9nerg\u00e9tique durable, o\u00f9 l\u2019efficacit\u00e9 serait le maitre mot\u00a0\u00bb,\u00a0 Ainsi, \u00ab\u00a0toute action permettant une optimisation accrue de la consommation interne de l\u2019\u00e9nergie, serait encourag\u00e9e au m\u00eame titre que celle pouvant contribuer \u00e0 prolonger la dur\u00e9e de vie de nos r\u00e9serves d\u2019hydrocarbures en diversifiant les moyens de production d\u2019\u00e9nergie alternatives, notamment \u00e0 base de ressources renouvelables\u00a0\u00bb, note le Premier ministre. Les volumes de gaz et p\u00e9trole \u00e9pargn\u00e9s pourraient ouvrir, dans ce cas, de nouvelles perspectives \u00e0 travers un \u00e9largissement effectif des activit\u00e9s p\u00e9trochimiques locales dont les produits finis ont des d\u00e9bouch\u00e9s r\u00e9els sur le march\u00e9 international, devenu trop incertain pour les ressources \u00e9nerg\u00e9tiques primaires \u00e0 l\u2019\u00e9tat brut, selon M. Djerad. Cette reconversion sera conjugu\u00e9e au d\u00e9veloppement des \u00e9nergies renouvelables notamment \u00e0 travers la composante solaire, dont jouissent assez \u00e9quitablement toutes les r\u00e9gions du territoire national, ce qui permettra \u00ab\u00a0d\u2019assurer des revenus plus stables pour le pays qui, pourrait alors mener sereinement sa politique de d\u00e9veloppement, loin de certains al\u00e9as ext\u00e9rieurs\u00a0\u00bb. Le gouvernement encouragera \u00e9galement les activit\u00e9s industrielles li\u00e9es au secteur de l\u2019\u00e9nergie et adapt\u00e9es \u00e0 l\u2019\u00e9chelle des PME\/PMI, cr\u00e9atrices d\u2019emplois et de richesses locales, et ce, dans le cadre d\u2019un \u00ab\u00a0sch\u00e9ma \u00e9tudi\u00e9 au pr\u00e9alable et visant l\u2019att\u00e9nuation des disparit\u00e9s r\u00e9gionales\u00a0\u00bb, soutient le Premier ministre. Le gouvernement s\u2019attend ainsi \u00e0 \u00ab\u00a0des \u00e9conomies notables\u00a0\u00bb sur la consommation int\u00e9rieure d\u2019\u00e9nergie \u00ab\u00a0\u00e0 court terme\u00a0\u00bb dans le transport, notamment \u00e0 travers l\u2019incitation publique \u00e0 un recours plus accru au gaz GPL\/C et GNC, et dans l\u2019habitat, l\u2019industrie, l\u2019\u00e9clairage public, les ressources en eau et l\u2019agriculture. Par ailleurs, le gouvernement s\u2019engage d\u00e8s maintenant \u00e0 asseoir les fondements d\u2019une transition \u00e9nerg\u00e9tique adapt\u00e9e aux sp\u00e9cificit\u00e9s nationales, en mobilisant toutes les potentialit\u00e9s du pays pouvant mener \u00e0 une concr\u00e9tisation r\u00e9elle des objectifs trac\u00e9s, sans oublier l\u2019instauration de m\u00e9canismes d\u2019\u00e9valuation continue et rigoureuse des progr\u00e8s accomplis\u00a0\u00bb, promet M. Djerad. Dans ce cadre, une \u00ab\u00a0grande importance\u00a0\u00bb est accord\u00e9e \u00e0 la formation et la qualification des ressources humaines, la recherche et l\u2019innovation.<\/div>\n<\/div>\n<p>Auteur: Ismain<br \/>\n<a href=\"https:\/\/www.reflexiondz.net\/CONSOMMATION-D-ENERGIE-Le-gouvernement-determine-a-instaurer-un-modele-durable_a66467.html\">Cliquez ici pour lire l&rsquo;article depuis sa source.<\/a><\/p>\n","protected":false},"excerpt":{"rendered":"<p>M. Djerad a indiqu\u00e9 dans le rapport du CEREFE, intitul\u00e9 \u00ab\u00a0Transition \u00e9nerg\u00e9tique en Alg\u00e9rie : Le\u00e7ons, \u00e9tat des lieux et perspectives pour un d\u00e9veloppement acc\u00e9l\u00e9r\u00e9 des \u00e9nergies renouvelables\u00a0\u00bb que\u00a0 \u00ab\u00a0Le gouvernement est d\u00e9termin\u00e9 \u00e0 tout mettre en \u0153uvre afin d\u2019instaurer un mod\u00e8le \u00e9nerg\u00e9tique durable, o\u00f9 l\u2019efficacit\u00e9 serait le maitre mot\u00a0\u00bb,\u00a0 Ainsi, \u00ab\u00a0toute action permettant une [&hellip;]<\/p>\n","protected":false},"author":1740,"featured_media":0,"comment_status":"closed","ping_status":"closed","sticky":false,"template":"","format":"standard","meta":{"fifu_image_url":"","fifu_image_alt":"","footnotes":""},"categories":[53,76],"tags":[],"class_list":["post-105976","post","type-post","status-publish","format-standard","hentry","category-algerie","category-regions"],"_links":{"self":[{"href":"https:\/\/linitiative.ca\/International\/wp-json\/wp\/v2\/posts\/105976","targetHints":{"allow":["GET"]}}],"collection":[{"href":"https:\/\/linitiative.ca\/International\/wp-json\/wp\/v2\/posts"}],"about":[{"href":"https:\/\/linitiative.ca\/International\/wp-json\/wp\/v2\/types\/post"}],"author":[{"embeddable":true,"href":"https:\/\/linitiative.ca\/International\/wp-json\/wp\/v2\/users\/1740"}],"replies":[{"embeddable":true,"href":"https:\/\/linitiative.ca\/International\/wp-json\/wp\/v2\/comments?post=105976"}],"version-history":[{"count":0,"href":"https:\/\/linitiative.ca\/International\/wp-json\/wp\/v2\/posts\/105976\/revisions"}],"wp:attachment":[{"href":"https:\/\/linitiative.ca\/International\/wp-json\/wp\/v2\/media?parent=105976"}],"wp:term":[{"taxonomy":"category","embeddable":true,"href":"https:\/\/linitiative.ca\/International\/wp-json\/wp\/v2\/categories?post=105976"},{"taxonomy":"post_tag","embeddable":true,"href":"https:\/\/linitiative.ca\/International\/wp-json\/wp\/v2\/tags?post=105976"}],"curies":[{"name":"wp","href":"https:\/\/api.w.org\/{rel}","templated":true}]}}