{"id":105983,"date":"2020-11-28T16:12:16","date_gmt":"2020-11-28T21:12:16","guid":{"rendered":"https:\/\/linitiative.ca\/International\/par-maher-ben-ghachem-lolivier-dans-la-neige\/"},"modified":"2020-11-28T16:12:16","modified_gmt":"2020-11-28T21:12:16","slug":"par-maher-ben-ghachem-lolivier-dans-la-neige","status":"publish","type":"post","link":"https:\/\/linitiative.ca\/International\/par-maher-ben-ghachem-lolivier-dans-la-neige\/","title":{"rendered":"Par Maher Ben Ghachem\u00a0: L\u2019olivier dans la neige"},"content":{"rendered":"<div class=\"post-cont-in left relative\">\n<div id=\"post-info-wrap\" class=\"left relative post-info-out\">\n<div class=\"post-info-img left relative\"><img loading=\"lazy\" decoding=\"async\" alt=\"\" src=\"https:\/\/secure.gravatar.com\/avatar\/681b972f602e42207cdd1b6ee405702a?s=50&amp;d=mm&amp;r=g\" srcset=\"https:\/\/secure.gravatar.com\/avatar\/681b972f602e42207cdd1b6ee405702a?s=100&amp;d=mm&amp;r=g 2x\" class=\"avatar avatar-50 photo\" height=\"50\" width=\"50\"\/><\/div>\n<div class=\"post-info-in\">\n<div class=\"post-info-right left relative post-info-name left relative\"><span itemprop=\"author\" itemscope=\"\" itemtype=\"https:\/\/schema.org\/Person\"><span class=\"post-info-text\">Par<\/span> <span class=\"author-name vcard fn author\" itemprop=\"name\"><a href=\"https:\/\/www.tunisienumerique.com\/author\/tunisienumerique\/\" title=\"Articles par Tunisie Num&#xE9;rique\" rel=\"author\">Tunisie Num\u00e9rique<\/a><\/span><\/span> <span class=\"post-date updated\"><time class=\"post-date updated\" itemprop=\"datePublished\" datetime=\"2020-11-28\">\u00a0| Il y a 1 heure<\/time><\/span><\/div>\n<div class=\"left relative\"><button id=\"listenButton1\" class=\"responsivevoice-button\" type=\"button\" value=\"Play\" title=\"&#xC9;coutez l'article\"><span>\ud83d\udd0a \u00c9coutez l&rsquo;article<\/span><\/button> <\/div>\n<\/div>\n<\/div>\n<p>Je viens de finir le livre \u00ab l\u2019Olivier dans la neige \u00bb , Apollonia \u00c9ditions, \u00e9crit par mon ami Habib Fekih, dipl\u00f4m\u00e9 des grandes \u00e9coles d\u2019ing\u00e9nieur, grande personnalit\u00e9 du grand groupe a\u00e9ronautique europ\u00e9en Airbus o\u00f9 il a apport\u00e9 sa propre pierre face \u00e0 l\u2019ogre Boeing. Le titre peut d\u00e9j\u00e0 interpeller : tr\u00e8s vite on comprendra qu\u2019il s\u2019agit des racines sah\u00e9liennes repr\u00e9sent\u00e9es par l\u2019Olivier qui se trouvera dans les neiges de la France \u00e0 travers l\u2019engagement militaire du sujet.<\/p>\n<div class=\"code-block code-block-1 c4\"><ins class=\"adsbygoogle c3\" data-ad-layout=\"in-article\" data-ad-format=\"fluid\" data-ad-client=\"ca-pub-2102118777505746\" data-ad-slot=\"7301775417\"\/> <\/div>\n<p>On retrouve dans ce livre toute l\u2019intelligence, la perspicacit\u00e9 de Habib qui , \u00e0 la suite d\u2019une investigation longue (plus de six ans ) et difficile (allant jusqu\u2019\u00e0 fouiller dans les archives fran\u00e7aises), a su relater de fa\u00e7on romanc\u00e9e , une chronique familiale et surtout l\u2019histoire passionnante de son p\u00e8re, Mahmoud Fekih, dans ses moindres d\u00e9tails.<\/p>\n<p>Dans cette famille de tradition militaire et originaire de la ville sah\u00e9lienne de Mazdour , Habib nous raconte le chemin de croix d\u2019un p\u00e8re qui a eu maille \u00e0 partir avec sa belle m\u00e8re et qui a du tr\u00e8s vite apprendre \u00e0 \u00eatre autonome surtout apr\u00e8s son renvoi injuste du lyc\u00e9e , ce qui a boost\u00e9 en lui son patriotisme pour combattre encore plus la colonisation fran\u00e7aise. Renvoy\u00e9 du lyc\u00e9e, Il embrassa lui aussi, \u00e0 son c\u0153ur d\u00e9fendant, la carri\u00e8re militaire pour subvenir \u00e0 ses besoins et \u00e0 ceux de sa famille. Le teint clair et les yeux bleus, venus de leurs origines slaves, att\u00e9nuaient un tant soit peu le d\u00e9lit de faci\u00e8s dont il pouvait \u00eatre victime par l\u2019occupant.<\/p>\n<p>Dans cette famille les liens avec la France \u00e9taient \u00e9troits marqu\u00e9s par le grand p\u00e8re de Habib, Amor Fekih , qui \u00e9tait officier des terres domaniales , en tr\u00e8s bon termes avec l\u2019officier fran\u00e7ais de sa zone, avant que ne se d\u00e9veloppe , sous la houlette de Bourguiba, le mouvement pour l\u2019ind\u00e9pendance qui entra\u00eena la famille Fekih dans la lutte contre l\u2019occupant. Ceci ne l\u2019emp\u00eacha pas de rester fid\u00e8le \u00e0 la France et de ne pas \u00eatre tent\u00e9 de rejoindre le camp des nazis. Il se rebiffa souvent pour d\u00e9noncer le comportement des fran\u00e7ais qui ne se g\u00eanaient pas de se servir de milliers tunisiens comme chair \u00e0 canon durant la deuxi\u00e8me guerre mondiale. Apr\u00e8s l\u2019armistice il se retrouve aux c\u00f4t\u00e9s des fran\u00e7ais au Vietnam o\u00f9 il s\u2019assigne une mission de contribution pour la paix et de protection de la population civile. Son unit\u00e9 est relev\u00e9e en 1949 avant la fin de la guerre au Vietnam qui va se durcir avec l\u2019engagement des am\u00e9ricains d\u2019un c\u00f4t\u00e9 et des chinois de l\u2019autre.<\/p>\n<p>D\u00e9\u00e7u de ne pas b\u00e9n\u00e9ficier d\u2019une promotion \u00e0 un grade sup\u00e9rieure car elle \u00e9tait li\u00e9e \u00e0 un engagement de retourner en Indochine, il quitte l\u2019arm\u00e9e fran\u00e7aise en 1952 apr\u00e8s de bons et loyaux services. A quelque chose malheur est bon, Mahmoud Fekih int\u00e8gre la gendarmerie fran\u00e7aise en 1952 mais il soutient les fellaghas. Sa participation \u00e0 la r\u00e9sistance lui ouvre les portes de la cr\u00e9ation de la Garde Nationale Tunisienne avec la b\u00e9n\u00e9diction de Bourguiba qui en 1933 lui avait d\u00e9j\u00e0 dit qu\u2019il pouvait servir son pays dans n\u2019importe qu\u2019elle position. Bourguiba lui a dit aussi en 1958 : tu \u00e9tais dans l\u2019arm\u00e9e fran\u00e7aise mais tu n\u2019as pas port\u00e9 le k\u00e9pi, tu as port\u00e9 le Tarbouch\u2026<\/p>\n<p>Cette famille a r\u00e9ussi \u00e0 concilier les bonnes relations avec la France en p\u00e9riode beylicale tranquille sans jamais tourner le dos au mouvement de lib\u00e9ration du pays quand il fallait le faire. Durant cette lecture on peut appr\u00e9cier le format du livre , maniable, par lourd pour \u00eatre tenu d\u2019une main et pouvoir le lire facilement. \u00c9crire l\u2019histoire de son p\u00e8re et par del\u00e0 celle de toute une famille dans ses moindres d\u00e9tails n\u2019est pas une mince affaire.<\/p>\n<p>Le d\u00e9roulement de la pens\u00e9e est fluide, agr\u00e9able \u00e0 suivre et ce livre constitue un exemple \u00e0 suivre pour ceux qui veulent maintenir en vie l\u2019histoire de leurs g\u00e9n\u00e9rations ascendantes. Des familles tunisiennes comme celle des Fekih, il en existe plusieurs, et le m\u00e9rite de Habib est d\u2019avoir couch\u00e9 sur papier celle de sa famille . Bravo\u00a0!<\/p>\n<p><em>Maher Ben Ghachem \u2013 Ancien Professeur de M\u00e9decine \u2013 Ancien Interne des H\u00f4pitaux de Paris.<\/em><\/p>\n<div class=\"swp_social_panel swp_horizontal_panel swp_flat_fresh swp_default_full_color swp_individual_full_color swp_other_full_color scale-100 scale-\" data-min-width=\"1100\" data-float-color=\"#ffffff\" data-float=\"bottom\" data-float-mobile=\"bottom\" data-transition=\"slide\">\n<div class=\"nc_tweetContainer swp_share_button total_shares total_sharesalt\"><span class=\"swp_count\">1 <span class=\"swp_label\">Partages<\/span><\/span><\/div>\n<\/div>\n<p><strong>Que se passe-t-il en Tunisie?<\/strong><br \/>Nous expliquons sur notre <a href=\"https:\/\/www.youtube.com\/channel\/UCRzypVq0B_yBad5eGrwBx0Q?sub_confirmation=1\" target=\"_blank\" rel=\"noopener noreferrer\">cha\u00eene YouTube<\/a> . <a href=\"https:\/\/www.youtube.com\/channel\/UCRzypVq0B_yBad5eGrwBx0Q?sub_confirmation=1\" target=\"_blank\" rel=\"noopener noreferrer\">Abonnez-vous!<\/a><\/p>\n<div class=\"mvp-org-wrap mvp-org-logo\" itemprop=\"publisher\" itemscope=\"\" itemtype=\"https:\/\/schema.org\/Organization\"><img decoding=\"async\" src=\"https:\/\/www.tunisienumerique.com\/wp-content\/uploads\/2017\/02\/logo_tunisie_numerique.png\"\/><\/div>\n<div class=\"mvp-related-posts left relative\">\n<h4 class=\"post-header\"><span class=\"post-header\">Lire aussi<\/span><\/h4>\n<\/div>\n<div id=\"article-ad\"><ins class=\"adsbygoogle c5\" data-ad-client=\"ca-pub-2102118777505746\" data-ad-slot=\"6513972734\" data-ad-format=\"auto\" data-full-width-responsive=\"true\"\/> <\/div>\n<\/div>\n<div id=\"post-sidebar-wrap\"><ins class=\"adsbygoogle c5\" data-ad-client=\"ca-pub-2102118777505746\" data-ad-slot=\"6168283410\" data-ad-format=\"auto\" data-full-width-responsive=\"true\"\/> <\/div>\n<p>Auteur: Tunisie Num\u00e9rique<br \/>\n<a href=\"https:\/\/www.tunisienumerique.com\/par-maher-ben-ghachem-lolivier-dans-la-neige\/\">Cliquez ici pour lire l&rsquo;article depuis sa source.<\/a><\/p>\n","protected":false},"excerpt":{"rendered":"<p>Par Tunisie Num\u00e9rique \u00a0| Il y a 1 heure \ud83d\udd0a \u00c9coutez l&rsquo;article Je viens de finir le livre \u00ab l\u2019Olivier dans la neige \u00bb , Apollonia \u00c9ditions, \u00e9crit par mon ami Habib Fekih, dipl\u00f4m\u00e9 des grandes \u00e9coles d\u2019ing\u00e9nieur, grande personnalit\u00e9 du grand groupe a\u00e9ronautique europ\u00e9en Airbus o\u00f9 il a apport\u00e9 sa propre pierre face \u00e0 [&hellip;]<\/p>\n","protected":false},"author":1789,"featured_media":0,"comment_status":"closed","ping_status":"closed","sticky":false,"template":"","format":"standard","meta":{"fifu_image_url":"https:\/\/secure.gravatar.com\/avatar\/681b972f602e42207cdd1b6ee405702a?s=50&d=mm&r=g","fifu_image_alt":"Par Maher Ben Ghachem\u00a0: L\u2019olivier dans la neige","footnotes":""},"categories":[73,55],"tags":[],"class_list":["post-105983","post","type-post","status-publish","format-standard","hentry","category-actualite","category-tunisie"],"_links":{"self":[{"href":"https:\/\/linitiative.ca\/International\/wp-json\/wp\/v2\/posts\/105983","targetHints":{"allow":["GET"]}}],"collection":[{"href":"https:\/\/linitiative.ca\/International\/wp-json\/wp\/v2\/posts"}],"about":[{"href":"https:\/\/linitiative.ca\/International\/wp-json\/wp\/v2\/types\/post"}],"author":[{"embeddable":true,"href":"https:\/\/linitiative.ca\/International\/wp-json\/wp\/v2\/users\/1789"}],"replies":[{"embeddable":true,"href":"https:\/\/linitiative.ca\/International\/wp-json\/wp\/v2\/comments?post=105983"}],"version-history":[{"count":0,"href":"https:\/\/linitiative.ca\/International\/wp-json\/wp\/v2\/posts\/105983\/revisions"}],"wp:attachment":[{"href":"https:\/\/linitiative.ca\/International\/wp-json\/wp\/v2\/media?parent=105983"}],"wp:term":[{"taxonomy":"category","embeddable":true,"href":"https:\/\/linitiative.ca\/International\/wp-json\/wp\/v2\/categories?post=105983"},{"taxonomy":"post_tag","embeddable":true,"href":"https:\/\/linitiative.ca\/International\/wp-json\/wp\/v2\/tags?post=105983"}],"curies":[{"name":"wp","href":"https:\/\/api.w.org\/{rel}","templated":true}]}}