{"id":105986,"date":"2020-11-28T16:58:26","date_gmt":"2020-11-28T21:58:26","guid":{"rendered":"https:\/\/linitiative.ca\/International\/tunisie-et-pendant-ce-temps-le-pays-part-en-miettes\/"},"modified":"2020-11-28T16:58:26","modified_gmt":"2020-11-28T21:58:26","slug":"tunisie-et-pendant-ce-temps-le-pays-part-en-miettes","status":"publish","type":"post","link":"https:\/\/linitiative.ca\/International\/tunisie-et-pendant-ce-temps-le-pays-part-en-miettes\/","title":{"rendered":"Tunisie \u2013 Et pendant ce temps\u2026 Le pays part en miettes\u00a0!"},"content":{"rendered":"<div class=\"post-cont-in left relative\">\n<div id=\"post-info-wrap\" class=\"left relative post-info-out\">\n<div class=\"post-info-img left relative\"><img loading=\"lazy\" decoding=\"async\" alt=\"\" src=\"https:\/\/secure.gravatar.com\/avatar\/047123be9d5e8513774383916ee72db2?s=50&amp;d=mm&amp;r=g\" srcset=\"https:\/\/secure.gravatar.com\/avatar\/047123be9d5e8513774383916ee72db2?s=100&amp;d=mm&amp;r=g 2x\" class=\"avatar avatar-50 photo\" height=\"50\" width=\"50\"\/><\/div>\n<div class=\"post-info-in\">\n<div class=\"post-info-right left relative post-info-name left relative\"><span itemprop=\"author\" itemscope=\"\" itemtype=\"https:\/\/schema.org\/Person\"><span class=\"post-info-text\">Par<\/span> <span class=\"author-name vcard fn author\" itemprop=\"name\"><a href=\"https:\/\/www.tunisienumerique.com\/author\/lm\/\" title=\"Articles par LM\" rel=\"author\">LM<\/a><\/span><\/span> <span class=\"post-date updated\"><time class=\"post-date updated\" itemprop=\"datePublished\" datetime=\"2020-11-28\">\u00a0| Il y a 15 secondes<\/time><\/span><\/div>\n<div class=\"left relative\"><button id=\"listenButton1\" class=\"responsivevoice-button\" type=\"button\" value=\"Play\" title=\"&#xC9;coutez l'article\"><span>\ud83d\udd0a \u00c9coutez l&rsquo;article<\/span><\/button> <\/div>\n<\/div>\n<\/div>\n<p>Toutes les r\u00e9gions de la Tunisie sont secou\u00e9es par des soubresauts \u00e0 cause des sit-ins et autres manifestations qui bloquent autant de sites vitaux de production. Ce qui a entrain\u00e9 des p\u00e9nuries de tout genre, ainsi qu\u2019un \u00e9norme manque \u00e0 gagner, pour le pays, notamment en cette p\u00e9riode de crise o\u00f9 tout dollar a son importance. Sans oublier, bien s\u00fbr, certains \u00e9lus qui se sont pris dans leur jeu, et ont, vraiment, cru qu\u2019ils \u00e9taient les seuls maitres \u00e0 bord dans leurs communes, au point que l\u2019un d\u2019eux a refus\u00e9 de se plier aux mesures de confinement dict\u00e9es par la commission anti covid, et que l\u2019autre n\u2019a pas h\u00e9sit\u00e9 \u00e0 signer une d\u00e9cision municipale pour interdire le passage des convois de phosphate par les routes de sa commune, ou, alors cet autre \u00e9lu qui a averti le pr\u00e9sident de la R\u00e9publique qu\u2019il lui refusait le passage \u00e0 travers sa commune, sans sa permission\u2026<\/p>\n<div class=\"code-block code-block-1 c4\"><ins class=\"adsbygoogle c3\" data-ad-layout=\"in-article\" data-ad-format=\"fluid\" data-ad-client=\"ca-pub-2102118777505746\" data-ad-slot=\"7301775417\"\/> <\/div>\n<p>En plus du fait que ces protestations privent la Tunisie et les tunisiens de pr\u00e9cieuses ressources, elles sont en train de diviser les tunisiens en deux clans. Ceux qui protestent et ceux qui subissent les retomb\u00e9es de ces protestations.<\/p>\n<p>Ces protestations vont, \u00e0 ce rythme, et si l\u2019inaction et l\u2019absence de l\u2019Etat se poursuit, mettre dos \u00e0 dos les tunisiens et les emmener \u00e0 se battre entre eux\u2026<\/p>\n<p>Tout le pays retient son souffle, en esp\u00e9rant, dans les plus brefs d\u00e9lais, une r\u00e9action de l\u2019Etat, pour r\u00e9tablir l\u2019ordre des choses et remettre la machine en branle, Sinon, les risques de d\u00e9rapages deviendront incalculables, vu l\u2019\u00e9tat d\u2019exasp\u00e9ration et de ras le bol qui devient \u00e9touffant.<\/p>\n<p>Mais, il est \u00e0 d\u00e9plorer que l\u2019Etat, en l\u2019occurrence, le gouvernement, ne semble pas, du tout, inqui\u00e9t\u00e9 par ce mal \u00eatre g\u00e9n\u00e9ral. On dirait qu\u2019il est en train de pousser vers le pourrissement de la situation, sans oublier, d\u00e9j\u00e0, le fait qu\u2019il a \u00e9t\u00e9 en cause de cet \u00e9tat en faisant des concessions sans pr\u00e9c\u00e9dant sur le dossier d\u2019Al Kamour, ce qui a donn\u00e9 des ailes aux m\u00e9contents de tous bords.<\/p>\n<p>Mais l\u2019inaction et l\u2019indiff\u00e9rence affich\u00e9es par l\u2019Etat, devant cet \u00e9tat de pourrissement est d\u2019autant plus grave que cette attitude n\u2019a aucune raison valable. Puisque le gouvernement ne pourrait, m\u00eame, pas se d\u00e9fendre en annon\u00e7ant qu\u2019il a d\u2019autres choses \u00e0 faire et d\u2019autres dossiers \u00e0 traiter en urgence, vu que de nombreux ministres, depuis leur prise de fonction, n\u2019ont rien r\u00e9alis\u00e9, au point que certains d\u2019entre eux sont, compl\u00e8tement, inconnus pour les tunisiens. Au point qu\u2019il est quasiment sur que la majorit\u00e9 des tunisiens ne sauraient nommer certains ministres, ni donner un visage \u00e0 ces postes.<\/p>\n<p>Au total, et apr\u00e8s plus de deux mois de fonctions, les ministres du gouvernement \u00ab\u00a0de comp\u00e9tences\u00a0\u00bb n\u2019a rien entrepris de notable, sauf, peut-\u00eatre, le simulacre de PLF pr\u00e9par\u00e9 par le ministre de l\u2019\u00e9conomie\u2026 Et encore\u00a0! Car ce projet n\u2019a rien de brillant, au point que le chef du gouvernement va devoir cravacher fort pour le faire passer, pour pouvoir, enfin, passer \u00e0 autre chose\u00a0!<\/p>\n<div class=\"swp_social_panel swp_horizontal_panel swp_flat_fresh swp_default_full_color swp_individual_full_color swp_other_full_color scale-100 scale-\" data-min-width=\"1100\" data-float-color=\"#ffffff\" data-float=\"bottom\" data-float-mobile=\"bottom\" data-transition=\"slide\">\n<div class=\"nc_tweetContainer swp_share_button total_shares total_sharesalt\"><span class=\"swp_count\">0 <span class=\"swp_label\">Partages<\/span><\/span><\/div>\n<\/div>\n<p><strong>Que se passe-t-il en Tunisie?<\/strong><br \/>Nous expliquons sur notre <a href=\"https:\/\/www.youtube.com\/channel\/UCRzypVq0B_yBad5eGrwBx0Q?sub_confirmation=1\" target=\"_blank\" rel=\"noopener noreferrer\">cha\u00eene YouTube<\/a> . <a href=\"https:\/\/www.youtube.com\/channel\/UCRzypVq0B_yBad5eGrwBx0Q?sub_confirmation=1\" target=\"_blank\" rel=\"noopener noreferrer\">Abonnez-vous!<\/a><\/p>\n<div class=\"mvp-org-wrap mvp-org-logo\" itemprop=\"publisher\" itemscope=\"\" itemtype=\"https:\/\/schema.org\/Organization\"><img decoding=\"async\" src=\"https:\/\/www.tunisienumerique.com\/wp-content\/uploads\/2017\/02\/logo_tunisie_numerique.png\"\/><\/div>\n<div class=\"mvp-related-posts left relative\">\n<h4 class=\"post-header\"><span class=\"post-header\">Lire aussi<\/span><\/h4>\n<\/div>\n<div id=\"article-ad\"><ins class=\"adsbygoogle c5\" data-ad-client=\"ca-pub-2102118777505746\" data-ad-slot=\"6513972734\" data-ad-format=\"auto\" data-full-width-responsive=\"true\"\/> <\/div>\n<\/div>\n<div id=\"post-sidebar-wrap\"><ins class=\"adsbygoogle c5\" data-ad-client=\"ca-pub-2102118777505746\" data-ad-slot=\"6168283410\" data-ad-format=\"auto\" data-full-width-responsive=\"true\"\/> <\/div>\n<p>Auteur: LM<br \/>\n<a href=\"https:\/\/www.tunisienumerique.com\/tunisie-et-pendant-ce-temps-le-pays-part-en-miettes\/\">Cliquez ici pour lire l&rsquo;article depuis sa source.<\/a><\/p>\n","protected":false},"excerpt":{"rendered":"<p>Par LM \u00a0| Il y a 15 secondes \ud83d\udd0a \u00c9coutez l&rsquo;article Toutes les r\u00e9gions de la Tunisie sont secou\u00e9es par des soubresauts \u00e0 cause des sit-ins et autres manifestations qui bloquent autant de sites vitaux de production. Ce qui a entrain\u00e9 des p\u00e9nuries de tout genre, ainsi qu\u2019un \u00e9norme manque \u00e0 gagner, pour le pays, [&hellip;]<\/p>\n","protected":false},"author":1789,"featured_media":0,"comment_status":"closed","ping_status":"closed","sticky":false,"template":"","format":"standard","meta":{"fifu_image_url":"https:\/\/secure.gravatar.com\/avatar\/047123be9d5e8513774383916ee72db2?s=50&d=mm&r=g","fifu_image_alt":"Tunisie \u2013 Et pendant ce temps\u2026 Le pays part en miettes\u00a0!","footnotes":""},"categories":[73,55],"tags":[],"class_list":["post-105986","post","type-post","status-publish","format-standard","hentry","category-actualite","category-tunisie"],"_links":{"self":[{"href":"https:\/\/linitiative.ca\/International\/wp-json\/wp\/v2\/posts\/105986","targetHints":{"allow":["GET"]}}],"collection":[{"href":"https:\/\/linitiative.ca\/International\/wp-json\/wp\/v2\/posts"}],"about":[{"href":"https:\/\/linitiative.ca\/International\/wp-json\/wp\/v2\/types\/post"}],"author":[{"embeddable":true,"href":"https:\/\/linitiative.ca\/International\/wp-json\/wp\/v2\/users\/1789"}],"replies":[{"embeddable":true,"href":"https:\/\/linitiative.ca\/International\/wp-json\/wp\/v2\/comments?post=105986"}],"version-history":[{"count":0,"href":"https:\/\/linitiative.ca\/International\/wp-json\/wp\/v2\/posts\/105986\/revisions"}],"wp:attachment":[{"href":"https:\/\/linitiative.ca\/International\/wp-json\/wp\/v2\/media?parent=105986"}],"wp:term":[{"taxonomy":"category","embeddable":true,"href":"https:\/\/linitiative.ca\/International\/wp-json\/wp\/v2\/categories?post=105986"},{"taxonomy":"post_tag","embeddable":true,"href":"https:\/\/linitiative.ca\/International\/wp-json\/wp\/v2\/tags?post=105986"}],"curies":[{"name":"wp","href":"https:\/\/api.w.org\/{rel}","templated":true}]}}