{"id":105990,"date":"2020-11-28T13:18:02","date_gmt":"2020-11-28T18:18:02","guid":{"rendered":"https:\/\/linitiative.ca\/International\/des-parents-deleves-annoncent-une-campagne-pour-promouvoir-lassurance-scolaire-en-cote-divoire\/"},"modified":"2020-11-28T13:18:02","modified_gmt":"2020-11-28T18:18:02","slug":"des-parents-deleves-annoncent-une-campagne-pour-promouvoir-lassurance-scolaire-en-cote-divoire","status":"publish","type":"post","link":"https:\/\/linitiative.ca\/International\/des-parents-deleves-annoncent-une-campagne-pour-promouvoir-lassurance-scolaire-en-cote-divoire\/","title":{"rendered":"Des parents d\u2019\u00e9l\u00e8ves annoncent une campagne pour promouvoir l\u2019assurance scolaire en C\u00f4te d\u2019Ivoire"},"content":{"rendered":"<div readability=\"32\">\n<p>Publi\u00e9 le 28.11.2020 \u00e0 19h18 par APA News<\/p>\n<\/div>\n<div readability=\"78\">\n<p>Le Conseil national des parents d\u2019\u00e9l\u00e8ves de l\u2019enseignement priv\u00e9 la\u00efc de C\u00f4te d\u2019Ivoire (CNAPEL), une association qui a d\u00e9voil\u00e9, samedi \u00e0 Abidjan, sa matrice d\u2019actions 2020-2021, a annonc\u00e9 une campagne de sensibilisation pour promouvoir l\u2019assurance scolaire dans toutes les \u00e9coles en C\u00f4te d\u2019 Ivoire.\u00ab Nous nous invitons les fondateurs d\u2019\u00e9coles \u00e0 ins\u00e9rer dans les frais d\u2019inscriptions, les frais de l\u2019assurance scolaire. Que \u00e7a soit automatique. Nous allons mener une campagne de sensibilisation dont le lancement est pr\u00e9vu \u00e0 Daloa le 04 d\u00e9cembre prochain et apr\u00e8s \u00e7a il y aura une tourn\u00e9e de sensibilisation dans toutes le \u00e9coles \u00bb, a indiqu\u00e9 Emmanuel Yapi S\u00e9ka, le pr\u00e9sident du CNAPEL lors d\u2019une r\u00e9union dite de rentr\u00e9e scolaire 2020-2021.<\/p>\n<p>\u00a0\u00ab L\u2019assurance scolaire a toujours exist\u00e9. Et c\u2019est d\u2019ailleurs l\u2019\u00e9l\u00e9ment fondamental dans l\u2019\u00e9ducation. Un enfant qui se d\u00e9place de la maison \u00e0 l\u2019\u00e9cole, sur le chemin, il y a beaucoup de risques. Donc apr\u00e8s l\u2019inscription de l\u2019enfant, prioritairement devait venir l\u2019assurance scolaire\u00bb, a estim\u00e9 M. Yapi.<\/p>\n<p>\u00c9num\u00e9rant les autres points saillants de la matrice d\u2019actions de son organisation, le pr\u00e9sident du CNAPEL a cit\u00e9 plusieurs actions dont la sensibilisation des parents \u00e0 jouer pleinement leur partition dans l\u2019\u00e9ducation de leurs enfants.\u00a0<\/p>\n<p>\u00abNous allons travailler sur la sensibilisation des parents d\u2019\u00e9l\u00e8ves relativement aux fl\u00e9aux qui minent le secteur. Nous allons mettre un point d\u2019honneur sur tout ce qui est discipline et rigueur \u00e0 l\u2019\u00e9cole\u00bb, a, entre autres fait savoir M. Yapi.<\/p>\n<p>Avant lui, Mme Augustine Bro, la porte-parole des fondateurs d\u2019\u00e9tablissements scolaires priv\u00e9s a dit l\u2019engagement de ses pairs \u00e0 \u0153uvrer pour la r\u00e9ussite des \u00e9l\u00e8ves de leurs \u00e9tablissements respectifs.<\/p>\n<p>\u00a0\u00ab Le CNAPEL est pour nous un alli\u00e9 incontestable. Nous restons donc tr\u00e8s disponible pour une \u00e9troite collaboration\u00bb, a assur\u00e9 Mme Bro.<\/p>\n<p>Le CNAPEL est association regroupant des parents d\u2019\u00e9l\u00e8ves de l\u2019enseignement priv\u00e9 la\u00efc de C\u00f4te d\u2019Ivoire. Cette organisation, qui entend promouvoir le m\u00e9rite et la discipline en milieu scolaire, veut contribuer aux c\u00f4t\u00e9s de l\u2019Etat au rayonnement de l\u2019\u00e9cole ivoirienne.<\/p>\n<\/div>\n<p>Auteur: APA News<br \/>\n<a href=\"https:\/\/www.journalducameroun.com\/des-parents-deleves-annoncent-une-campagne-pour-promouvoir-lassurance-scolaire-en-cote-divoire\/\">Cliquez ici pour lire l&rsquo;article depuis sa source.<\/a><\/p>\n","protected":false},"excerpt":{"rendered":"<p>Publi\u00e9 le 28.11.2020 \u00e0 19h18 par APA News Le Conseil national des parents d\u2019\u00e9l\u00e8ves de l\u2019enseignement priv\u00e9 la\u00efc de C\u00f4te d\u2019Ivoire (CNAPEL), une association qui a d\u00e9voil\u00e9, samedi \u00e0 Abidjan, sa matrice d\u2019actions 2020-2021, a annonc\u00e9 une campagne de sensibilisation pour promouvoir l\u2019assurance scolaire dans toutes les \u00e9coles en C\u00f4te d\u2019 Ivoire.\u00ab Nous nous invitons [&hellip;]<\/p>\n","protected":false},"author":1965,"featured_media":0,"comment_status":"closed","ping_status":"closed","sticky":false,"template":"","format":"standard","meta":{"fifu_image_url":"","fifu_image_alt":"","footnotes":""},"categories":[73,82],"tags":[],"class_list":["post-105990","post","type-post","status-publish","format-standard","hentry","category-actualite","category-cameroun"],"_links":{"self":[{"href":"https:\/\/linitiative.ca\/International\/wp-json\/wp\/v2\/posts\/105990","targetHints":{"allow":["GET"]}}],"collection":[{"href":"https:\/\/linitiative.ca\/International\/wp-json\/wp\/v2\/posts"}],"about":[{"href":"https:\/\/linitiative.ca\/International\/wp-json\/wp\/v2\/types\/post"}],"author":[{"embeddable":true,"href":"https:\/\/linitiative.ca\/International\/wp-json\/wp\/v2\/users\/1965"}],"replies":[{"embeddable":true,"href":"https:\/\/linitiative.ca\/International\/wp-json\/wp\/v2\/comments?post=105990"}],"version-history":[{"count":0,"href":"https:\/\/linitiative.ca\/International\/wp-json\/wp\/v2\/posts\/105990\/revisions"}],"wp:attachment":[{"href":"https:\/\/linitiative.ca\/International\/wp-json\/wp\/v2\/media?parent=105990"}],"wp:term":[{"taxonomy":"category","embeddable":true,"href":"https:\/\/linitiative.ca\/International\/wp-json\/wp\/v2\/categories?post=105990"},{"taxonomy":"post_tag","embeddable":true,"href":"https:\/\/linitiative.ca\/International\/wp-json\/wp\/v2\/tags?post=105990"}],"curies":[{"name":"wp","href":"https:\/\/api.w.org\/{rel}","templated":true}]}}