{"id":105991,"date":"2020-11-28T15:18:02","date_gmt":"2020-11-28T20:18:02","guid":{"rendered":"https:\/\/linitiative.ca\/International\/priere-oecumenique-des-femmes-du-grand-abidjan-pour-la-paix-en-cote-divoire\/"},"modified":"2020-11-28T15:18:02","modified_gmt":"2020-11-28T20:18:02","slug":"priere-oecumenique-des-femmes-du-grand-abidjan-pour-la-paix-en-cote-divoire","status":"publish","type":"post","link":"https:\/\/linitiative.ca\/International\/priere-oecumenique-des-femmes-du-grand-abidjan-pour-la-paix-en-cote-divoire\/","title":{"rendered":"Pri\u00e8re oecum\u00e9nique des femmes du Grand Abidjan pour la paix en C\u00f4te d\u2019Ivoire"},"content":{"rendered":"<div readability=\"32\">\n<p>Publi\u00e9 le 28.11.2020 \u00e0 21h18 par APA News<\/p>\n<\/div>\n<div readability=\"147\">\n<p>Des centaines de femmes du Grand Abidjan, issues de diff\u00e9rentes religions, ont pri\u00e9 samedi pour la paix en C\u00f4te d\u2019Ivoire, et salu\u00e9 le t\u00eate-\u00e0-t\u00eate entre Alassane Ouattara et Henri Konan B\u00e9di\u00e9 qui a baiss\u00e9 la tension socio-politique apr\u00e8s la pr\u00e9sidentielle du 31 octobre 2020 \u00e9tait \u00e9maill\u00e9e de violences.\u00a0\u00bbNous estimons que le Tout-puissant a op\u00e9r\u00e9 pour nous un miracle, le fait que MM. Ouattara et B\u00e9di\u00e9 aient accept\u00e9 de se retrouver, de laisser tomber chacun leur \u00e9go pour se parler\u00a0\u00bb, a d\u00e9clar\u00e9 \u00e0 la presse la pr\u00e9sidente du Comit\u00e9 d\u2019organisation, Mme Faber Ma\u00efmouna Kon\u00e9.<\/p>\n<p>Selon elle, depuis le 11 novembre 2020, date de leur rencontre, \u00ab\u00a0on a plus entendu parler de tueries, de destruction de biens publics et priv\u00e9s\u00a0\u00bb. Et, si Dieu n\u2019avait pas op\u00e9r\u00e9 ce miracle pour la C\u00f4te d\u2019Ivoire \u00ab\u00a0on ne sait pas o\u00f9 chacun serait aujourd\u2019hui\u00a0\u00bb.<\/p>\n<p>Cette rencontre, qui a eu lieu \u00e0 l\u2019espace Canal au bois de Treichville, dans le Sud d\u2019Abidjan, \u00a0insistera-t-elle, vise \u00e0 \u00a0\u00ab\u00a0dire merci au Tout-puissant, \u00e0 l\u2019invoquer et le glorifier \u00e0 travers cette pri\u00e8re oecum\u00e9nique\u00a0\u00bb et encourager ces leaders politiques \u00ab\u00a0\u00e0 tout faire pour que \u00e7a ne rechute pas\u00a0\u00bb.<\/p>\n<p>Elle a souhait\u00e9 qu\u2019ils \u00ab\u00a0ne reculent plus\u00a0\u00bb et fassent tout pour garder le cap, car on doit aller de l\u2019avant qu\u2019elle que soit la situation; parce que \u00ab\u00a0la haine a \u00e9t\u00e9 cr\u00e9\u00e9 de toute pi\u00e8ce par la politique\u00a0\u00bb, rendant les coeurs insensibles \u00e0 la mort en cette p\u00e9riode \u00e9lectorale.<\/p>\n<p>Le ministre ivoirien de l\u2019Enseignement sup\u00e9rieur et de la recherche scientifique, Adama Diawara, parrain de cette pri\u00e8re oecum\u00e9nique, a f\u00e9licit\u00e9 les organisatrices pour cette initiative qui a regroup\u00e9 des femmes de diverses religions et partis politiques pour prier en faveur de la paix en C\u00f4te d\u2019Ivoire.<\/p>\n<p>\u00ab\u00a0Apr\u00e8s ces pri\u00e8res, je pense que chacun jouera sa partition pour que le pays demeure en paix\u00a0\u00bb, a-t-il lanc\u00e9 tout en rappelant qu\u2019\u00e0 la suite de la mort de F\u00e9lix Houphou\u00ebt-Boigny, le premier chef d\u2019Etat, la C\u00f4te d\u2019Ivoire a connu une succession de crises. C\u2019est pourquoi la paix devrait \u00eatre pr\u00e9serv\u00e9e.<\/p>\n<p>Dans l\u2019histoire du pays, l\u2019on enregistre deux crises majeures, notamment la r\u00e9bellion de 2002 qui a divis\u00e9 la C\u00f4te d\u2019Ivoire avec un Sud gouvernemental et la crise post-\u00e9lectorale de 2010-2011 qui a fait plus de 3 000 morts dans le pays.<\/p>\n<p>\u00ab\u00a0Nous devons tout faire pour qu\u2019\u00e0 travers nos propos, nos actes et nos pens\u00e9es, ce pays demeure sur le chemin de la paix, de l\u2019union, de la fraternit\u00e9, de la coh\u00e9sion et de la stabilit\u00e9 sociale et \u00e9conomique\u00a0\u00bb et ne \u00ab\u00a0rebascule pas dans ces travers\u00a0\u00bb, a-t-il lanc\u00e9.<\/p>\n<p>Au cours d\u2019une exhortation, l\u2019\u00e9v\u00eaque Jonathan Gba de l\u2019\u00e9glise \u00e9vang\u00e9lique Tabernacle des vainqueurs, a relev\u00e9 que \u00ab\u00a0ce qui produit la guerre est le manque de la crainte de Dieu\u00a0\u00bb. De ce fait, \u00ab\u00a0un pays qui ne croit pas en l\u2019Eternel, va vers la catastrophe\u00a0\u00bb.<\/p>\n<p>Il a ensuite pri\u00e9 afin que Dieu ait sa faveur sur la C\u00f4te d\u2019Ivoire et pr\u00e9serve la nation de toute guerre. \u00a0Toutefois, les femmes ont un r\u00f4le \u00e0 jouer, en conseillant leur conjoint et en \u00e9duquant leurs enfants.<\/p>\n<p>Pour sa part, l\u2019imam Diomand\u00e9 Vako, qui a offici\u00e9 le sermon, en pr\u00e9sence du ministre Adama Diawara, a appel\u00e9 \u00e0 ce que les Ivoiriens et les leaders politiques oeuvrent pour le triomphe de la justice et de la paix.<\/p>\n<p>\u00ab\u00a0Dieu ne change jamais l\u2019\u00e9tat d\u2019un peuple tant que ce peuple n\u2019a pas chang\u00e9 ce qui est en lui-m\u00eame, \u00a0tant qu\u2019on a pas nous-m\u00eame chang\u00e9 notre coeur, le d\u00e9barrasser de la haine et de la jalousie, de la m\u00e9chancet\u00e9\u00a0\u00bb, a-t-il dit, avant d\u2019ajouter \u00ab\u00a0si on change notre int\u00e9rieur, la paix va revenir\u00a0\u00bb.<\/p>\n<p>L\u2019imam Vako a invit\u00e9 tous les acteurs politiques \u00e0 \u00ab\u00a0s\u2019asseoir pour faire la paix\u00a0\u00bb, et \u00ab\u00a0qu\u2019on dise que \u00e7a va, \u00e7a suffit, \u00a0car t\u00f4t o\u00f9 tard on sera oblig\u00e9 de s\u2019asseoir pour discuter pour la paix, et pourquoi ne pas commencer par le dialogue\u00a0\u00bb.<\/p>\n<p>Le ministre de l\u2019Enseignement sup\u00e9rieur et de la recherche scientifique, Adama Diawara, \u00e9tait au rang des fid\u00e8les musulmans qui ont pri\u00e9 pour la paix. Toute chose qui montre que les autorit\u00e9s et les populations sont conscientes de ce que Dieu est la source de la paix.<\/p>\n<\/div>\n<p>Auteur: APA News<br \/>\n<a href=\"https:\/\/www.journalducameroun.com\/priere-oecumenique-des-femmes-du-grand-abidjan-pour-la-paix-en-cote-divoire\/\">Cliquez ici pour lire l&rsquo;article depuis sa source.<\/a><\/p>\n","protected":false},"excerpt":{"rendered":"<p>Publi\u00e9 le 28.11.2020 \u00e0 21h18 par APA News Des centaines de femmes du Grand Abidjan, issues de diff\u00e9rentes religions, ont pri\u00e9 samedi pour la paix en C\u00f4te d\u2019Ivoire, et salu\u00e9 le t\u00eate-\u00e0-t\u00eate entre Alassane Ouattara et Henri Konan B\u00e9di\u00e9 qui a baiss\u00e9 la tension socio-politique apr\u00e8s la pr\u00e9sidentielle du 31 octobre 2020 \u00e9tait \u00e9maill\u00e9e de [&hellip;]<\/p>\n","protected":false},"author":1965,"featured_media":0,"comment_status":"closed","ping_status":"closed","sticky":false,"template":"","format":"standard","meta":{"fifu_image_url":"","fifu_image_alt":"","footnotes":""},"categories":[73,82],"tags":[],"class_list":["post-105991","post","type-post","status-publish","format-standard","hentry","category-actualite","category-cameroun"],"_links":{"self":[{"href":"https:\/\/linitiative.ca\/International\/wp-json\/wp\/v2\/posts\/105991","targetHints":{"allow":["GET"]}}],"collection":[{"href":"https:\/\/linitiative.ca\/International\/wp-json\/wp\/v2\/posts"}],"about":[{"href":"https:\/\/linitiative.ca\/International\/wp-json\/wp\/v2\/types\/post"}],"author":[{"embeddable":true,"href":"https:\/\/linitiative.ca\/International\/wp-json\/wp\/v2\/users\/1965"}],"replies":[{"embeddable":true,"href":"https:\/\/linitiative.ca\/International\/wp-json\/wp\/v2\/comments?post=105991"}],"version-history":[{"count":0,"href":"https:\/\/linitiative.ca\/International\/wp-json\/wp\/v2\/posts\/105991\/revisions"}],"wp:attachment":[{"href":"https:\/\/linitiative.ca\/International\/wp-json\/wp\/v2\/media?parent=105991"}],"wp:term":[{"taxonomy":"category","embeddable":true,"href":"https:\/\/linitiative.ca\/International\/wp-json\/wp\/v2\/categories?post=105991"},{"taxonomy":"post_tag","embeddable":true,"href":"https:\/\/linitiative.ca\/International\/wp-json\/wp\/v2\/tags?post=105991"}],"curies":[{"name":"wp","href":"https:\/\/api.w.org\/{rel}","templated":true}]}}