{"id":105997,"date":"2020-11-28T12:20:38","date_gmt":"2020-11-28T17:20:38","guid":{"rendered":"https:\/\/linitiative.ca\/International\/black-friday-orange-lance-des-offres-exceptionnelles-sur-sa-boutique-en-ligne\/"},"modified":"2020-11-28T12:20:38","modified_gmt":"2020-11-28T17:20:38","slug":"black-friday-orange-lance-des-offres-exceptionnelles-sur-sa-boutique-en-ligne","status":"publish","type":"post","link":"https:\/\/linitiative.ca\/International\/black-friday-orange-lance-des-offres-exceptionnelles-sur-sa-boutique-en-ligne\/","title":{"rendered":"Black Friday : Orange lance des offres exceptionnelles sur sa boutique en ligne"},"content":{"rendered":"<header>\n<\/header>\n<div class=\"entry-content clearfix\" readability=\"63.560305343511\"><img decoding=\"async\" class=\"post_layout_5_img\" src=\"http:\/\/aujourdhui.ma\/wp-content\/uploads\/2020\/11\/orange.jpg\" alt=\"Black Friday : Orange lance des offres exceptionnelles sur sa boutique en ligne\"\/><\/p>\n<p><span class=\"c5\"><strong>Conscient des besoins croissants des consommateurs, Orange met en place une op\u00e9ration in\u00e9dite qui permettra aux marocains d\u2019acc\u00e9der \u00e0 des offres exceptionnelles sur sa boutique en ligne.<\/strong><\/span><span id=\"more-361641\"\/><\/p>\n<p>Ainsi, du 27 novembre \u00e0 10h00 au 04 D\u00e9cembre, Orange Maroc proposera \u00e0 l\u2019occasion du Black Friday des dizaines de r\u00e9f\u00e9rences de smartphones \u00e0 prix cass\u00e9s.<\/p>\n<p>Pendant ces 8 jours, la boutique en ligne d\u2019Orange proposera des promotions sur diff\u00e9rentes gammes de smartphones sur des marques r\u00e9f\u00e9rences comme Apple, Infinix, Samsung, Oppo ou encore STG, avec des r\u00e9ductions allant jusqu\u2019\u00e0 60%. Les consommateurs marocains pourront donc profiter de dizaines de promotions exceptionnelles dans la limite des stocks disponibles.<\/p>\n<p>Op\u00e9rateur constamment \u00e0 l\u2019\u00e9coute des attentes du march\u00e9, Orange se positionne plus que jamais comme une r\u00e9f\u00e9rence de ce rendez-vous shopping incontournable, pl\u00e9biscit\u00e9 par l\u2019ensemble des consommateurs.<\/p>\n<p>Pour d\u00e9couvrir plus en d\u00e9tail les diff\u00e9rentes offres pr\u00e9vues, rendez-vous sur le site <a href=\"http:\/\/orange.ma\" target=\"_blank\" rel=\"noopener noreferrer\"><span class=\"c6\"><strong>orange.ma<\/strong><\/span><\/a>.<\/p>\n<p>Fid\u00e8le \u00e0 sa promesse de toujours proposer les meilleures innovations et technologies, Orange Maroc s\u2019engage \u00e0 offrir tout au long de l\u2019ann\u00e9e un catalogue de smartphones qui correspond \u00e0 l\u2019ensemble des besoins du march\u00e9 \u00e0 des prix tr\u00e8s comp\u00e9titifs.<\/p>\n<\/div>\n<p>Auteur: ALM<br \/>\n<a href=\"https:\/\/aujourdhui.ma\/actualite\/black-friday-orange-lance-des-offres-exceptionnelles-sur-sa-boutique-en-ligne\">Cliquez ici pour lire l&rsquo;article depuis sa source.<\/a><\/p>\n","protected":false},"excerpt":{"rendered":"<p>Conscient des besoins croissants des consommateurs, Orange met en place une op\u00e9ration in\u00e9dite qui permettra aux marocains d\u2019acc\u00e9der \u00e0 des offres exceptionnelles sur sa boutique en ligne. Ainsi, du 27 novembre \u00e0 10h00 au 04 D\u00e9cembre, Orange Maroc proposera \u00e0 l\u2019occasion du Black Friday des dizaines de r\u00e9f\u00e9rences de smartphones \u00e0 prix cass\u00e9s. Pendant ces [&hellip;]<\/p>\n","protected":false},"author":1759,"featured_media":0,"comment_status":"closed","ping_status":"closed","sticky":false,"template":"","format":"standard","meta":{"fifu_image_url":"http:\/\/aujourdhui.ma\/wp-content\/uploads\/2020\/11\/orange.jpg","fifu_image_alt":"Black Friday : Orange lance des offres exceptionnelles sur sa boutique en ligne","footnotes":""},"categories":[73,54],"tags":[],"class_list":["post-105997","post","type-post","status-publish","format-standard","hentry","category-actualite","category-maroc"],"_links":{"self":[{"href":"https:\/\/linitiative.ca\/International\/wp-json\/wp\/v2\/posts\/105997","targetHints":{"allow":["GET"]}}],"collection":[{"href":"https:\/\/linitiative.ca\/International\/wp-json\/wp\/v2\/posts"}],"about":[{"href":"https:\/\/linitiative.ca\/International\/wp-json\/wp\/v2\/types\/post"}],"author":[{"embeddable":true,"href":"https:\/\/linitiative.ca\/International\/wp-json\/wp\/v2\/users\/1759"}],"replies":[{"embeddable":true,"href":"https:\/\/linitiative.ca\/International\/wp-json\/wp\/v2\/comments?post=105997"}],"version-history":[{"count":0,"href":"https:\/\/linitiative.ca\/International\/wp-json\/wp\/v2\/posts\/105997\/revisions"}],"wp:attachment":[{"href":"https:\/\/linitiative.ca\/International\/wp-json\/wp\/v2\/media?parent=105997"}],"wp:term":[{"taxonomy":"category","embeddable":true,"href":"https:\/\/linitiative.ca\/International\/wp-json\/wp\/v2\/categories?post=105997"},{"taxonomy":"post_tag","embeddable":true,"href":"https:\/\/linitiative.ca\/International\/wp-json\/wp\/v2\/tags?post=105997"}],"curies":[{"name":"wp","href":"https:\/\/api.w.org\/{rel}","templated":true}]}}