{"id":106008,"date":"2020-11-28T17:20:34","date_gmt":"2020-11-28T22:20:34","guid":{"rendered":"https:\/\/linitiative.ca\/International\/mohamed-el-guisser-nouvel-entraineur-du-kacm\/"},"modified":"2020-11-28T17:20:34","modified_gmt":"2020-11-28T22:20:34","slug":"mohamed-el-guisser-nouvel-entraineur-du-kacm","status":"publish","type":"post","link":"https:\/\/linitiative.ca\/International\/mohamed-el-guisser-nouvel-entraineur-du-kacm\/","title":{"rendered":"Mohamed El Guisser nouvel entra\u00eeneur du KACM"},"content":{"rendered":"<div class=\"single-featured\"><img alt=\"\" data-src=\"http:\/\/www.mapmarrakech.ma\/map\/uploads\/2020\/11\/Mohamed-Ghisser-entraineur-KACM-copier.jpg\"\/><\/div>\n<div class=\"single-post-excerpt post-excerpt-bc\" readability=\"37\">\n<p>Marrakech \u2013 Le Bureau dirigeant du Kawkab Athletic Club de Marrakech (KACM), section football, a annonc\u00e9 avoir engag\u00e9 le technicien marocain, Mohamed El Guisser en tant que nouvel entra\u00eeneur de l\u2019\u00e9quipe de la cit\u00e9 ocre.<\/p>\n<\/div>\n<div class=\"entry-content clearfix single-post-content\" readability=\"64\">\n<p>Dans un communiqu\u00e9, le Bureau dirigeant du club a pr\u00e9cis\u00e9 avoir \u00e9galement d\u00e9sign\u00e9 Mohamed El Goumiri comme adjoint de M. El Guisser et renouvel\u00e9 sa confiance en MM. Ahmed Founaka comme entra\u00eeneur des gardiens et Abdellatif Boumougay comme pr\u00e9parateur physique.<\/p>\n<p>M. El Guisser, qui a entra\u00een\u00e9 plusieurs \u00e9quipes marocaines, prendra ainsi les r\u00eanes du club marrakchi qui a entam\u00e9 une nouvelle \u00e8re avec l\u2019\u00e9lection, jeudi dernier, de M. Redouane Henniche nouveau pr\u00e9sident du KACM lors d\u2019une assembl\u00e9e g\u00e9n\u00e9rale ordinaire \u00e9lective.<\/p>\n<p>M. Henniche avait affirm\u00e9, apr\u00e8s son \u00e9lection, que le nouveau bureau dirigeant s\u2019attellera, dans les prochains jours, sur la d\u00e9signation d\u2019un nouvel entra\u00eeneur, tout en veillant \u00e0 renforcer les rangs de l\u2019\u00e9quipe et ce, en pr\u00e9lude au d\u00e9marrage de la Botola Pro D2, pr\u00e9vu le 4 d\u00e9cembre prochain.<\/p>\n<p>Le KACM avait repris, le 16 novembre, ses entra\u00eenements \u00e0 l\u2019annexe du Grand Stade de Marrakech et ce, en pr\u00e9paration \u00e0 la prochaine saison footballistique (Botola Pro D2 et Coupe du Tr\u00f4ne).<\/p>\n<p>Le club de la cit\u00e9 ocre affrontera le Chabab Atlas Kh\u00e9nifra (CAK) lors de la premi\u00e8re journ\u00e9e de la prochaine saison.<\/p>\n<\/div>\n<p>Auteur: Meriem IGASS<br \/>\n<a href=\"http:\/\/www.mapmarrakech.ma\/fr\/mohamed-el-guisser-nouvel-entraineur-du-kacm\/\">Cliquez ici pour lire l&rsquo;article depuis sa source.<\/a><\/p>\n","protected":false},"excerpt":{"rendered":"<p>Marrakech \u2013 Le Bureau dirigeant du Kawkab Athletic Club de Marrakech (KACM), section football, a annonc\u00e9 avoir engag\u00e9 le technicien marocain, Mohamed El Guisser en tant que nouvel entra\u00eeneur de l\u2019\u00e9quipe de la cit\u00e9 ocre. Dans un communiqu\u00e9, le Bureau dirigeant du club a pr\u00e9cis\u00e9 avoir \u00e9galement d\u00e9sign\u00e9 Mohamed El Goumiri comme adjoint de M. [&hellip;]<\/p>\n","protected":false},"author":1788,"featured_media":0,"comment_status":"closed","ping_status":"closed","sticky":false,"template":"","format":"standard","meta":{"fifu_image_url":"http:\/\/www.mapmarrakech.ma\/map\/uploads\/2020\/11\/Mohamed-Ghisser-entraineur-KACM-copier.jpg","fifu_image_alt":"Mohamed El Guisser nouvel entra\u00eeneur du KACM","footnotes":""},"categories":[54,76],"tags":[],"class_list":["post-106008","post","type-post","status-publish","format-standard","hentry","category-maroc","category-regions"],"_links":{"self":[{"href":"https:\/\/linitiative.ca\/International\/wp-json\/wp\/v2\/posts\/106008","targetHints":{"allow":["GET"]}}],"collection":[{"href":"https:\/\/linitiative.ca\/International\/wp-json\/wp\/v2\/posts"}],"about":[{"href":"https:\/\/linitiative.ca\/International\/wp-json\/wp\/v2\/types\/post"}],"author":[{"embeddable":true,"href":"https:\/\/linitiative.ca\/International\/wp-json\/wp\/v2\/users\/1788"}],"replies":[{"embeddable":true,"href":"https:\/\/linitiative.ca\/International\/wp-json\/wp\/v2\/comments?post=106008"}],"version-history":[{"count":0,"href":"https:\/\/linitiative.ca\/International\/wp-json\/wp\/v2\/posts\/106008\/revisions"}],"wp:attachment":[{"href":"https:\/\/linitiative.ca\/International\/wp-json\/wp\/v2\/media?parent=106008"}],"wp:term":[{"taxonomy":"category","embeddable":true,"href":"https:\/\/linitiative.ca\/International\/wp-json\/wp\/v2\/categories?post=106008"},{"taxonomy":"post_tag","embeddable":true,"href":"https:\/\/linitiative.ca\/International\/wp-json\/wp\/v2\/tags?post=106008"}],"curies":[{"name":"wp","href":"https:\/\/api.w.org\/{rel}","templated":true}]}}