{"id":106009,"date":"2020-11-28T18:09:19","date_gmt":"2020-11-28T23:09:19","guid":{"rendered":"https:\/\/linitiative.ca\/International\/des-masques-au-profit-des-habitants-de-la-commune-ouled-zerrad\/"},"modified":"2020-11-28T18:09:19","modified_gmt":"2020-11-28T23:09:19","slug":"des-masques-au-profit-des-habitants-de-la-commune-ouled-zerrad","status":"publish","type":"post","link":"https:\/\/linitiative.ca\/International\/des-masques-au-profit-des-habitants-de-la-commune-ouled-zerrad\/","title":{"rendered":"Des masques au profit des habitants de la commune Ouled Zerrad"},"content":{"rendered":"<div readability=\"38\">\n<p>El Kel\u00e2a des Sraghna \u2013 Une campagne de distribution de masques de protection a \u00e9t\u00e9 lanc\u00e9e, samedi dans la commune Ouled Zerrad relevant de la province d\u2019El Kel\u00e2a des Sraghna, au profit des habitants de cette commune rurale, afin de les sensibiliser \u00e0 l\u2019importance de respecter les mesures pr\u00e9ventives pour freiner la propagation du nouveau coronavirus (Covid-19).<\/p>\n<\/div>\n<div readability=\"73\">\n<p>Organis\u00e9e par le club f\u00e9minin de la commune en partenariat avec le conseil communal d\u2019Ouled Zerrad, cette initiative porte sur la distribution gratuite de quelque 13.000 masques de protection au profit des habitants du centre de la commune, ainsi que de 12 douars relevant de cette collectivit\u00e9 territoriale \u00e0 raison de 1.000 b\u00e9n\u00e9ficiaires par douar.<\/p>\n<p>Selon les organisateurs, cette campagne s\u2019inscrit dans le cadre des efforts consentis aux niveaux national et r\u00e9gional afin d\u2019enrayer la propagation de la Covid-19 et de mettre en garde les habitants, en particulier les groupes vuln\u00e9rables, contre tout rel\u00e2chement en mati\u00e8re de respect des mesures pr\u00e9ventives visant \u00e0 endiguer la propagation de la pand\u00e9mie.<\/p>\n<p>\u00ab\u00a0De par son r\u00f4le socio\u00e9ducatif et sa contribution \u00e0 la lutte contre la pand\u00e9mie, le club f\u00e9minin a proc\u00e9d\u00e9 \u00e0 la fabrication de 13.000 masques de protection qui r\u00e9pondent aux normes \u00e9tablies par l\u2019Institut Marocain de Normalisation\u00a0\u00bb, a relev\u00e9 la directrice du club f\u00e9minin de la commune Oulad Zerrad, Mme Fatna El-Baza, dans une d\u00e9claration \u00e0 la MAP.<\/p>\n<p>De son c\u00f4t\u00e9, le directeur des services de la commune, M. Yassine Boudalaa, a indiqu\u00e9 que la campagne de distribution des masques de protection, dont la fabrication a d\u00e9marr\u00e9 le mois dernier, a pour objectif d\u2019assurer aux habitants de la commune des conditions sanitaires et pr\u00e9ventives optimales, saluant dans ce sens les acteurs de la soci\u00e9t\u00e9 civile qui se sont mobilis\u00e9s pour assurer la r\u00e9ussite de cette op\u00e9ration.<\/p>\n<p>Cette initiative, qui s\u2019est d\u00e9roul\u00e9e dans le plein respect des mesures de pr\u00e9vention et du protocole sanitaire en vigueur pour enrayer la propagation de la Covid- 19, a \u00e9t\u00e9 hautement salu\u00e9e par les habitants des douars cibl\u00e9s, exprimant leur plein engagement dans les efforts d\u00e9ploy\u00e9s pour lutter contre la propagation de la pand\u00e9mie.<\/p>\n<\/div>\n<p>Auteur: Meriem IGASS<br \/>\n<a href=\"http:\/\/www.mapmarrakech.ma\/fr\/des-masques-au-profit-des-habitants-de-la-commune-rurale-ouled-zerrad\/\">Cliquez ici pour lire l&rsquo;article depuis sa source.<\/a><\/p>\n","protected":false},"excerpt":{"rendered":"<p>El Kel\u00e2a des Sraghna \u2013 Une campagne de distribution de masques de protection a \u00e9t\u00e9 lanc\u00e9e, samedi dans la commune Ouled Zerrad relevant de la province d\u2019El Kel\u00e2a des Sraghna, au profit des habitants de cette commune rurale, afin de les sensibiliser \u00e0 l\u2019importance de respecter les mesures pr\u00e9ventives pour freiner la propagation du nouveau [&hellip;]<\/p>\n","protected":false},"author":1788,"featured_media":0,"comment_status":"closed","ping_status":"closed","sticky":false,"template":"","format":"standard","meta":{"fifu_image_url":"","fifu_image_alt":"","footnotes":""},"categories":[54,76],"tags":[],"class_list":["post-106009","post","type-post","status-publish","format-standard","hentry","category-maroc","category-regions"],"_links":{"self":[{"href":"https:\/\/linitiative.ca\/International\/wp-json\/wp\/v2\/posts\/106009","targetHints":{"allow":["GET"]}}],"collection":[{"href":"https:\/\/linitiative.ca\/International\/wp-json\/wp\/v2\/posts"}],"about":[{"href":"https:\/\/linitiative.ca\/International\/wp-json\/wp\/v2\/types\/post"}],"author":[{"embeddable":true,"href":"https:\/\/linitiative.ca\/International\/wp-json\/wp\/v2\/users\/1788"}],"replies":[{"embeddable":true,"href":"https:\/\/linitiative.ca\/International\/wp-json\/wp\/v2\/comments?post=106009"}],"version-history":[{"count":0,"href":"https:\/\/linitiative.ca\/International\/wp-json\/wp\/v2\/posts\/106009\/revisions"}],"wp:attachment":[{"href":"https:\/\/linitiative.ca\/International\/wp-json\/wp\/v2\/media?parent=106009"}],"wp:term":[{"taxonomy":"category","embeddable":true,"href":"https:\/\/linitiative.ca\/International\/wp-json\/wp\/v2\/categories?post=106009"},{"taxonomy":"post_tag","embeddable":true,"href":"https:\/\/linitiative.ca\/International\/wp-json\/wp\/v2\/tags?post=106009"}],"curies":[{"name":"wp","href":"https:\/\/api.w.org\/{rel}","templated":true}]}}