{"id":106019,"date":"2020-11-29T09:26:49","date_gmt":"2020-11-29T14:26:49","guid":{"rendered":"https:\/\/linitiative.ca\/International\/113486-championnat-d-afrique-d-athletisme-oran-engage-une-course-contre-la-montre\/"},"modified":"2020-11-29T09:26:49","modified_gmt":"2020-11-29T14:26:49","slug":"113486-championnat-d-afrique-d-athletisme-oran-engage-une-course-contre-la-montre","status":"publish","type":"post","link":"https:\/\/linitiative.ca\/International\/113486-championnat-d-afrique-d-athletisme-oran-engage-une-course-contre-la-montre\/","title":{"rendered":"Championnat d\u2019Afrique d\u2019athl\u00e9tisme: Oran engage une course contre la montre"},"content":{"rendered":"<div>\n<div class=\"K2FeedImage\"><img decoding=\"async\" src=\"http:\/\/www.aps.dz\/media\/k2\/items\/cache\/c54d50075e5d4584f51f619f78103157_S.jpg\" alt=\"Le nouveau stade d'Oran est presque pr\u00eat \u00e0 accueillir les comp\u00e9titions\"><\/div>\n<div class=\"K2FeedIntroText\">\n<p dir=\"ltr\" style=\"text-align: justify;\"><strong>ORAN &#8211; Les autorit\u00e9s sportives et locales \u00e0 Oran ont engag\u00e9 une course contre la montre pour que leur ville soit pr\u00eate \u00e0 abriter le prochain championnat d\u2019Afrique d\u2019athl\u00e9tisme seniors, pr\u00e9vu en 2021 \u00e0 Alger mais qui a \u00e9t\u00e9 d\u00e9localis\u00e9 dans la capitale de l\u2019Ouest, a appris l\u2019APS dimanche aupr\u00e8s de la direction locale de la jeunesse et des sports (DJS).<\/strong><\/p>\n<\/div>\n<div class=\"K2FeedFullText\">\n<p dir=\"ltr\" style=\"text-align: justify;\">La DJS, qui vient d\u2019\u00eatre destinataire d\u2019une correspondance de la tutelle l\u2019informant de la programmation \u00e0 Oran de ce rendez-vous continental du 1er au 5 juin 2021, a d\u00e9j\u00e0 entam\u00e9 les pr\u00e9paratifs d\u2019usage pour \u00eatre \u00e0 la hauteur de l\u2019\u00e9v\u00e8nement qui intervient \u00e0 une ann\u00e9e de la 19e \u00e9dition des Jeux m\u00e9diterran\u00e9ens (JM) programm\u00e9e aussi \u00e0 Oran du 25 juin au 5 juillet 2022.<\/p>\n<blockquote>\n<p dir=\"ltr\" style=\"text-align: justify;\"><em><strong>Il est surtout question d\u2019acc\u00e9l\u00e9rer les travaux de r\u00e9alisation de la piste d\u2019athl\u00e9tisme du stade de 40.000 places relevant du complexe sportif de Bir El Djir (Est d\u2019Oran), en cours de construction, ainsi que du stade d\u2019athl\u00e9tisme de 4.200 places situ\u00e9 dans la m\u00eame enceinte, souligne-t-on de m\u00eame source.<\/strong><\/em><\/p>\n<\/blockquote>\n<p dir=\"ltr\" style=\"text-align: justify;\">Concernant le premier \u00e9quipement, l\u2019op\u00e9ration de semence du gazon a \u00e9t\u00e9 d\u00e9j\u00e0 achev\u00e9e, en attendant le lancement des travaux de la pose de la piste d\u2019athl\u00e9tisme. Lesquels travaux accusent \u00ab\u00a0un retard sensible, \u00e9tant donn\u00e9 que la piste en question doit \u00eatre achemin\u00e9e de l\u2019\u00e9tranger, au moment o\u00f9 les fronti\u00e8res demeurent toujours ferm\u00e9es pour lutter contre la propagation du Covid-19\u00a0\u00bb, indique-t-on encore.<\/p>\n<p dir=\"ltr\" style=\"text-align: justify;\">Idem pour le stade d\u2019athl\u00e9tisme, dont le terrain devrait \u00eatre recouvert prochainement par une pelouse en gazon naturel, en attendant \u00e9galement l\u2019arriv\u00e9e de l\u2019\u00e9tranger de la piste d\u2019athl\u00e9tisme. Ce site servira \u00e0 l\u2019entra\u00eenement et l\u2019\u00e9chauffement des athl\u00e8tes, pr\u00e9cise-t-on de m\u00eame source.<\/p>\n<hr>\n<p dir=\"ltr\" style=\"text-align: justify;\"><strong>Lire aussi:\u00a0<\/strong><a href=\"http:\/\/www.aps.dz\/sport\/113444-jeux-mediterraneens-d-oran-realisation-de-cinq-fresques-murales\">Jeux m\u00e9diterran\u00e9ens d\u2019Oran : r\u00e9alisation de cinq fresques murales<\/a><\/p>\n<hr>\n<p dir=\"ltr\" style=\"text-align: justify;\">L\u2019organisation \u00e0 Oran du championnat en question, qui \u00e9tait pr\u00e9vu pour juin 2020 avant qu\u2019il ne soit report\u00e9 \u00e0 l\u2019ann\u00e9e suivante \u00e0 cause de la pand\u00e9mie de Covid-19, \u00ab\u00a0devra aider \u00e0 faire la promotion des prochains JM, d\u2019o\u00f9 l\u2019int\u00e9r\u00eat particulier qu\u2019accordent les autorit\u00e9s sportives et locales \u00e0 cette comp\u00e9tition\u00a0\u00bb, commente-t-on.<\/p>\n<p dir=\"ltr\" style=\"text-align: justify;\">D\u2019ailleurs, le comit\u00e9 d\u2019organisation des JM s\u2019est dit, par le biais de son directeur g\u00e9n\u00e9ral, Salim Iles, favorable au d\u00e9roulement \u00e0 Oran de manifestations sportives internationales avant le rendez-vous m\u00e9diterran\u00e9en pour en faire une \u00ab\u00a0r\u00e9p\u00e9tition g\u00e9n\u00e9rale\u00a0\u00bb.<\/p>\n<p dir=\"ltr\" style=\"text-align: justify;\">Il est \u00e9galement question de tester les nouvelles infrastructures sportives ou celles ayant subi des travaux de r\u00e9habilitation, en y organisant des comp\u00e9titions de \u00ab\u00a0haut niveau\u00a0\u00bb, comme recommand\u00e9 par le Comit\u00e9 international des Jeux m\u00e9diterran\u00e9ens (CIJM), a-t-on insist\u00e9.<\/p>\n<\/div>\n<p><img loading=\"lazy\" decoding=\"async\" src=\"http:\/\/feeds.feedburner.com\/~r\/aps-sport\/~4\/cx62ZvYTAXk\" height=\"1\" width=\"1\" alt=\"\">\n<\/div>\n<p>Auteur:<br \/>\n<a href=\"http:\/\/feeds.aps.dz\/~r\/aps-sport\/~3\/cx62ZvYTAXk\/113486-championnat-d-afrique-d-athletisme-oran-engage-une-course-contre-la-montre\">Cliquez ici pour lire l&rsquo;article depuis sa source.<\/a><\/p>\n","protected":false},"excerpt":{"rendered":"<p>ORAN &#8211; Les autorit\u00e9s sportives et locales \u00e0 Oran ont engag\u00e9 une course contre la montre pour que leur ville soit pr\u00eate \u00e0 abriter le prochain championnat d\u2019Afrique d\u2019athl\u00e9tisme seniors, pr\u00e9vu en 2021 \u00e0 Alger mais qui a \u00e9t\u00e9 d\u00e9localis\u00e9 dans la capitale de l\u2019Ouest, a appris l\u2019APS dimanche aupr\u00e8s de la direction locale de [&hellip;]<\/p>\n","protected":false},"author":1790,"featured_media":0,"comment_status":"closed","ping_status":"closed","sticky":false,"template":"","format":"standard","meta":{"fifu_image_url":"http:\/\/www.aps.dz\/media\/k2\/items\/cache\/c54d50075e5d4584f51f619f78103157_S.jpg","fifu_image_alt":"Championnat d\u2019Afrique d\u2019athl\u00e9tisme: Oran engage une course contre la montre","footnotes":""},"categories":[53,75],"tags":[],"class_list":["post-106019","post","type-post","status-publish","format-standard","hentry","category-algerie","category-sport"],"_links":{"self":[{"href":"https:\/\/linitiative.ca\/International\/wp-json\/wp\/v2\/posts\/106019","targetHints":{"allow":["GET"]}}],"collection":[{"href":"https:\/\/linitiative.ca\/International\/wp-json\/wp\/v2\/posts"}],"about":[{"href":"https:\/\/linitiative.ca\/International\/wp-json\/wp\/v2\/types\/post"}],"author":[{"embeddable":true,"href":"https:\/\/linitiative.ca\/International\/wp-json\/wp\/v2\/users\/1790"}],"replies":[{"embeddable":true,"href":"https:\/\/linitiative.ca\/International\/wp-json\/wp\/v2\/comments?post=106019"}],"version-history":[{"count":0,"href":"https:\/\/linitiative.ca\/International\/wp-json\/wp\/v2\/posts\/106019\/revisions"}],"wp:attachment":[{"href":"https:\/\/linitiative.ca\/International\/wp-json\/wp\/v2\/media?parent=106019"}],"wp:term":[{"taxonomy":"category","embeddable":true,"href":"https:\/\/linitiative.ca\/International\/wp-json\/wp\/v2\/categories?post=106019"},{"taxonomy":"post_tag","embeddable":true,"href":"https:\/\/linitiative.ca\/International\/wp-json\/wp\/v2\/tags?post=106019"}],"curies":[{"name":"wp","href":"https:\/\/api.w.org\/{rel}","templated":true}]}}