{"id":106060,"date":"2020-11-30T08:15:04","date_gmt":"2020-11-30T13:15:04","guid":{"rendered":"https:\/\/linitiative.ca\/International\/le-budget-citoyen-rappelle-les-points-cles-de-lannee-2021\/"},"modified":"2020-11-30T08:15:04","modified_gmt":"2020-11-30T13:15:04","slug":"le-budget-citoyen-rappelle-les-points-cles-de-lannee-2021","status":"publish","type":"post","link":"https:\/\/linitiative.ca\/International\/le-budget-citoyen-rappelle-les-points-cles-de-lannee-2021\/","title":{"rendered":"Le budget citoyen rappelle les points cl\u00e9s de l\u2019ann\u00e9e 2021"},"content":{"rendered":"<p><img decoding=\"async\" class=\"post_layout_5_img\" src=\"http:\/\/aujourdhui.ma\/wp-content\/uploads\/2018\/02\/Transparence-budget-calcul.jpg\" alt=\"Le budget citoyen rappelle les points cl&#xE9;s de l&#x2019;ann&#xE9;e 2021\"\/><\/p>\n<p><span class=\"c5\"><strong>Relance, r\u00e9formes, emplois\u2026<\/strong><\/span><span id=\"more-361692\"\/><\/p>\n<p>Le minist\u00e8re de l\u2019\u00e9conomie, des finances et de la r\u00e9forme de l\u2019administration vient de publier le budget citoyen du PLF 2021. Celui-ci fait \u00e9tat des priorit\u00e9s de l\u2019ann\u00e9e 2021 qui portent sur la relance \u00e9conomique, le lancement de la g\u00e9n\u00e9ralisation de l\u2019AMO et le renforcement de l\u2019exemplarit\u00e9 de l\u2019Etat et la rationalisation de la gestion.<br \/>Ce budget est un outil de simplification de l\u2019information financi\u00e8re aupr\u00e8s du citoyen. En effet, ce document permet de mettre en lumi\u00e8re les chantiers de r\u00e9forme lanc\u00e9s et revient sur la p\u00e9riode difficile de la Covid-19 marqu\u00e9e par l\u2019\u00e9lan de solidarit\u00e9 et le soutien apport\u00e9 aux personnes ayant perdu leur source de revenus. Ainsi, environ 5 millions de familles et 900 mille salari\u00e9s ont \u00e9t\u00e9 soutenus.<\/p>\n<p>Pr\u00e8s de 50.000 entreprises ont \u00e9galement \u00e9t\u00e9 couvertes par une aide qui leur a permis de b\u00e9n\u00e9ficier de cr\u00e9dits garantis par l\u2019Etat. Sans parler de l\u2019ensemble de mesures prises pour pr\u00e9server des milliers d\u2019emplois. Dans ce contexte un pacte pour la relance \u00e9conomique et l\u2019emploi a \u00e9t\u00e9 sign\u00e9 le 6 ao\u00fbt 2020. Outre les mesures fiscales et douani\u00e8res pr\u00e9vues, plusieurs moments forts sont attendus en 2021 dans le cadre de cette relance mais \u00e9galement \u00e0 destination des secteurs sociaux. L\u2019\u00e9ducation et la sant\u00e9 sont pr\u00e9sent\u00e9es comme prioritaires en 2021 avec respectivement 72 MMDH et 20 MMDH qui seront octroy\u00e9s \u00e0 ces deux secteurs.<\/p>\n<p>Le budget citoyen fait r\u00e9f\u00e9rence, en tant que temps fort, \u00e0 la cr\u00e9ation du \u00abFonds Mohammed VI pour l\u2019Investissement\u00bb et qui sera dot\u00e9 de personnalit\u00e9 morale. On notera aussi le soutien de l\u2019investissement public par une enveloppe budg\u00e9taire de 230 MMDH, dont 45 milliards de dirhams au titre dudit Fonds. L\u2019accent est \u00e9galement mis sur l\u2019acc\u00e9l\u00e9ration de la mise en \u0153uvre du plan de relance de l\u2019\u00e9conomie nationale \u00e0 travers la redynamisation du programme \u00abIntelaka\u00bb (9.500 entreprises b\u00e9n\u00e9ficiaires, dont 2.000 dans le monde rural) et l\u2019intensification des efforts de soutien apport\u00e9s aux entreprises \u00e0 l\u2019aide du dispositif des pr\u00eats garantis par l\u2019Etat.<\/p>\n<p>Ainsi, \u00abDamane Relance\u00bb b\u00e9n\u00e9ficie \u00e0 23.000 entreprises marocaines, d\u2019un volume de cr\u00e9dits de plus de 27 MMDH. Pour sa part, \u00abDamane Oxyg\u00e8ne\u00bb couvre 50.000 petites et moyennes entreprises b\u00e9n\u00e9ficiaires, \u00e0 hauteur de 18 MMDH. Dans la liste des faits marquants on compte par ailleurs le lancement de la g\u00e9n\u00e9ralisation de l\u2019Assurance maladie obligatoire avec un montant global de pr\u00e8s de 14 MMDH. 9 MMDH seront financ\u00e9s par le budget g\u00e9n\u00e9ral de l\u2019Etat dont 4,2 MMDH au titre de l\u2019ann\u00e9e 2021.<\/p>\n<p>Par ailleurs, le budget citoyen revient sur les \u00e9tapes de la g\u00e9n\u00e9ralisation de l\u2019assurance maladie obligatoire avec l\u2019extension, d\u2019ici la fin 2022 au plus tard, de la couverture m\u00e9dicale obligatoire, de sorte que 22 millions de b\u00e9n\u00e9ficiaires additionnels acc\u00e8dent \u00e0 l\u2019assurance maladie de base. A l\u2019horizon 2023, il est pr\u00e9vu d\u2019arriver \u00e0 la g\u00e9n\u00e9ralisation des allocations familiales qui seront destin\u00e9es ainsi \u00e0 pr\u00e8s de sept millions d\u2019enfants en \u00e2ge de scolarit\u00e9, au profit de trois millions de familles.<\/p>\n<p>La p\u00e9riode 2024-2025 concernera l\u2019\u00e9largissement de la base d\u2019adh\u00e9rents au syst\u00e8me de retraite en y int\u00e9grant environ 5 millions de Marocains parmi la population active non titulaire d\u2019un droit \u00e0 une pension. Dans cette m\u00eame p\u00e9riode, l\u2019objectif serait de parvenir \u00e0 g\u00e9n\u00e9raliser l\u2019acc\u00e8s \u00e0 l\u2019indemnit\u00e9 pour perte d\u2019emploi au profit des citoyens ayant un emploi r\u00e9gulier.<\/p>\n<p>Auteur: Ouchagour Leila<br \/>\n<a href=\"https:\/\/aujourdhui.ma\/economie\/le-budget-citoyen-rappelle-les-points-cles-de-lannee-2021\">Cliquez ici pour lire l&rsquo;article depuis sa source.<\/a><\/p>\n","protected":false},"excerpt":{"rendered":"<p>Relance, r\u00e9formes, emplois\u2026 Le minist\u00e8re de l\u2019\u00e9conomie, des finances et de la r\u00e9forme de l\u2019administration vient de publier le budget citoyen du PLF 2021. Celui-ci fait \u00e9tat des priorit\u00e9s de l\u2019ann\u00e9e 2021 qui portent sur la relance \u00e9conomique, le lancement de la g\u00e9n\u00e9ralisation de l\u2019AMO et le renforcement de l\u2019exemplarit\u00e9 de l\u2019Etat et la rationalisation [&hellip;]<\/p>\n","protected":false},"author":1759,"featured_media":0,"comment_status":"closed","ping_status":"closed","sticky":false,"template":"","format":"standard","meta":{"fifu_image_url":"http:\/\/aujourdhui.ma\/wp-content\/uploads\/2018\/02\/Transparence-budget-calcul.jpg","fifu_image_alt":"Le budget citoyen rappelle les points cl\u00e9s de l\u2019ann\u00e9e 2021","footnotes":""},"categories":[73,54],"tags":[],"class_list":["post-106060","post","type-post","status-publish","format-standard","hentry","category-actualite","category-maroc"],"_links":{"self":[{"href":"https:\/\/linitiative.ca\/International\/wp-json\/wp\/v2\/posts\/106060","targetHints":{"allow":["GET"]}}],"collection":[{"href":"https:\/\/linitiative.ca\/International\/wp-json\/wp\/v2\/posts"}],"about":[{"href":"https:\/\/linitiative.ca\/International\/wp-json\/wp\/v2\/types\/post"}],"author":[{"embeddable":true,"href":"https:\/\/linitiative.ca\/International\/wp-json\/wp\/v2\/users\/1759"}],"replies":[{"embeddable":true,"href":"https:\/\/linitiative.ca\/International\/wp-json\/wp\/v2\/comments?post=106060"}],"version-history":[{"count":0,"href":"https:\/\/linitiative.ca\/International\/wp-json\/wp\/v2\/posts\/106060\/revisions"}],"wp:attachment":[{"href":"https:\/\/linitiative.ca\/International\/wp-json\/wp\/v2\/media?parent=106060"}],"wp:term":[{"taxonomy":"category","embeddable":true,"href":"https:\/\/linitiative.ca\/International\/wp-json\/wp\/v2\/categories?post=106060"},{"taxonomy":"post_tag","embeddable":true,"href":"https:\/\/linitiative.ca\/International\/wp-json\/wp\/v2\/tags?post=106060"}],"curies":[{"name":"wp","href":"https:\/\/api.w.org\/{rel}","templated":true}]}}