{"id":106061,"date":"2020-11-30T09:00:30","date_gmt":"2020-11-30T14:00:30","guid":{"rendered":"https:\/\/linitiative.ca\/International\/400-fermes-dagrumes-sensibilisees-a-la-covid-19-dans-le-souss\/"},"modified":"2020-11-30T09:00:30","modified_gmt":"2020-11-30T14:00:30","slug":"400-fermes-dagrumes-sensibilisees-a-la-covid-19-dans-le-souss","status":"publish","type":"post","link":"https:\/\/linitiative.ca\/International\/400-fermes-dagrumes-sensibilisees-a-la-covid-19-dans-le-souss\/","title":{"rendered":"400 fermes d\u2019agrumes sensibilis\u00e9es  \u00e0 la Covid-19 dans le Souss"},"content":{"rendered":"<p><img decoding=\"async\" class=\"post_layout_5_img\" src=\"http:\/\/aujourdhui.ma\/wp-content\/uploads\/2017\/04\/Agriculture-PMV-Casablanca-Settat-Plan-Agricole-region.jpg\" alt=\"400 fermes d&#x2019;agrumes sensibilis&#xE9;es &#xE0; la Covid-19 dans le Souss\"\/><\/p>\n<p><span class=\"c5\"><strong>Une campagne qui s\u2019\u00e9talera sur trois semaines<\/strong><\/span><span id=\"more-361695\"\/><\/p>\n<p>400 fermes seront touch\u00e9es par la campagne de sensibilisation de trois semaines lanc\u00e9e dans les provinces de Taroudant et la pr\u00e9fecture d\u2019Inzegane-Ait Melloul au profit des producteurs d\u2019agrumes.<br \/>Organis\u00e9e sous l\u2019\u00e9gide du minist\u00e8re de l\u2019agriculture du d\u00e9veloppement rural et des eaux et for\u00eats, l\u2019Office national du conseil agricole (ONCA) et l\u2019Office r\u00e9gional de la mise en valeur agricole de Souss-Massa, cette initiative lanc\u00e9e depuis 19 novembre en coordination avec le Comit\u00e9 de veille de la province de Taroudant porte sur des actions de sensibilisation et de communication anti-Covid-19 dans la fili\u00e8re des agrumes sous le th\u00e8me \u00abEn se prot\u00e9geant, nous pr\u00e9servons nos vies et nos services et nous assurons l\u2019approvisionnement de nos march\u00e9s\u00bb.<\/p>\n<p>Ladite campagne est men\u00e9e en \u00e9troite coop\u00e9ration et collaboration avec les partenaires professionnels, \u00e0 savoir la F\u00e9d\u00e9ration interprofessionnelle marocaine des agrumes \u00abMaroc Citrus\u00bb, l\u2019Association des producteurs d\u2019agrumes du Maroc (ASPAM) et l\u2019Association des conditionneurs d\u2019agrumes du Maroc (ASCAM).<br \/>L\u2019organisation de cette initiative, deuxi\u00e8me de son genre apr\u00e8s celle qui a touch\u00e9 la province de Chtouka, co\u00efncide avec le d\u00e9but de la p\u00e9riode de r\u00e9colte et de conditionnement des agrumes et portera sur la sensibilisation \u00e0 l\u2019importance du strict respect des mesures de pr\u00e9vention et de pr\u00e9caution visant \u00e0 circonscrire la pand\u00e9mie du nouveau coronavirus, aussi bien au niveau des exploitations agricoles que dans les unit\u00e9s de conditionnement des agrumes.<\/p>\n<p>Cette initiative pr\u00e9voit l\u2019accompagnement des agriculteurs et des producteurs \u00e0 tous les niveaux, dans les exploitations agricoles, les unit\u00e9s de conditionnement et les march\u00e9s de gros et march\u00e9s hebdomadaires, le but \u00e9tant de sensibiliser l\u2019ensemble des parties prenantes aux mesures de pr\u00e9vention contre la Covid-19.<br \/>En effet, cette campagne de sensibilisation et de communication r\u00e9gionale, qui cible les travailleurs, les ouvriers, les techniciens, les employ\u00e9s des domaines agricoles, les unit\u00e9s de valorisation des produits agricoles et plusieurs autres parties concern\u00e9es, vient soutenir les efforts des autorit\u00e9s publiques et locales et des d\u00e9partements minist\u00e9riels concern\u00e9s afin de juguler la propagation de cette pand\u00e9mie.<\/p>\n<p>Par ailleurs, cette campagne ambitionne de p\u00e9renniser l\u2019activit\u00e9 des exploitations et des unit\u00e9s de valorisation dans ce contexte de crise sanitaire, en plus de la f\u00e9d\u00e9ration et la mobilisation de l\u2019ensemble des acteurs et partenaires dans le but d\u2019assurer le respect des mesures de pr\u00e9vention adapt\u00e9es aux sp\u00e9cificit\u00e9s du secteur agricole.<\/p>\n<p>Pour rappel, la r\u00e9gion Souss-Massa produit annuellement 580.000 tonnes d\u2019agrumes, soit 65% des exportations nationales en la mati\u00e8re dont presque la moiti\u00e9 est destin\u00e9e \u00e0 l\u2019export. Elle repr\u00e9sente un pilier principal de la production agricole au niveau r\u00e9gional, de point de vue des superficies occup\u00e9es atteignant 40 mille hectares.<\/p>\n<p>Auteur: Mohamed Laabid<br \/>\n<a href=\"https:\/\/aujourdhui.ma\/economie\/400-fermes-dagrumes-sensibilisees-a-la-covid-19-dans-le-souss\">Cliquez ici pour lire l&rsquo;article depuis sa source.<\/a><\/p>\n","protected":false},"excerpt":{"rendered":"<p>Une campagne qui s\u2019\u00e9talera sur trois semaines 400 fermes seront touch\u00e9es par la campagne de sensibilisation de trois semaines lanc\u00e9e dans les provinces de Taroudant et la pr\u00e9fecture d\u2019Inzegane-Ait Melloul au profit des producteurs d\u2019agrumes.Organis\u00e9e sous l\u2019\u00e9gide du minist\u00e8re de l\u2019agriculture du d\u00e9veloppement rural et des eaux et for\u00eats, l\u2019Office national du conseil agricole (ONCA) [&hellip;]<\/p>\n","protected":false},"author":1759,"featured_media":0,"comment_status":"closed","ping_status":"closed","sticky":false,"template":"","format":"standard","meta":{"fifu_image_url":"http:\/\/aujourdhui.ma\/wp-content\/uploads\/2017\/04\/Agriculture-PMV-Casablanca-Settat-Plan-Agricole-region.jpg","fifu_image_alt":"400 fermes d\u2019agrumes sensibilis\u00e9es  \u00e0 la Covid-19 dans le Souss","footnotes":""},"categories":[73,54],"tags":[],"class_list":["post-106061","post","type-post","status-publish","format-standard","hentry","category-actualite","category-maroc"],"_links":{"self":[{"href":"https:\/\/linitiative.ca\/International\/wp-json\/wp\/v2\/posts\/106061","targetHints":{"allow":["GET"]}}],"collection":[{"href":"https:\/\/linitiative.ca\/International\/wp-json\/wp\/v2\/posts"}],"about":[{"href":"https:\/\/linitiative.ca\/International\/wp-json\/wp\/v2\/types\/post"}],"author":[{"embeddable":true,"href":"https:\/\/linitiative.ca\/International\/wp-json\/wp\/v2\/users\/1759"}],"replies":[{"embeddable":true,"href":"https:\/\/linitiative.ca\/International\/wp-json\/wp\/v2\/comments?post=106061"}],"version-history":[{"count":0,"href":"https:\/\/linitiative.ca\/International\/wp-json\/wp\/v2\/posts\/106061\/revisions"}],"wp:attachment":[{"href":"https:\/\/linitiative.ca\/International\/wp-json\/wp\/v2\/media?parent=106061"}],"wp:term":[{"taxonomy":"category","embeddable":true,"href":"https:\/\/linitiative.ca\/International\/wp-json\/wp\/v2\/categories?post=106061"},{"taxonomy":"post_tag","embeddable":true,"href":"https:\/\/linitiative.ca\/International\/wp-json\/wp\/v2\/tags?post=106061"}],"curies":[{"name":"wp","href":"https:\/\/api.w.org\/{rel}","templated":true}]}}