{"id":106066,"date":"2020-11-30T08:46:25","date_gmt":"2020-11-30T13:46:25","guid":{"rendered":"https:\/\/linitiative.ca\/International\/lafem-acte-ses-20-ans-en-lancant-amally\/"},"modified":"2020-11-30T08:46:25","modified_gmt":"2020-11-30T13:46:25","slug":"lafem-acte-ses-20-ans-en-lancant-amally","status":"publish","type":"post","link":"https:\/\/linitiative.ca\/International\/lafem-acte-ses-20-ans-en-lancant-amally\/","title":{"rendered":"L\u2019AFEM acte ses 20 ans en lan\u00e7ant \u00abAmally\u00bb"},"content":{"rendered":"<p class=\"has-text-color has-vivid-red-color c2\"><strong>Entreprenariat f\u00e9minin<\/strong><\/p>\n<p class=\"has-text-color c3\"><strong>L\u2019Association des Femmes chefs d\u2019Entreprises du Maroc (AFEM) qui souffle sa 20\u00e8 bougie vient de lancer un nouveau plan baptis\u00e9 \u00ab\u00a0Amally\u00a0\u00bb d\u00e9di\u00e9 aux entreprises en difficult\u00e9s dirig\u00e9es par des femmes suite \u00e0 la Covid-19.<\/strong><\/p>\n<p>Consciente du risque insistant de faillites qui se r\u00e9percute sur la perte d\u2019emploi et l\u2019\u00e9quilibre \u00e9conomique, l\u2019AFEM s\u2019est mobilis\u00e9e durant cette crise sanitaire afin d\u2019apporter un soutien \u00e0 ses membres, impact\u00e9es durement, indique un communiqu\u00e9 de l\u2019Association.<\/p>\n<p>Ce plan a pour principaux objectifs d\u2019aider les membres \u00e0 survivre, \u00e0 pr\u00e9server leurs entreprises et \u00e0 rebondir et maintenir une dynamique dans cet environnement incertain. \u00ab\u00a0Amally est une main tendue aux entrepreneures d\u00e9sirant redessiner l\u2019avenir de leurs entreprises. Co-working, conseil, formation, coaching, s\u00e9minaires, ateliers, rencontres BtoB, accompagnement, tout est mis en \u0153uvre pour r\u00e9pondre aux attentes des femmes\u00a0\u00bb, explique AFEM.<\/p>\n<p>Cr\u00e9\u00e9e \u00e0 l\u2019initiative d\u2019un groupe de femmes en 2000, l\u2019AFEM a pour mission de contribuer \u00e0 promouvoir et \u00e0 soutenir l\u2019entreprenariat f\u00e9minin au Maroc, rappelle le communiqu\u00e9, notant que \u00ab\u00a020 ans, ce sont des milliers de femmes et de jeunes filles qui ont \u00e9t\u00e9 inspir\u00e9es et soutenues dans leur d\u00e9marche entrepreneuriale, 550 femmes form\u00e9es aux techniques de management, 80 projets incub\u00e9s, des entreprises cr\u00e9\u00e9es et p\u00e9rennis\u00e9es\u2026 c\u2019est aujourd\u2019hui une communaut\u00e9 au Maroc qui continue \u00e0 contribuer \u00e0 la croissance \u00e9conomique\u00a0\u00bb.<\/p>\n<p>20 ans, \u00ab\u00a0c\u2019est aussi plus de 300 \u00e9v\u00e9nements organis\u00e9s par l\u2019AFEM pour connecter les femmes cheffes d\u2019entreprises au Maroc et plus de 15 \u00e9v\u00e9nements internationaux pour les relier avec leurs homologues \u00e0 l\u2019\u00e9tranger, sans compter la participation de nos FCE aux congr\u00e8s mondiaux\u00a0\u00bb.<\/p>\n<p>20 ans, \u00ab\u00a0c\u2019est une conviction port\u00e9e et partag\u00e9e que l\u2019entrepreneure est une actrice incontournable de la croissance \u00e9conomique. En effet, le taux d\u2019activit\u00e9 entrepreneuriale des femmes impacte directement et positivement la croissance \u00e9conomique 5 fois plus que le taux d\u2019activit\u00e9 entrepreneuriale des hommes\u00a0\u00bb.<\/p>\n<p>Cit\u00e9e par le communiqu\u00e9, Le\u00efla Doukali, Pr\u00e9sidente Nationale de l\u2019AFEM a soulign\u00e9 que \u00ab\u00a020 ans \u00e0 l\u2019AFEM, c\u2019est le r\u00e9seau pionnier de la FCE, c\u2019est aussi un apprentissage permanent qui se r\u00e9sume en 4 mots : don de soi, partage, solidarit\u00e9 et exigence\u00a0\u00bb.<\/p>\n<p>Au sujet de r\u00e9am\u00e9nagement de son si\u00e8ge, l\u2019AFEM souligne que ce dernier offre aujourd\u2019hui un espace nouveau et des services \u00e0 nos membres, ajoutant que ce r\u00e9am\u00e9nagement a pu voir le jour gr\u00e2ce \u00e0 ses donateurs.<\/p>\n<p>R\u00e9organis\u00e9 en espace de co-working, l\u2019AFEM propose une alternative aux entrepreneures qui se voient forc\u00e9es d\u2019abandonner leur lieu de travail et qui ont besoin provisoirement d\u2019un espace bureau pour rebondir et p\u00e9renniser l\u2019activit\u00e9 de leurs entreprises.<\/p>\n<p>Et de faire de la cr\u00e9ation d\u2019une nouvelle plateforme web, ajoutant qu\u2019en appui de cet accompagnement, les entrepreneures sont r\u00e9unies sur amally.ma pour \u00e9changer et pr\u00e9senter leurs business respectifs\u2026 initiant ainsi de nouvelles opportunit\u00e9s de croissance. Le plan de l\u2019AFEM est adoss\u00e9 \u00e0 une approche genre dans le cadre d\u2019une \u00e9conomie inclusive et socialement responsable en coh\u00e9rence avec le Plan Gouvernemental pour l\u2019Egalit\u00e9 II dont la vision est de \u00ab\u00a0parvenir \u00e0 l\u2019\u00e9galit\u00e9 des sexes et autonomiser toutes les femmes et les filles, fond\u00e9 sur une approche bas\u00e9e sur les droits humains\u00a0\u00bb.<\/p>\n<p>La Pr\u00e9sidente Nationale de l\u2019AFEM a expliqu\u00e9: \u00ab\u00a0Pour se relever, il faut apprendre \u00e0 tomber. Nous avons vacill\u00e9, cette pand\u00e9mie nous a toutes impact\u00e9es. L\u2019AFEM, toujours fid\u00e8le \u00e0 sa mission depuis 20 ans, s\u2019engage aupr\u00e8s les FCE pour les accompagner dans leur relance en r\u00e9ajustant sa feuille de route avec un objectif ambitieux : faire b\u00e9n\u00e9ficier 100 FCE pour l\u2019ann\u00e9e 2021 du plan Amally\u00a0\u00bb.<\/p>\n<p>C\u2019est un nouveau tournant qui va sans aucun doute marquer une \u00e9tape importante dans la vie de l\u2019association, poursuit l\u2019AFEM, qui rend hommage \u00e0 l\u2019occasion de ses20 ans, \u00e0 des femmes investies pour le d\u00e9veloppement du Maroc, en particulier aux membres et partenaires qui la soutiennent pour un combat sans rel\u00e2che pour l\u2019inclusion et la valorisation des talents f\u00e9minins.<\/p>\n<p>Auteur: M&rsquo;hammed rahal<br \/>\n<a href=\"http:\/\/albayane.press.ma\/lafem-acte-ses-20-ans-en-lancant-amally.html\">Cliquez ici pour lire l&rsquo;article depuis sa source.<\/a><\/p>\n","protected":false},"excerpt":{"rendered":"<p>Entreprenariat f\u00e9minin L\u2019Association des Femmes chefs d\u2019Entreprises du Maroc (AFEM) qui souffle sa 20\u00e8 bougie vient de lancer un nouveau plan baptis\u00e9 \u00ab\u00a0Amally\u00a0\u00bb d\u00e9di\u00e9 aux entreprises en difficult\u00e9s dirig\u00e9es par des femmes suite \u00e0 la Covid-19. Consciente du risque insistant de faillites qui se r\u00e9percute sur la perte d\u2019emploi et l\u2019\u00e9quilibre \u00e9conomique, l\u2019AFEM s\u2019est mobilis\u00e9e [&hellip;]<\/p>\n","protected":false},"author":1760,"featured_media":0,"comment_status":"closed","ping_status":"closed","sticky":false,"template":"","format":"standard","meta":{"fifu_image_url":"","fifu_image_alt":"","footnotes":""},"categories":[73,54],"tags":[],"class_list":["post-106066","post","type-post","status-publish","format-standard","hentry","category-actualite","category-maroc"],"_links":{"self":[{"href":"https:\/\/linitiative.ca\/International\/wp-json\/wp\/v2\/posts\/106066","targetHints":{"allow":["GET"]}}],"collection":[{"href":"https:\/\/linitiative.ca\/International\/wp-json\/wp\/v2\/posts"}],"about":[{"href":"https:\/\/linitiative.ca\/International\/wp-json\/wp\/v2\/types\/post"}],"author":[{"embeddable":true,"href":"https:\/\/linitiative.ca\/International\/wp-json\/wp\/v2\/users\/1760"}],"replies":[{"embeddable":true,"href":"https:\/\/linitiative.ca\/International\/wp-json\/wp\/v2\/comments?post=106066"}],"version-history":[{"count":0,"href":"https:\/\/linitiative.ca\/International\/wp-json\/wp\/v2\/posts\/106066\/revisions"}],"wp:attachment":[{"href":"https:\/\/linitiative.ca\/International\/wp-json\/wp\/v2\/media?parent=106066"}],"wp:term":[{"taxonomy":"category","embeddable":true,"href":"https:\/\/linitiative.ca\/International\/wp-json\/wp\/v2\/categories?post=106066"},{"taxonomy":"post_tag","embeddable":true,"href":"https:\/\/linitiative.ca\/International\/wp-json\/wp\/v2\/tags?post=106066"}],"curies":[{"name":"wp","href":"https:\/\/api.w.org\/{rel}","templated":true}]}}