{"id":106069,"date":"2020-11-30T09:09:18","date_gmt":"2020-11-30T14:09:18","guid":{"rendered":"https:\/\/linitiative.ca\/International\/niamey-loci-salue-la-solidarite-du-maroc-envers-lafrique-dans-la-lutte-contre-le-coronavirus\/"},"modified":"2020-11-30T09:09:18","modified_gmt":"2020-11-30T14:09:18","slug":"niamey-loci-salue-la-solidarite-du-maroc-envers-lafrique-dans-la-lutte-contre-le-coronavirus","status":"publish","type":"post","link":"https:\/\/linitiative.ca\/International\/niamey-loci-salue-la-solidarite-du-maroc-envers-lafrique-dans-la-lutte-contre-le-coronavirus\/","title":{"rendered":"Niamey: L\u2019OCI salue la solidarit\u00e9 du Maroc envers l\u2019Afrique dans la lutte contre le coronavirus"},"content":{"rendered":"<p class=\"has-text-color c2\"><strong>L\u2019Organisation de la Coop\u00e9ration Islamique (OCI) a salu\u00e9, samedi \u00e0 Niamey, en cl\u00f4ture des travaux de la 47\u00e8 session du Conseil des ministres des affaires \u00e9trang\u00e8res de ses Etats membres, la solidarit\u00e9 du Maroc envers l\u2019Afrique en mati\u00e8re de lutte contre la pand\u00e9mie de coronavirus.<\/strong><\/p>\n<p>Dans son rapport annuel, le secr\u00e9taire g\u00e9n\u00e9ral de l\u2019OCI a mis en avant les aides m\u00e9dicales urgentes d\u00e9p\u00each\u00e9es au profit de plusieurs pays africains dans le cadre de l\u2019initiative lanc\u00e9e par SM le Roi Mohammed VI, le 13 avril 2020, visant \u00e0 \u00e9tablir un cadre op\u00e9rationnel afin d\u2019accompagner les efforts des pays africains dans les diff\u00e9rentes phases de gestion de la pand\u00e9mie.<\/p>\n<p>Cette initiative, selon le rapport, renforce le principe de solidarit\u00e9 et de coop\u00e9ration entre le Maroc et les pays du continent.<\/p>\n<p>Par ailleurs, le document s\u2019est f\u00e9licit\u00e9 aussi des efforts inlassables de l\u2019Agence Bayt Mal Al Qods Acharif pour l\u2019appui des plans et projets de d\u00e9veloppement en Palestine et dans la ville sainte dans le but de favoriser l\u2019autonomisation \u00e9conomique du peuple palestinien.<\/p>\n<p>La 47\u00e8me session, tenue deux jours durant sous le th\u00e8me \u201cunis contre le terrorisme, pour la paix et le d\u00e9veloppement\u201d, a \u00e9t\u00e9 marqu\u00e9e par l\u2019\u00e9lection des membres de la Commission Permanente Ind\u00e9pendante des Droits de l\u2019Homme (CPIDH) de l\u2019OCI, la passation de la pr\u00e9sidence du Conseil des ministres des affaires \u00e9trang\u00e8res de l\u2019OCI entre les Emirats arabes Unis et le Niger et l\u2019adoption de projets de r\u00e9solutions.<\/p>\n<p>Le Maroc est repr\u00e9sent\u00e9 \u00e0 cette session par une d\u00e9l\u00e9gation conduite par la ministre d\u00e9l\u00e9gu\u00e9e charg\u00e9e des Marocains r\u00e9sidant \u00e0 l\u2019\u00e9tranger, Nezha El Ouafi et compos\u00e9e notamment de l\u2019ambassadeur du Maroc au Niger, Allal El Achab, du repr\u00e9sentant permanent adjoint du Maroc aupr\u00e8s de l\u2019OCI, Abdallah Babbah et du chef de division des organisations arabes et islamiques au minist\u00e8re des Affaires \u00e9trang\u00e8res, de la Coop\u00e9ration africaine et des Marocains r\u00e9sidant \u00e0 l\u2019\u00e9tranger, Abderrahim Mouzayane.<\/p>\n<p>Auteur: M&rsquo;hammed rahal<br \/>\n<a href=\"http:\/\/albayane.press.ma\/niamey-loci-salue-la-solidarite-du-maroc-envers-lafrique-dans-la-lutte-contre-le-coronavirus.html\">Cliquez ici pour lire l&rsquo;article depuis sa source.<\/a><\/p>\n","protected":false},"excerpt":{"rendered":"<p>L\u2019Organisation de la Coop\u00e9ration Islamique (OCI) a salu\u00e9, samedi \u00e0 Niamey, en cl\u00f4ture des travaux de la 47\u00e8 session du Conseil des ministres des affaires \u00e9trang\u00e8res de ses Etats membres, la solidarit\u00e9 du Maroc envers l\u2019Afrique en mati\u00e8re de lutte contre la pand\u00e9mie de coronavirus. Dans son rapport annuel, le secr\u00e9taire g\u00e9n\u00e9ral de l\u2019OCI a [&hellip;]<\/p>\n","protected":false},"author":1760,"featured_media":0,"comment_status":"closed","ping_status":"closed","sticky":false,"template":"","format":"standard","meta":{"fifu_image_url":"","fifu_image_alt":"","footnotes":""},"categories":[73,54],"tags":[],"class_list":["post-106069","post","type-post","status-publish","format-standard","hentry","category-actualite","category-maroc"],"_links":{"self":[{"href":"https:\/\/linitiative.ca\/International\/wp-json\/wp\/v2\/posts\/106069","targetHints":{"allow":["GET"]}}],"collection":[{"href":"https:\/\/linitiative.ca\/International\/wp-json\/wp\/v2\/posts"}],"about":[{"href":"https:\/\/linitiative.ca\/International\/wp-json\/wp\/v2\/types\/post"}],"author":[{"embeddable":true,"href":"https:\/\/linitiative.ca\/International\/wp-json\/wp\/v2\/users\/1760"}],"replies":[{"embeddable":true,"href":"https:\/\/linitiative.ca\/International\/wp-json\/wp\/v2\/comments?post=106069"}],"version-history":[{"count":0,"href":"https:\/\/linitiative.ca\/International\/wp-json\/wp\/v2\/posts\/106069\/revisions"}],"wp:attachment":[{"href":"https:\/\/linitiative.ca\/International\/wp-json\/wp\/v2\/media?parent=106069"}],"wp:term":[{"taxonomy":"category","embeddable":true,"href":"https:\/\/linitiative.ca\/International\/wp-json\/wp\/v2\/categories?post=106069"},{"taxonomy":"post_tag","embeddable":true,"href":"https:\/\/linitiative.ca\/International\/wp-json\/wp\/v2\/tags?post=106069"}],"curies":[{"name":"wp","href":"https:\/\/api.w.org\/{rel}","templated":true}]}}