{"id":106070,"date":"2020-11-30T07:30:53","date_gmt":"2020-11-30T12:30:53","guid":{"rendered":"https:\/\/linitiative.ca\/International\/budget-de-larp-2021-les-deputes-estiment-que-le-budget-du-parlement-est-en-deca-de-ses-taches-legislatives-et-de-controle\/"},"modified":"2020-11-30T07:30:53","modified_gmt":"2020-11-30T12:30:53","slug":"budget-de-larp-2021-les-deputes-estiment-que-le-budget-du-parlement-est-en-deca-de-ses-taches-legislatives-et-de-controle","status":"publish","type":"post","link":"https:\/\/linitiative.ca\/International\/budget-de-larp-2021-les-deputes-estiment-que-le-budget-du-parlement-est-en-deca-de-ses-taches-legislatives-et-de-controle\/","title":{"rendered":"Budget de l\u2019ARP 2021 : Les d\u00e9put\u00e9s estiment que le budget du parlement est en de\u00e7\u00e0 de ses t\u00e2ches l\u00e9gislatives et de contr\u00f4le"},"content":{"rendered":"<p><strong>Les interventions des d\u00e9put\u00e9s ont \u00e9t\u00e9 ax\u00e9es, dimanche, lors de la s\u00e9ance pl\u00e9ni\u00e8re consacr\u00e9e \u00e0 l\u2019examen du projet du budget de l\u2019Assembl\u00e9e des Repr\u00e9sentants du peuple (ARP) pour l\u2019exercice 2021 sur la faiblesse du montant de ce budget en comparaison avec les t\u00e2ches du parlement et sa place dans le syst\u00e8me politique issu de la Constitution de 2014.<\/strong><\/p>\n<p>Dans ce contexte, la d\u00e9put\u00e9e\u00a0<strong>Farida Laabidi<\/strong>\u00a0a fait savoir que le budget de L\u2019ARP n\u2019est pas uniquement constitu\u00e9 des salaires des d\u00e9put\u00e9s mais comprend \u00e9galement d\u2019autres d\u00e9penses, \u00e0 l\u2019instar de celles relatives aux \u00e9quipements, \u00e0 la maintenance et aux agents, soulignant que l\u2019action l\u00e9gislative n\u00e9cessite toutes les conditions n\u00e9cessaires r\u00e9pondant aux besoins du parlement.<\/p>\n<p>Le d\u00e9put\u00e9\u00a0<strong>Anouar Chahed<\/strong>\u00a0a fait savoir que la diplomatie parlementaire est bloqu\u00e9e en raison du manque de financements, assurant que des \u00e9conomies peuvent \u00eatre fa\u00eetes sur d\u2019autres d\u00e9penses pour le recrutement de conseillers, sachant que le parlement n\u2019a pas pu se procurer les finances n\u00e9cessaires pour consulter des experts dans le cadre de la commission d\u2019enqu\u00eate relative \u00e0 l\u2019accident de Amdoun.<\/p>\n<p>Le parlementaire\u00a0<strong>Mondher Ben Attia<\/strong>\u00a0a, de son c\u00f4t\u00e9, fait remarquer que le budget du parlement repr\u00e9sente environ 0,1% du budget de l\u2019\u00c9tat pour l\u2019ann\u00e9e 2021, un budget qu\u2019il a qualifi\u00e9 de \u00ab\u00a0tr\u00e8s faible en comparaison avec les besoins du d\u00e9put\u00e9 pour accomplir au mieux ses missions\u00a0\u00bb, demandant, \u00e0 ce propos, de procurer un conseiller pour cinq d\u00e9put\u00e9s.<\/p>\n<p>Pour sa part, le d\u00e9put\u00e9<strong>\u00a0Hassouna Nasfi<\/strong>\u00a0a indiqu\u00e9 que \u00ab\u00a0jusqu\u2019\u00e0 ce jour le budget du parlement est abord\u00e9 comme si la Tunisie \u00e9tait encore r\u00e9gie par un parlement pr\u00e9sidentiel et non un r\u00e9gime parlementaire\u00a0\u00bb, attirant l\u2019attention sur l\u2019absence de cadre sup\u00e9rieurs accompagnant les groupes parlementaires en tant qu\u2019assistants parlementaires et la non installation de bureaux d\u2019associations d\u2019amiti\u00e9 parlementaires jusqu\u2019\u00e0 maintenant.<\/p>\n<p>Le d\u00e9put\u00e9\u00a0<strong>Mustapha Ben Ahmed<\/strong> a dit que la baisse du budget sera positive dans l\u2019actuel contexte, mais constitue, toutefois, un signal indiquant que le parlement n\u2019a pas l\u2019intention d\u2019am\u00e9liorer sa situation et de d\u00e9velopper les espaces consacr\u00e9s aux groupes, ces espaces souffrant du manque d\u2019\u00e9quipements.<\/p>\n<p>Le parlementaire\u00a0<strong>Noureddine Bhiri<\/strong>\u00a0a affirm\u00e9, dans son intervention, qu\u2019il est impossible d\u2019accepter ce budget qui ne permet pas aux d\u00e9put\u00e9s d\u2019assurer leurs mission l\u00e9gislatives et de contr\u00f4le.<\/p>\n<p>Le parlementaire\u00a0<strong>Oussama Kh\u00e9lifi<\/strong> a, quant \u00e0 lui, recommand\u00e9 d\u2019augmenter l\u2019ann\u00e9e prochaine le budget de l\u2019ARP et de mener des r\u00e9formes r\u00e9elles pour sauvegarder le rayonnement du parlement, soulignant \u00ab\u00a0qu\u2018il n\u2019 y a pas lieu pour les groupes parlementaires et les partis d\u2019utiliser les demandes l\u00e9gales de l\u2019administration du parlement pour des objectifs politiques \u00bb.<\/p>\n<p>Quant \u00e0 la d\u00e9put\u00e9e\u00a0<strong>Abir Moussi<\/strong>, elle a d\u00e9clar\u00e9 que le budget du parlement n\u2019a pas \u00e9t\u00e9 soumis \u00e0 la conf\u00e9rence des pr\u00e9sidents conform\u00e9ment \u00e0 la loi organique et que son adoption serait une erreur de proc\u00e9dure. Elle a fait remarquer que la r\u00e9duction du budget du parlement a lieu aux d\u00e9pens de l\u2019\u00e9quipement de la salle des s\u00e9ances pl\u00e9ni\u00e8res en \u00e9quipements num\u00e9riques, de la r\u00e9novation des fa\u00e7ades du parlement et de l\u2019octroi de bureaux r\u00e9serv\u00e9s aux d\u00e9put\u00e9s pour recevoir les visiteurs.<\/p>\n<p>Le d\u00e9put\u00e9\u00a0<strong>Ridha Dallai<\/strong>\u00a0s\u2019est interrog\u00e9 sur le devenir de l\u2019ind\u00e9pendance financi\u00e8re et administrative du parlement, vu le manque de moyens et l\u2019absence de lieux consacr\u00e9s \u00e0 l\u2019action parlementaire, outre l\u2019inexistence d\u2019assistants parlementaires.<\/p>\n<p>Pour ce qui est du d\u00e9put\u00e9\u00a0<strong>Yassine Ayari<\/strong>, il a d\u00e9plor\u00e9 la non adaptaion des moyens disponibles au r\u00f4le de contr\u00f4leur du parlement qu\u2019il s\u2019agit de d\u00e9velopper, tout en veillant \u00e0 l\u2019application et au suivi des lois adopt\u00e9es.<\/p>\n<p>De son c\u00f4t\u00e9, le d\u00e9put\u00e9\u00a0<strong>Amin Missaoui<\/strong>\u00a0a r\u00e9clam\u00e9 des explications concernant la non mise en oeuvre du parlement arabe, \u00ab\u00a0alors que des allocations sont r\u00e9serv\u00e9es au parlement africain dont la Tunisie ne tire pas profit\u00a0\u00bb.<\/p>\n<p>Le d\u00e9put\u00e9<strong>\u00a0Mohamed Z\u00e9rig<\/strong>\u00a0a estim\u00e9 que le parlement \u00ab\u00a0fait face \u00e0 une campagne de d\u00e9nigrement visant \u00e0 nuire \u00e0 l\u2019exp\u00e9rience d\u00e9mocratique\u00a0\u00bb, d\u00e9clarant que le d\u00e9put\u00e9 tunisien est \u00ab\u00a0l\u2019un des plus pauvres du monde\u00a0\u00bb et ajoutant \u00ab\u00a0nous ne demandons pas l\u2019am\u00e9lioration de notre situation mat\u00e9rielle mais celle des conditions logistiques pour mener au mieux nos missions\u00a0\u00bb.<\/p>\n<p>Le d\u00e9put\u00e9\u00a0<strong>Seiffeddine Makhlouf<\/strong>\u00a0a demand\u00e9 d\u2019auditer les fonctionnaires travaillant \u00e0 l\u2019ARP, car certains per\u00e7oivent un salaire sans travailler, s\u2019interrogeant sur la question de protection des d\u00e9put\u00e9s, relevant le manque de clart\u00e9 concernant les march\u00e9s et certaines donn\u00e9es pouvant \u00eatre hiss\u00e9e au rang de crime et appelant \u00e0 plus de transparence.<\/p>\n<p>Pour sa part, le d\u00e9put\u00e9<strong>\u00a0Sahbi Atig<\/strong>\u00a0a avanc\u00e9 que la \u00ab\u00a0transition r\u00e9alis\u00e9e gr\u00e2ce \u00e0 la Constitution n\u2019a pas concern\u00e9 l\u2019ARP\u00a0\u00bb, expliquant que les am\u00e9liorations apport\u00e9es par la Constitution de 2014 au niveau du syst\u00e8me politiques ne transpara\u00eet pas dans le budget du parlement\u00a0\u00bb. Il a ajout\u00e9 que le statut des agents remonte \u00e0 l\u2019\u00e9poque du pr\u00e9sident Bourguiba et selon lui, \u00ab\u00a0jusqu\u2019\u00e0 ce jour l\u2019application de la loi d\u2019ind\u00e9pendance financi\u00e8re et administrative du parlement n\u2019a pas eu lieu\u00a0\u00bb.<\/p>\n<p>Quant au d\u00e9put\u00e9\u00a0<strong>Zouheir Makhlouf<\/strong> a estim\u00e9 que le parlement arabe de transition ne l\u2019est plus et \u00ab\u00a0qu\u2019il n\u2019est pas n\u00e9cessaire de lui consacrer de tel financement \u00bb, pr\u00e9cisant: \u00ab nous participons \u00e0 hauteur de pr\u00e8s de 700 mille dinars au budget de l\u2019Union parlementaire arabe alors qu\u2019elle n\u2019offre aucune valeur ajout\u00e9e \u00bb. Par ailleurs, a-t-il dit, il est inconcevable de consacrer 90 mille dinars aux journaux sur papier \u00e0 l\u2019\u00e8re de la num\u00e9risation.<\/p>\n<p>Le d\u00e9put\u00e9\u00a0<strong>Nabil Hajji<\/strong>\u00a0a notamment soulign\u00e9 que le parlement \u00ab\u00a0ne se hisse pas encore au statut d\u2019une institution l\u00e9gislative efficiente car nous ne disposons pas d\u2019une vision et d\u2019un plan strat\u00e9gique d\u2019action, o\u00f9 est donc l\u2019engagement pris d\u2019assurer une pr\u00e9sentation des d\u00e9bats et discussions parlementaires dans le langage des signes et il est anormal de ne p\u00e9naliser le d\u00e9put\u00e9 mat\u00e9riellement qu\u2019apr\u00e8s 6 absences.<br \/>Et d\u2019ajouter: \u00ab\u00a0nous ne voulons pas une hausse des salaires mais des conditions de travail \u00e0 m\u00eame de nous permettre de travailler s\u00e9rieusement et de remplir nos missions\u00a0\u00bb.<\/p>\n<p>Le D\u00e9put\u00e9\u00a0<strong>Belgacem Hassen<\/strong>\u00a0a soulign\u00e9 la n\u00e9cessit\u00e9 d\u2019am\u00e9liorer les conditions de travail des d\u00e9put\u00e9s et des fonctionnaires de l\u2019administration du parlement ainsi que d\u2019oeuvrer au rayonnement de l\u2019image de ce dernier, \u00e9lu d\u00e9mocratiquement.<\/p>\n<p>Enfin la d\u00e9put\u00e9e\u00a0<strong>S\u00e9mia Abbou<\/strong>\u00a0a mis en garde contre toutes les tentatives de politiser l\u2019administration parlementaire ou d\u2019utiliser l\u2019espace du parlement pour des activit\u00e9s politiques sous couvert du travail parlementaire, accusant, dans ce contexte, le groupe du parti destourien libre (PDL) d\u2019un tel acte.<\/p>\n<p>Elle a \u00e9galement appel\u00e9 \u00e0 ne plus recourir \u00e0 des propos d\u00e9nigrants portant atteinte tant \u00e0 la r\u00e9putation des d\u00e9put\u00e9s que celle du parlement.<\/p>\n<div class=\"wp-post-author-wrap wp-post-author-shortcode left\">\n<h3 class=\"awpa-title\"\/>\n<div class=\"wp-post-author\">\n<div class=\"awpa-img awpa-author-block square\"><a href=\"http:\/\/lexpertjournal.net\/fr\/?author=5\"><img loading=\"lazy\" decoding=\"async\" alt=\"\" src=\"http:\/\/0.gravatar.com\/avatar\/97f8e10a1c1125ba104a76514ee07b16?s=150&amp;d=mm&amp;r=g\" srcset=\"http:\/\/0.gravatar.com\/avatar\/97f8e10a1c1125ba104a76514ee07b16?s=300&amp;d=mm&amp;r=g 2x\" class=\"avatar avatar-150 photo\" height=\"150\" width=\"150\"\/><\/a><\/div>\n<\/div>\n<\/div>\n<aside class=\"mashsb-container mashsb-main mashsb-stretched\">\n<\/aside>\n<p>Auteur: L&rsquo;expert<br \/>\n<a href=\"http:\/\/lexpertjournal.net\/fr\/?p=17443\">Cliquez ici pour lire l&rsquo;article depuis sa source.<\/a><\/p>\n","protected":false},"excerpt":{"rendered":"<p>Les interventions des d\u00e9put\u00e9s ont \u00e9t\u00e9 ax\u00e9es, dimanche, lors de la s\u00e9ance pl\u00e9ni\u00e8re consacr\u00e9e \u00e0 l\u2019examen du projet du budget de l\u2019Assembl\u00e9e des Repr\u00e9sentants du peuple (ARP) pour l\u2019exercice 2021 sur la faiblesse du montant de ce budget en comparaison avec les t\u00e2ches du parlement et sa place dans le syst\u00e8me politique issu de la [&hellip;]<\/p>\n","protected":false},"author":1775,"featured_media":0,"comment_status":"closed","ping_status":"closed","sticky":false,"template":"","format":"standard","meta":{"fifu_image_url":"http:\/\/0.gravatar.com\/avatar\/97f8e10a1c1125ba104a76514ee07b16?s=150&d=mm&r=g","fifu_image_alt":"Budget de l\u2019ARP 2021 : Les d\u00e9put\u00e9s estiment que le budget du parlement est en de\u00e7\u00e0 de ses t\u00e2ches l\u00e9gislatives et de contr\u00f4le","footnotes":""},"categories":[78,55],"tags":[],"class_list":["post-106070","post","type-post","status-publish","format-standard","hentry","category-economie","category-tunisie"],"_links":{"self":[{"href":"https:\/\/linitiative.ca\/International\/wp-json\/wp\/v2\/posts\/106070","targetHints":{"allow":["GET"]}}],"collection":[{"href":"https:\/\/linitiative.ca\/International\/wp-json\/wp\/v2\/posts"}],"about":[{"href":"https:\/\/linitiative.ca\/International\/wp-json\/wp\/v2\/types\/post"}],"author":[{"embeddable":true,"href":"https:\/\/linitiative.ca\/International\/wp-json\/wp\/v2\/users\/1775"}],"replies":[{"embeddable":true,"href":"https:\/\/linitiative.ca\/International\/wp-json\/wp\/v2\/comments?post=106070"}],"version-history":[{"count":0,"href":"https:\/\/linitiative.ca\/International\/wp-json\/wp\/v2\/posts\/106070\/revisions"}],"wp:attachment":[{"href":"https:\/\/linitiative.ca\/International\/wp-json\/wp\/v2\/media?parent=106070"}],"wp:term":[{"taxonomy":"category","embeddable":true,"href":"https:\/\/linitiative.ca\/International\/wp-json\/wp\/v2\/categories?post=106070"},{"taxonomy":"post_tag","embeddable":true,"href":"https:\/\/linitiative.ca\/International\/wp-json\/wp\/v2\/tags?post=106070"}],"curies":[{"name":"wp","href":"https:\/\/api.w.org\/{rel}","templated":true}]}}