{"id":106071,"date":"2020-11-30T07:35:21","date_gmt":"2020-11-30T12:35:21","guid":{"rendered":"https:\/\/linitiative.ca\/International\/gabes-soumoud-2-autorise-lapprovisionnement-temporaire-en-gaz-a-usage-domestique\/"},"modified":"2020-11-30T07:35:21","modified_gmt":"2020-11-30T12:35:21","slug":"gabes-soumoud-2-autorise-lapprovisionnement-temporaire-en-gaz-a-usage-domestique","status":"publish","type":"post","link":"https:\/\/linitiative.ca\/International\/gabes-soumoud-2-autorise-lapprovisionnement-temporaire-en-gaz-a-usage-domestique\/","title":{"rendered":"Gab\u00e8s : \u00ab Soumoud 2 \u00bb autorise l\u2019approvisionnement temporaire en gaz \u00e0 usage domestique"},"content":{"rendered":"<div class=\"td-post-content\">\n<p><strong>La coordination du Sit-in \u00ab Soumoud 2 \u00bb a d\u00e9cid\u00e9 d\u2019autoriser l\u2019ouverture des portes des usines de gaz naturel. Et ce pour une dur\u00e9e limit\u00e9e fix\u00e9e par les parties concern\u00e9es afin de permettre aux habitants de la r\u00e9gion de s\u2019approvisionner, temporairement, en gaz naturel \u00e0 usage domestique. C\u2019est ce qu\u2019a fait savoir, dimanche, ladite coordination sur sa page officielle \u00ab\u00a0<a href=\"https:\/\/fr.wikipedia.org\/wiki\/Facebook\">facebook<\/a>\u00a0\u00bb. Tout en ajoutant que le sit-in se prolongera jusqu\u2019\u00e0 la satisfaction des r\u00e9clamations.<\/strong><\/p>\n<p class=\"news_item_view_plain_text\">La coordination du sit-in \u00abSoumoud 2\u00bb a appel\u00e9 \u00e0 la n\u00e9gociation imm\u00e9diate afin de r\u00e9soudre tous les probl\u00e8mes et de procurer\u00a0<a href=\"http:\/\/www.leconomistemaghrebin.com\/2020\/11\/28\/faycel-derbel-52-mille-nouveaux-emplois-devraient-etre-crees-en-2021\/\">des emplois<\/a>, indiquant que les objectifs du sit-in observ\u00e9 par les jeunes au ch\u00f4mage dans la zone industrielle de Gab\u00e8s sont le d\u00e9veloppement et l\u2019emploi. Sans atteinte \u00e0 la s\u00e9curit\u00e9 nationale du pays ainsi qu\u2019au quotidien des citoyens. La coordination a soulign\u00e9 que la d\u00e9cision d\u2019ouvrir les portes des usines de gaz pour une dur\u00e9e limit\u00e9e est une r\u00e9ponse aux besoins des citoyens, compte tenu de la d\u00e9t\u00e9rioration de la situation de l\u2019approvisionnement en gaz naturel dans plusieurs r\u00e9gions du pays.<\/p>\n<p class=\"news_item_view_plain_text\">Par ailleurs, les membres de la coordination ont appel\u00e9 le gouvernement, dans un discours direct adress\u00e9 \u00e0 travers les r\u00e9seaux sociaux, \u00e0 trouver des solutions radicales aux dossiers chauds concernant le gouvernorat de Gab\u00e8s afin de permettre \u00e0 ses habitants de vivre d\u00e9cemment.<\/p>\n<p class=\"news_item_view_plain_text\">Il convient de signaler que plusieurs r\u00e9gions dans le sud et le centre connaissent une p\u00e9nurie en bouteilles de gaz naturel sur le march\u00e9 et les points de vente. Ce qui a provoqu\u00e9 la col\u00e8re des citoyens astreints \u00e0 de longues files d\u2019attente depuis les premi\u00e8res heures de\u00a0 la matin\u00e9e pour acqu\u00e9rir des bouteilles de gaz \u00e0 usage domestique.<\/p>\n<p class=\"news_item_view_plain_text\">Les stations-service de p\u00e9trole et de gaz liqu\u00e9fi\u00e9 ont \u00e9galement connu une forte affluence et des files d\u2019attente des voitures roulant au gaz \u00e0 cause de la p\u00e9nurie du stock qu\u2019elles connaissent. Sachant que l\u2019approvisionnement de ce produit provenant de la capitale est insuffisant.<\/p>\n<p>Avec TAP<\/p>\n<\/div>\n<footer>\n<\/footer>\n<div class=\"wp-post-author-wrap wp-post-author-shortcode left\">\n<h3 class=\"awpa-title\"\/>\n<div class=\"wp-post-author\">\n<div class=\"awpa-img awpa-author-block square\"><a href=\"http:\/\/lexpertjournal.net\/fr\/?author=5\"><img loading=\"lazy\" decoding=\"async\" alt=\"\" src=\"http:\/\/0.gravatar.com\/avatar\/97f8e10a1c1125ba104a76514ee07b16?s=150&amp;d=mm&amp;r=g\" srcset=\"http:\/\/0.gravatar.com\/avatar\/97f8e10a1c1125ba104a76514ee07b16?s=300&amp;d=mm&amp;r=g 2x\" class=\"avatar avatar-150 photo\" height=\"150\" width=\"150\"\/><\/a><\/div>\n<\/div>\n<\/div>\n<aside class=\"mashsb-container mashsb-main mashsb-stretched\">\n<\/aside>\n<p>Auteur: L&rsquo;expert<br \/>\n<a href=\"http:\/\/lexpertjournal.net\/fr\/?p=17446\">Cliquez ici pour lire l&rsquo;article depuis sa source.<\/a><\/p>\n","protected":false},"excerpt":{"rendered":"<p>La coordination du Sit-in \u00ab Soumoud 2 \u00bb a d\u00e9cid\u00e9 d\u2019autoriser l\u2019ouverture des portes des usines de gaz naturel. Et ce pour une dur\u00e9e limit\u00e9e fix\u00e9e par les parties concern\u00e9es afin de permettre aux habitants de la r\u00e9gion de s\u2019approvisionner, temporairement, en gaz naturel \u00e0 usage domestique. C\u2019est ce qu\u2019a fait savoir, dimanche, ladite coordination [&hellip;]<\/p>\n","protected":false},"author":1775,"featured_media":0,"comment_status":"closed","ping_status":"closed","sticky":false,"template":"","format":"standard","meta":{"fifu_image_url":"http:\/\/0.gravatar.com\/avatar\/97f8e10a1c1125ba104a76514ee07b16?s=150&d=mm&r=g","fifu_image_alt":"Gab\u00e8s : \u00ab Soumoud 2 \u00bb autorise l\u2019approvisionnement temporaire en gaz \u00e0 usage domestique","footnotes":""},"categories":[78,55],"tags":[],"class_list":["post-106071","post","type-post","status-publish","format-standard","hentry","category-economie","category-tunisie"],"_links":{"self":[{"href":"https:\/\/linitiative.ca\/International\/wp-json\/wp\/v2\/posts\/106071","targetHints":{"allow":["GET"]}}],"collection":[{"href":"https:\/\/linitiative.ca\/International\/wp-json\/wp\/v2\/posts"}],"about":[{"href":"https:\/\/linitiative.ca\/International\/wp-json\/wp\/v2\/types\/post"}],"author":[{"embeddable":true,"href":"https:\/\/linitiative.ca\/International\/wp-json\/wp\/v2\/users\/1775"}],"replies":[{"embeddable":true,"href":"https:\/\/linitiative.ca\/International\/wp-json\/wp\/v2\/comments?post=106071"}],"version-history":[{"count":0,"href":"https:\/\/linitiative.ca\/International\/wp-json\/wp\/v2\/posts\/106071\/revisions"}],"wp:attachment":[{"href":"https:\/\/linitiative.ca\/International\/wp-json\/wp\/v2\/media?parent=106071"}],"wp:term":[{"taxonomy":"category","embeddable":true,"href":"https:\/\/linitiative.ca\/International\/wp-json\/wp\/v2\/categories?post=106071"},{"taxonomy":"post_tag","embeddable":true,"href":"https:\/\/linitiative.ca\/International\/wp-json\/wp\/v2\/tags?post=106071"}],"curies":[{"name":"wp","href":"https:\/\/api.w.org\/{rel}","templated":true}]}}