{"id":106073,"date":"2020-11-30T07:46:07","date_gmt":"2020-11-30T12:46:07","guid":{"rendered":"https:\/\/linitiative.ca\/International\/lancement-le-1er-decembre-2020-de-lassociation-culturelle-tuniso-roumaine\/"},"modified":"2020-11-30T07:46:07","modified_gmt":"2020-11-30T12:46:07","slug":"lancement-le-1er-decembre-2020-de-lassociation-culturelle-tuniso-roumaine","status":"publish","type":"post","link":"https:\/\/linitiative.ca\/International\/lancement-le-1er-decembre-2020-de-lassociation-culturelle-tuniso-roumaine\/","title":{"rendered":"Lancement le 1er d\u00e9cembre 2020 de l\u2019Association culturelle tuniso-roumaine"},"content":{"rendered":"<p><strong>L\u2019Ambassade de Roumanie \u00e0 Tunis, en collaboration avec le Centre de la culture et des sciences de la Roumanie \u00e0 Tunis, le lectorat de la langue roumaine et l\u2019Association culturelle Tuniso-roumaine c\u00e9l\u00e9breront la f\u00eate nationale de la Roumanie, le 1er d\u00e9cembre 2020, pour la premi\u00e8re fois, dans un environnement virtuel, \u00e0 travers une s\u00e9rie d\u2019\u00e9v\u00e9nements.<\/strong><\/p>\n<p>Dans ce contexte, l\u2019Ambassade de Roumanie \u00e0 Tunis, avec le soutien des Archives diplomatiques du minist\u00e8re roumain des Affaires \u00e9trang\u00e8res, ouvrira, sur le site de la mission diplomatique et sur sa page Facebook, l\u2019exposition en ligne \u00ab\u00a0Les relations roumano-tunisiennes dans les archives diplomatiques\u00a0\u00bb. Ce site contient une s\u00e9rie de photos et de documents uniques (correspondances diplomatiques, discours, rapports, communiqu\u00e9s conjoints) datant de la premi\u00e8re d\u00e9cennie apr\u00e8s l\u2019\u00e9tablissement des relations diplomatiques entre les deux pays, le 16 d\u00e9cembre 1963. L\u2019exposition est accessible \u00e0 l\u2019adresse:\u00a0<a href=\"http:\/\/tunis.mae.ro\/fr\/local-news\/2401\" target=\"_blank\" rel=\"noopener noreferrer\">http:\/\/tunis.mae.ro\/fr\/local-news\/2401<\/a><\/p>\n<h2>Promotion des \u00e9changes culturels<\/h2>\n<p>Le lancement de l\u2019Association culturelle tuniso-roumaine, premi\u00e8re organisation des Roumains de la m\u00e9tropole du Grand Tunis, aura \u00e9galement lieu \u00e0 l\u2019occasion de la f\u00eate nationale.<\/p>\n<p class=\"td-modal-image\"><a class=\"\" href=\"https:\/\/i0.wp.com\/www.leconomistemaghrebin.com\/wp-content\/uploads\/2020\/11\/Tunisie-Roumanie.jpg\"><img loading=\"lazy\" decoding=\"async\" class=\"alignleft wp-image-361302 jetpack-lazy-image jetpack-lazy-image--handled\" src=\"https:\/\/i0.wp.com\/www.leconomistemaghrebin.com\/wp-content\/uploads\/2020\/11\/Tunisie-Roumanie.jpg?resize=231,329\" alt=\"\" width=\"231\" height=\"329\" data-recalc-dims=\"1\" data-lazy-loaded=\"1\"\/><\/a>Sous la direction de Mme Natalia Dolganiuc, l\u2019Association a parmi ses priorit\u00e9s l\u2019organisation d\u2019\u00e9v\u00e9nements culturels (th\u00e9\u00e2tre, musique, spectacles pour enfants et adultes) pour la communaut\u00e9 roumaine et le grand public tunisien. Ainsi que la coop\u00e9ration avec les associations en Roumanie, la promotion des \u00e9changes culturels et la participation \u00e0 des programmes d\u2019\u00e9ducation. Sans oublier l\u2019organisation de s\u00e9minaires et de projets pour promouvoir les relations bilat\u00e9rales.<\/p>\n<p>\u00c0 la m\u00eame occasion, sera lanc\u00e9e la<a href=\"https:\/\/www.youtube.com\/channel\/UCqeFn7y8zHvXNr5q4Vc7V-w\" target=\"_blank\" rel=\"noopener noreferrer\">\u00a0cha\u00eene YouTube de l\u2019ambassade de Roumanie<\/a>\u00a0\u00e0 Tunis. Elle contient des vid\u00e9os sur les activit\u00e9s de la mission diplomatique. Ainsi que des reportages et des interviews donn\u00e9s aux t\u00e9l\u00e9visions en Tunisie et en Roumanie. Et des images de visites officielles et d\u2019activit\u00e9s de la communaut\u00e9 roumaine.<\/p>\n<p>Aussi, tant sur la page Facebook de la mission diplomatique que sur la cha\u00eene TVR International, une s\u00e9rie de messages de citoyens tunisiens \u00e0 la Roumanie et aux Roumains du monde entier sera diffus\u00e9e le 1er d\u00e9cembre 2020.<\/p>\n<h2>T\u00e9moignages des m\u00e9decins tunisiens qui ont \u00e9tudi\u00e9 en Roumanie<\/h2>\n<p>Cette ann\u00e9e, les \u00e9tudiants du cours de langue roumaine \u00e0 Tunis, sous la coordination de la conf\u00e9renci\u00e8re universitaire, Dr Florica Lia Faur, seront pr\u00e9sents pour la premi\u00e8re fois \u00e0 un tel \u00e9v\u00e9nement.<\/p>\n<p>Pour la premi\u00e8re fois \u00e9galement, certains des milliers de m\u00e9decins et pharmaciens tunisiens, qui ont \u00e9tudi\u00e9 dans les universit\u00e9s roumaines, enverront une bonne pens\u00e9e pour leur seconde patrie, la Roumanie.<\/p>\n<p>L\u2019\u00e9v\u00e9nement acquiert une importance particuli\u00e8re dans le contexte \u00e9pid\u00e9miologique actuel. Etant donn\u00e9 le r\u00f4le exceptionnel du personnel m\u00e9dical qui traite et fournit des soins sp\u00e9cialis\u00e9s face \u00e0 la pand\u00e9mie.<\/p>\n<p>Que ce soit en Tunisie, en Roumanie ou dans d\u2019autres pays, les m\u00e9decins tunisiens qui ont \u00e9tudi\u00e9 en Roumanie sont les v\u00e9ritables ambassadeurs de l\u2019\u00e9cole roumaine de m\u00e9decine et de pharmacie. Et des situations particuli\u00e8res, comme la pand\u00e9mie, soulignent l\u2019importance de la coop\u00e9ration internationale. Dans le domaine de l\u2019enseignement sup\u00e9rieur et l\u2019investissement humain \u00e0 long terme. Propos\u00e9 par la Roumanie \u00e0 des jeunes de diff\u00e9rents pays du monde.<\/p>\n<p>De plus, dans les conditions sp\u00e9ciales de la pand\u00e9mie de 2020, l\u2019ambassade de\u00a0 Roumanie \u00e0 Tunis a identifi\u00e9 une s\u00e9rie de pharmacies et de cabinets m\u00e9dicaux en Tunisie. Et a cr\u00e9\u00e9 une liste de contacts avec le personnel m\u00e9dical disponible. Afin de\u00a0 fournir une assistance sp\u00e9cialis\u00e9e en Roumanie aux membres de la communaut\u00e9 roumaine. Ainsi qu\u2019aux citoyens roumains qui se trouvent temporairement sur le territoire tunisien.<\/p>\n<div class=\"wp-post-author-wrap wp-post-author-shortcode left\">\n<h3 class=\"awpa-title\"\/>\n<div class=\"wp-post-author\">\n<div class=\"awpa-img awpa-author-block square\"><a href=\"http:\/\/lexpertjournal.net\/fr\/?author=5\"><img loading=\"lazy\" decoding=\"async\" alt=\"\" src=\"http:\/\/0.gravatar.com\/avatar\/97f8e10a1c1125ba104a76514ee07b16?s=150&amp;d=mm&amp;r=g\" srcset=\"http:\/\/0.gravatar.com\/avatar\/97f8e10a1c1125ba104a76514ee07b16?s=300&amp;d=mm&amp;r=g 2x\" class=\"avatar avatar-150 photo\" height=\"150\" width=\"150\"\/><\/a><\/div>\n<\/div>\n<\/div>\n<aside class=\"mashsb-container mashsb-main mashsb-stretched\">\n<\/aside>\n<p>Auteur: L&rsquo;expert<br \/>\n<a href=\"http:\/\/lexpertjournal.net\/fr\/?p=17453\">Cliquez ici pour lire l&rsquo;article depuis sa source.<\/a><\/p>\n","protected":false},"excerpt":{"rendered":"<p>L\u2019Ambassade de Roumanie \u00e0 Tunis, en collaboration avec le Centre de la culture et des sciences de la Roumanie \u00e0 Tunis, le lectorat de la langue roumaine et l\u2019Association culturelle Tuniso-roumaine c\u00e9l\u00e9breront la f\u00eate nationale de la Roumanie, le 1er d\u00e9cembre 2020, pour la premi\u00e8re fois, dans un environnement virtuel, \u00e0 travers une s\u00e9rie d\u2019\u00e9v\u00e9nements. [&hellip;]<\/p>\n","protected":false},"author":1775,"featured_media":0,"comment_status":"closed","ping_status":"closed","sticky":false,"template":"","format":"standard","meta":{"fifu_image_url":"https:\/\/i0.wp.com\/www.leconomistemaghrebin.com\/wp-content\/uploads\/2020\/11\/Tunisie-Roumanie.jpg?resize=231,329","fifu_image_alt":"Lancement le 1er d\u00e9cembre 2020 de l\u2019Association culturelle tuniso-roumaine","footnotes":""},"categories":[78,55],"tags":[],"class_list":["post-106073","post","type-post","status-publish","format-standard","hentry","category-economie","category-tunisie"],"_links":{"self":[{"href":"https:\/\/linitiative.ca\/International\/wp-json\/wp\/v2\/posts\/106073","targetHints":{"allow":["GET"]}}],"collection":[{"href":"https:\/\/linitiative.ca\/International\/wp-json\/wp\/v2\/posts"}],"about":[{"href":"https:\/\/linitiative.ca\/International\/wp-json\/wp\/v2\/types\/post"}],"author":[{"embeddable":true,"href":"https:\/\/linitiative.ca\/International\/wp-json\/wp\/v2\/users\/1775"}],"replies":[{"embeddable":true,"href":"https:\/\/linitiative.ca\/International\/wp-json\/wp\/v2\/comments?post=106073"}],"version-history":[{"count":0,"href":"https:\/\/linitiative.ca\/International\/wp-json\/wp\/v2\/posts\/106073\/revisions"}],"wp:attachment":[{"href":"https:\/\/linitiative.ca\/International\/wp-json\/wp\/v2\/media?parent=106073"}],"wp:term":[{"taxonomy":"category","embeddable":true,"href":"https:\/\/linitiative.ca\/International\/wp-json\/wp\/v2\/categories?post=106073"},{"taxonomy":"post_tag","embeddable":true,"href":"https:\/\/linitiative.ca\/International\/wp-json\/wp\/v2\/tags?post=106073"}],"curies":[{"name":"wp","href":"https:\/\/api.w.org\/{rel}","templated":true}]}}