{"id":106074,"date":"2020-11-30T08:54:10","date_gmt":"2020-11-30T13:54:10","guid":{"rendered":"https:\/\/linitiative.ca\/International\/sortie-du-livre-osons-notre-futur-une-tunisie-apprenante-de-akil-sadkaoui-et-othman-khaled\/"},"modified":"2020-11-30T08:54:10","modified_gmt":"2020-11-30T13:54:10","slug":"sortie-du-livre-osons-notre-futur-une-tunisie-apprenante-de-akil-sadkaoui-et-othman-khaled","status":"publish","type":"post","link":"https:\/\/linitiative.ca\/International\/sortie-du-livre-osons-notre-futur-une-tunisie-apprenante-de-akil-sadkaoui-et-othman-khaled\/","title":{"rendered":"Sortie du livre : \u00ab\u00a0Osons\u2026 Notre Futur ! Une Tunisie Apprenante \u00a0\u00bb de Akil Sadkaoui et Othman Khaled"},"content":{"rendered":"<p>Paru aux \u00e9ditions Alyssa, \u00ab\u00a0Osons\u2026 Notre Futur ! Une Tunisie Apprenante \u00ab\u00a0, de Akil Sadkaoui et Othman Khaled, respectivement, Consultant et Business Coach et Expert en Urbanisme et Prospective, permet de r\u00e9pondre aux diverses questions sur l\u2019avenir de la Tunisie, \u00e0 travers la pr\u00e9sentation des \u00e9volutions que conna\u00eetra le monde au cours des prochaines ann\u00e9es.<\/p>\n<p>\u00a0\u00bb Quelle Tunisie voulons-nous ? A quoi rassemble-t-elle cette Tunisie r\u00eav\u00e9e ? A quoi ressemblera 2050 ? Quelles sera notre vision pour concevoir l\u2019espace urbain ? Quelles pistes de r\u00e9flexion par secteur ? Quel serait le nouvel impact sur l\u2019\u00e9conomie ? \u00a0\u00bb Ce sont les questions cl\u00e9s auxquelles Akil Sadkaoui et Othman Khaled tentent de r\u00e9pondre dans leur livre qui vient tout juste de sortir. Les auteurs insistent sur l\u2019importance de la qualit\u00e9 participative attendue du r\u00e9sultat. Ils invitent, cependant, les lecteurs \u00e0 exercer leur citoyennet\u00e9 et \u00e0 appuyer le processus d\u2019\u00e9laboration des projections pour la soci\u00e9t\u00e9 \u00e0 diverses \u00e9ch\u00e9ances.<\/p>\n<p>Dans ce livre, les auteurs mettent \u00e0 disposition le fruit de riches discussions pendant de longues journ\u00e9es de confinement abordant les futurs possibles et les priorit\u00e9s sectorielles de la Tunisie de demain leur permettant d\u2019actualiser la pr\u00e9sentation de leurs visions pour une Tunisie en 2050.<\/p>\n<p>Et \u00e0 travers leur engagement pour la pr\u00e9sentation d\u2019une \u00e9tude prospective au sujet d\u2019une Tunisie Durable 2050, en partenariat entre l\u2019association Tunisian Smart Cities et l\u2019Institut tunisien des \u00e9tudes strat\u00e9giques (ITES), Akil Sadkaoui et Othman Khaled pr\u00e9sentent des m\u00e9canismes d\u2019optimisation des performances soci\u00e9tales et des principales pistes de r\u00e9flexion par secteur de service dans l\u2019ambition de d\u00e9finir une politique destin\u00e9e \u00e0 servir de r\u00e9f\u00e9rence \u00e0 la strat\u00e9gie.<\/p>\n<p><img loading=\"lazy\" decoding=\"async\" class=\" wp-image-17458 alignleft\" src=\"http:\/\/lexpertjournal.net\/fr\/wp-content\/uploads\/sites\/2\/2020\/11\/osons-notre-futur-1-300x200.jpg\" alt=\"\" width=\"503\" height=\"335\" srcset=\"http:\/\/lexpertjournal.net\/fr\/wp-content\/uploads\/sites\/2\/2020\/11\/osons-notre-futur-1-300x200.jpg 300w, http:\/\/lexpertjournal.net\/fr\/wp-content\/uploads\/sites\/2\/2020\/11\/osons-notre-futur-1-1024x683.jpg 1024w, http:\/\/lexpertjournal.net\/fr\/wp-content\/uploads\/sites\/2\/2020\/11\/osons-notre-futur-1-768x512.jpg 768w, http:\/\/lexpertjournal.net\/fr\/wp-content\/uploads\/sites\/2\/2020\/11\/osons-notre-futur-1-1536x1020.jpg 1536w, http:\/\/lexpertjournal.net\/fr\/wp-content\/uploads\/sites\/2\/2020\/11\/osons-notre-futur-1-675x450.jpg 675w, http:\/\/lexpertjournal.net\/fr\/wp-content\/uploads\/sites\/2\/2020\/11\/osons-notre-futur-1.jpg 2048w\" sizes=\"auto, (max-width: 503px) 100vw, 503px\"\/><img loading=\"lazy\" decoding=\"async\" class=\" wp-image-17459 alignnone\" src=\"http:\/\/lexpertjournal.net\/fr\/wp-content\/uploads\/sites\/2\/2020\/11\/Osons-notre-futur-2-300x200.jpg\" alt=\"\" width=\"509\" height=\"339\" srcset=\"http:\/\/lexpertjournal.net\/fr\/wp-content\/uploads\/sites\/2\/2020\/11\/Osons-notre-futur-2-300x200.jpg 300w, http:\/\/lexpertjournal.net\/fr\/wp-content\/uploads\/sites\/2\/2020\/11\/Osons-notre-futur-2-1024x683.jpg 1024w, http:\/\/lexpertjournal.net\/fr\/wp-content\/uploads\/sites\/2\/2020\/11\/Osons-notre-futur-2-768x512.jpg 768w, http:\/\/lexpertjournal.net\/fr\/wp-content\/uploads\/sites\/2\/2020\/11\/Osons-notre-futur-2-1536x1020.jpg 1536w, http:\/\/lexpertjournal.net\/fr\/wp-content\/uploads\/sites\/2\/2020\/11\/Osons-notre-futur-2-675x450.jpg 675w, http:\/\/lexpertjournal.net\/fr\/wp-content\/uploads\/sites\/2\/2020\/11\/Osons-notre-futur-2.jpg 2048w\" sizes=\"auto, (max-width: 509px) 100vw, 509px\"\/><\/p>\n<p><strong>A propos des auteurs<\/strong><\/p>\n<p><strong>Akil Sadkaoui :<\/strong><\/p>\n<p>Dipl\u00f4m\u00e9 de l\u2019Universit\u00e9 Paris 1, Panth\u00e9on Sorbonne en Economie Internationale et de Google en Marketing digital, Fondateur de ASIC sp\u00e9cialis\u00e9 dans le Business Transformation, Coach certifi\u00e9 de ICF \u00ab\u00a0International Coach Federation \u00ab\u00a0, membre des associations \u00a0\u00bb Tunisia For All \u00a0\u00bb et vice-pr\u00e9sident de l\u2019association Tunisian Smart Cities.<\/p>\n<p>Contact : 22 303 855 \/ akil.sadkaoui@asic.global<\/p>\n<p>Othman Khaled :<\/p>\n<p>Dipl\u00f4m\u00e9 de l\u2019Ecole sp\u00e9ciale d\u2019Architecture de Paris et de l\u2019Ecole doctorale Sciences et Ing\u00e9nierie architecturales-Carthage, Fondateur de l\u2019agence de prospection de d\u00e9veloppement\/Am\u00e9nagement ArchiMED et Pr\u00e9sident de l\u2019association de d\u00e9veloppement r\u00e9gional, \u00e9conomie sociale et Symbiose \u00e9cologique.<\/p>\n<p>Contact : 26 195 407 \/ othkhaled@hotmail.com<\/p>\n<p><strong>L\u2019\u00e9diteur<\/strong><\/p>\n<p>Alyssa \u00e9dition a \u00e9t\u00e9 fond\u00e9e en 1996. Avec la complicit\u00e9 de ses partenaires et amis, Alyssa \u00e9dition a d\u00e9velopp\u00e9 une politique \u00e9ditoriale g\u00e9n\u00e9raliste.<\/p>\n<p>Contact: 28 102 103 \/ etablissement.alyssa@gmail.com<\/p>\n<div class=\"wp-post-author-wrap wp-post-author-shortcode left\">\n<h3 class=\"awpa-title\"\/>\n<div class=\"wp-post-author\">\n<div class=\"awpa-img awpa-author-block square\"><a href=\"http:\/\/lexpertjournal.net\/fr\/?author=5\"><img loading=\"lazy\" decoding=\"async\" alt=\"\" src=\"http:\/\/0.gravatar.com\/avatar\/97f8e10a1c1125ba104a76514ee07b16?s=150&amp;d=mm&amp;r=g\" srcset=\"http:\/\/0.gravatar.com\/avatar\/97f8e10a1c1125ba104a76514ee07b16?s=300&amp;d=mm&amp;r=g 2x\" class=\"avatar avatar-150 photo\" height=\"150\" width=\"150\"\/><\/a><\/div>\n<\/div>\n<\/div>\n<aside class=\"mashsb-container mashsb-main mashsb-stretched\">\n<\/aside>\n<p>Auteur: L&rsquo;expert<br \/>\n<a href=\"http:\/\/lexpertjournal.net\/fr\/?p=17457\">Cliquez ici pour lire l&rsquo;article depuis sa source.<\/a><\/p>\n","protected":false},"excerpt":{"rendered":"<p>Paru aux \u00e9ditions Alyssa, \u00ab\u00a0Osons\u2026 Notre Futur ! Une Tunisie Apprenante \u00ab\u00a0, de Akil Sadkaoui et Othman Khaled, respectivement, Consultant et Business Coach et Expert en Urbanisme et Prospective, permet de r\u00e9pondre aux diverses questions sur l\u2019avenir de la Tunisie, \u00e0 travers la pr\u00e9sentation des \u00e9volutions que conna\u00eetra le monde au cours des prochaines ann\u00e9es. [&hellip;]<\/p>\n","protected":false},"author":1775,"featured_media":0,"comment_status":"closed","ping_status":"closed","sticky":false,"template":"","format":"standard","meta":{"fifu_image_url":"http:\/\/lexpertjournal.net\/fr\/wp-content\/uploads\/sites\/2\/2020\/11\/osons-notre-futur-1-300x200.jpg","fifu_image_alt":"Sortie du livre : \u00ab\u00a0Osons\u2026 Notre Futur ! Une Tunisie Apprenante \u00a0\u00bb de Akil Sadkaoui et Othman Khaled","footnotes":""},"categories":[78,55],"tags":[],"class_list":["post-106074","post","type-post","status-publish","format-standard","hentry","category-economie","category-tunisie"],"_links":{"self":[{"href":"https:\/\/linitiative.ca\/International\/wp-json\/wp\/v2\/posts\/106074","targetHints":{"allow":["GET"]}}],"collection":[{"href":"https:\/\/linitiative.ca\/International\/wp-json\/wp\/v2\/posts"}],"about":[{"href":"https:\/\/linitiative.ca\/International\/wp-json\/wp\/v2\/types\/post"}],"author":[{"embeddable":true,"href":"https:\/\/linitiative.ca\/International\/wp-json\/wp\/v2\/users\/1775"}],"replies":[{"embeddable":true,"href":"https:\/\/linitiative.ca\/International\/wp-json\/wp\/v2\/comments?post=106074"}],"version-history":[{"count":0,"href":"https:\/\/linitiative.ca\/International\/wp-json\/wp\/v2\/posts\/106074\/revisions"}],"wp:attachment":[{"href":"https:\/\/linitiative.ca\/International\/wp-json\/wp\/v2\/media?parent=106074"}],"wp:term":[{"taxonomy":"category","embeddable":true,"href":"https:\/\/linitiative.ca\/International\/wp-json\/wp\/v2\/categories?post=106074"},{"taxonomy":"post_tag","embeddable":true,"href":"https:\/\/linitiative.ca\/International\/wp-json\/wp\/v2\/tags?post=106074"}],"curies":[{"name":"wp","href":"https:\/\/api.w.org\/{rel}","templated":true}]}}