{"id":106076,"date":"2020-11-30T04:30:00","date_gmt":"2020-11-30T09:30:00","guid":{"rendered":"https:\/\/linitiative.ca\/International\/lalgerie-classee-a-la-107e-place\/"},"modified":"2020-11-30T04:30:00","modified_gmt":"2020-11-30T09:30:00","slug":"lalgerie-classee-a-la-107e-place","status":"publish","type":"post","link":"https:\/\/linitiative.ca\/International\/lalgerie-classee-a-la-107e-place\/","title":{"rendered":"L\u2019Alg\u00e9rie class\u00e9e \u00e0 la 107e place"},"content":{"rendered":"<div id=\"originalText\" readability=\"45\">\n<p>L\u2019Alg\u00e9rie est\u00a0 class\u00e9e\u00a0 \u00e0\u00a0 la\u00a0 107e\u00a0 place\u00a0 sur\u00a0 134 pays\u00a0 dans\u00a0 le\u00a0 dernier\u00a0 rapport mondial sur l\u2019\u00e9conomie num\u00e9rique (Network Readiness Index (NRI 2020).<\/p>\n<p>Le rapport prend en\u00a0 consid\u00e9ration\u00a0 quatre piliers, \u00e0\u00a0 savoir la technologie, les gens, la gouvernance et l\u2019impact sur l\u2019\u00e9conomie et la qualit\u00e9 de la vie.<\/p>\n<p>Notre\u00a0 pays\u00a0 se\u00a0 positionne\u00a0 \u00e0\u00a0 la\u00a0 108e\u00a0 place\u00a0 dans\u00a0 les\u00a0 capacit\u00e9s technologiques, 86e dans l\u2019acc\u00e8s de la population \u00e0 la technologie, 120e dans la gouvernance et enfin 101e dans l\u2019impact\u00a0 des\u00a0 technologies. L\u2019Alg\u00e9rie\u00a0 est class\u00e9e\u00a012e parmi les \u00c9tats arabes.\u00a0<\/p>\n<\/div>\n<div id=\"text_core\" readability=\"45\">\n<p>L\u2019Alg\u00e9rie est\u00a0 class\u00e9e\u00a0 \u00e0\u00a0 la\u00a0 107e\u00a0 place\u00a0 sur\u00a0 134 pays\u00a0 dans\u00a0 le\u00a0 dernier\u00a0 rapport mondial sur l\u2019\u00e9conomie num\u00e9rique (Network Readiness Index (NRI 2020).<\/p>\n<p>Le rapport prend en\u00a0 consid\u00e9ration\u00a0 quatre piliers, \u00e0\u00a0 savoir la technologie, les gens, la gouvernance et l\u2019impact sur l\u2019\u00e9conomie et la qualit\u00e9 de la vie.<\/p>\n<p>Notre\u00a0 pays\u00a0 se\u00a0 positionne\u00a0 \u00e0\u00a0 la\u00a0 108e\u00a0 place\u00a0 dans\u00a0 les\u00a0 capacit\u00e9s technologiques, 86e dans l\u2019acc\u00e8s de la population \u00e0 la technologie, 120e dans la gouvernance et enfin 101e dans l\u2019impact\u00a0 des\u00a0 technologies. L\u2019Alg\u00e9rie\u00a0 est class\u00e9e\u00a012e parmi les \u00c9tats arabes.\u00a0<\/p>\n<\/div>\n<p>Auteur:<br \/>\n<a href=\"https:\/\/www.liberte-algerie.com\/radar\/lalgerie-classee-a-la-107e-place-349820\">Cliquez ici pour lire l&rsquo;article depuis sa source.<\/a><\/p>\n","protected":false},"excerpt":{"rendered":"<p>L\u2019Alg\u00e9rie est\u00a0 class\u00e9e\u00a0 \u00e0\u00a0 la\u00a0 107e\u00a0 place\u00a0 sur\u00a0 134 pays\u00a0 dans\u00a0 le\u00a0 dernier\u00a0 rapport mondial sur l\u2019\u00e9conomie num\u00e9rique (Network Readiness Index (NRI 2020). Le rapport prend en\u00a0 consid\u00e9ration\u00a0 quatre piliers, \u00e0\u00a0 savoir la technologie, les gens, la gouvernance et l\u2019impact sur l\u2019\u00e9conomie et la qualit\u00e9 de la vie. Notre\u00a0 pays\u00a0 se\u00a0 positionne\u00a0 \u00e0\u00a0 la\u00a0 108e\u00a0 [&hellip;]<\/p>\n","protected":false},"author":1742,"featured_media":0,"comment_status":"closed","ping_status":"closed","sticky":false,"template":"","format":"standard","meta":{"fifu_image_url":"","fifu_image_alt":"","footnotes":""},"categories":[73,53],"tags":[],"class_list":["post-106076","post","type-post","status-publish","format-standard","hentry","category-actualite","category-algerie"],"_links":{"self":[{"href":"https:\/\/linitiative.ca\/International\/wp-json\/wp\/v2\/posts\/106076","targetHints":{"allow":["GET"]}}],"collection":[{"href":"https:\/\/linitiative.ca\/International\/wp-json\/wp\/v2\/posts"}],"about":[{"href":"https:\/\/linitiative.ca\/International\/wp-json\/wp\/v2\/types\/post"}],"author":[{"embeddable":true,"href":"https:\/\/linitiative.ca\/International\/wp-json\/wp\/v2\/users\/1742"}],"replies":[{"embeddable":true,"href":"https:\/\/linitiative.ca\/International\/wp-json\/wp\/v2\/comments?post=106076"}],"version-history":[{"count":0,"href":"https:\/\/linitiative.ca\/International\/wp-json\/wp\/v2\/posts\/106076\/revisions"}],"wp:attachment":[{"href":"https:\/\/linitiative.ca\/International\/wp-json\/wp\/v2\/media?parent=106076"}],"wp:term":[{"taxonomy":"category","embeddable":true,"href":"https:\/\/linitiative.ca\/International\/wp-json\/wp\/v2\/categories?post=106076"},{"taxonomy":"post_tag","embeddable":true,"href":"https:\/\/linitiative.ca\/International\/wp-json\/wp\/v2\/tags?post=106076"}],"curies":[{"name":"wp","href":"https:\/\/api.w.org\/{rel}","templated":true}]}}