{"id":106077,"date":"2020-11-30T04:30:00","date_gmt":"2020-11-30T09:30:00","guid":{"rendered":"https:\/\/linitiative.ca\/International\/rapatriement-de-245-algeriens-residant-au-qatar\/"},"modified":"2020-11-30T04:30:00","modified_gmt":"2020-11-30T09:30:00","slug":"rapatriement-de-245-algeriens-residant-au-qatar","status":"publish","type":"post","link":"https:\/\/linitiative.ca\/International\/rapatriement-de-245-algeriens-residant-au-qatar\/","title":{"rendered":"Rapatriement de 245 Alg\u00e9riens r\u00e9sidant au Qatar"},"content":{"rendered":"<div id=\"originalText\" readability=\"52\">\n<p>Pas moins de 245 Alg\u00e9riens r\u00e9sidant au Qatar ont\u00a0 \u00e9t\u00e9 rapatri\u00e9s le week-end dernier. Cinqui\u00e8me vol\u00a0 du genre programm\u00e9\u00a0 \u00e0\u00a0 partir\u00a0 de\u00a0 la capitale qatarie depuis\u00a0 la\u00a0 fermeture\u00a0 des\u00a0 fronti\u00e8res,\u00a0 ce\u00a0 vol\u00a0 \u00e9tait\u00a0 r\u00e9serv\u00e9\u00a0 aux\u00a0 Alg\u00e9riens dont les contrats\u00a0 de\u00a0 travail\u00a0 sont\u00a0 arriv\u00e9s\u00a0 \u00e0 expiration\u00a0 et qui n\u2019ont pas pu embarquer dans les quatre vols des mois de\u00a0 juillet\u00a0 et\u00a0 ao\u00fbt r\u00e9serv\u00e9s aux Alg\u00e9riens non-r\u00e9sidents et titulaires de visas touristiques.\u00a0<\/p>\n<p>Cette op\u00e9ration n\u2019a \u00e9t\u00e9\u00a0 rendue\u00a0 possible que gr\u00e2ce aux efforts personnels de l\u2019ambassadeur d\u2019Alg\u00e9rie \u00e0 Doha qui a pr\u00e9sent\u00e9 au Premier ministre, Abdelaziz Djerad, un dossier complet sur la situation de ces travailleurs en fin de contrat.<\/p>\n<p>Ainsi, gr\u00e2ce aux efforts de l\u2019\u00e9quipe diplomatique alg\u00e9rienne au Qatar, pr\u00e8s de 1 000 ressortissants ont \u00e9t\u00e9 rapatri\u00e9s depuis le d\u00e9but de la pand\u00e9mie.\u00a0\u00c0 noter que ces voyageurs sont, actuellement, plac\u00e9s en confinement \u00e0 l\u2019h\u00f4tel Mazafran, \u00e0 Z\u00e9ralda, pour une semaine.<\/p>\n<\/div>\n<div id=\"text_core\" readability=\"52\">\n<p>Pas moins de 245 Alg\u00e9riens r\u00e9sidant au Qatar ont\u00a0 \u00e9t\u00e9 rapatri\u00e9s le week-end dernier. Cinqui\u00e8me vol\u00a0 du genre programm\u00e9\u00a0 \u00e0\u00a0 partir\u00a0 de\u00a0 la capitale qatarie depuis\u00a0 la\u00a0 fermeture\u00a0 des\u00a0 fronti\u00e8res,\u00a0 ce\u00a0 vol\u00a0 \u00e9tait\u00a0 r\u00e9serv\u00e9\u00a0 aux\u00a0 Alg\u00e9riens dont les contrats\u00a0 de\u00a0 travail\u00a0 sont\u00a0 arriv\u00e9s\u00a0 \u00e0 expiration\u00a0 et qui n\u2019ont pas pu embarquer dans les quatre vols des mois de\u00a0 juillet\u00a0 et\u00a0 ao\u00fbt r\u00e9serv\u00e9s aux Alg\u00e9riens non-r\u00e9sidents et titulaires de visas touristiques.\u00a0<\/p>\n<p>Cette op\u00e9ration n\u2019a \u00e9t\u00e9\u00a0 rendue\u00a0 possible que gr\u00e2ce aux efforts personnels de l\u2019ambassadeur d\u2019Alg\u00e9rie \u00e0 Doha qui a pr\u00e9sent\u00e9 au Premier ministre, Abdelaziz Djerad, un dossier complet sur la situation de ces travailleurs en fin de contrat.<\/p>\n<p>Ainsi, gr\u00e2ce aux efforts de l\u2019\u00e9quipe diplomatique alg\u00e9rienne au Qatar, pr\u00e8s de 1 000 ressortissants ont \u00e9t\u00e9 rapatri\u00e9s depuis le d\u00e9but de la pand\u00e9mie.\u00a0\u00c0 noter que ces voyageurs sont, actuellement, plac\u00e9s en confinement \u00e0 l\u2019h\u00f4tel Mazafran, \u00e0 Z\u00e9ralda, pour une semaine.<\/p>\n<\/div>\n<p>Auteur:<br \/>\n<a href=\"https:\/\/www.liberte-algerie.com\/radar\/rapatriement-de-245-algeriens-residant-au-qatar-349819\">Cliquez ici pour lire l&rsquo;article depuis sa source.<\/a><\/p>\n","protected":false},"excerpt":{"rendered":"<p>Pas moins de 245 Alg\u00e9riens r\u00e9sidant au Qatar ont\u00a0 \u00e9t\u00e9 rapatri\u00e9s le week-end dernier. Cinqui\u00e8me vol\u00a0 du genre programm\u00e9\u00a0 \u00e0\u00a0 partir\u00a0 de\u00a0 la capitale qatarie depuis\u00a0 la\u00a0 fermeture\u00a0 des\u00a0 fronti\u00e8res,\u00a0 ce\u00a0 vol\u00a0 \u00e9tait\u00a0 r\u00e9serv\u00e9\u00a0 aux\u00a0 Alg\u00e9riens dont les contrats\u00a0 de\u00a0 travail\u00a0 sont\u00a0 arriv\u00e9s\u00a0 \u00e0 expiration\u00a0 et qui n\u2019ont pas pu embarquer dans les quatre vols [&hellip;]<\/p>\n","protected":false},"author":1742,"featured_media":0,"comment_status":"closed","ping_status":"closed","sticky":false,"template":"","format":"standard","meta":{"fifu_image_url":"","fifu_image_alt":"","footnotes":""},"categories":[73,53],"tags":[],"class_list":["post-106077","post","type-post","status-publish","format-standard","hentry","category-actualite","category-algerie"],"_links":{"self":[{"href":"https:\/\/linitiative.ca\/International\/wp-json\/wp\/v2\/posts\/106077","targetHints":{"allow":["GET"]}}],"collection":[{"href":"https:\/\/linitiative.ca\/International\/wp-json\/wp\/v2\/posts"}],"about":[{"href":"https:\/\/linitiative.ca\/International\/wp-json\/wp\/v2\/types\/post"}],"author":[{"embeddable":true,"href":"https:\/\/linitiative.ca\/International\/wp-json\/wp\/v2\/users\/1742"}],"replies":[{"embeddable":true,"href":"https:\/\/linitiative.ca\/International\/wp-json\/wp\/v2\/comments?post=106077"}],"version-history":[{"count":0,"href":"https:\/\/linitiative.ca\/International\/wp-json\/wp\/v2\/posts\/106077\/revisions"}],"wp:attachment":[{"href":"https:\/\/linitiative.ca\/International\/wp-json\/wp\/v2\/media?parent=106077"}],"wp:term":[{"taxonomy":"category","embeddable":true,"href":"https:\/\/linitiative.ca\/International\/wp-json\/wp\/v2\/categories?post=106077"},{"taxonomy":"post_tag","embeddable":true,"href":"https:\/\/linitiative.ca\/International\/wp-json\/wp\/v2\/tags?post=106077"}],"curies":[{"name":"wp","href":"https:\/\/api.w.org\/{rel}","templated":true}]}}