{"id":106106,"date":"2020-11-30T10:36:00","date_gmt":"2020-11-30T15:36:00","guid":{"rendered":"https:\/\/linitiative.ca\/International\/scolarisation-a-double-vacation-annulation-des-cours-du-samedi\/"},"modified":"2020-11-30T10:36:00","modified_gmt":"2020-11-30T15:36:00","slug":"scolarisation-a-double-vacation-annulation-des-cours-du-samedi","status":"publish","type":"post","link":"https:\/\/linitiative.ca\/International\/scolarisation-a-double-vacation-annulation-des-cours-du-samedi\/","title":{"rendered":"SCOLARISATION A DOUBLE VACATION  : Annulation des cours du samedi"},"content":{"rendered":"<p><br id=\"sep_para_1\" class=\"sep_para access\"\/><\/p>\n<div id=\"para_1\" class=\"para_39740843 resize\">\n<div class=\"texte access firstletter\">Le minist\u00e8re de l&rsquo;Education nationale a annonc\u00e9 que les \u00e9coles primaires fonctionnant \u00e0 double vacation pourraient se passer \u00ab\u00a0si n\u00e9cessaire\u00a0\u00bb de dispenser des cours les samedis. Les \u00e9tablissements primaires \u00ab\u00a0peuvent, si n\u00e9cessaire, se passer du samedi en r\u00e9partissant les s\u00e9ances de cette journ\u00e9e, \u00e0 compter du 5 d\u00e9cembre prochain, sur les cinq jours de la semaine\u00a0\u00bb, pr\u00e9cise la m\u00eame source. \u00ab\u00a0Le volume horaire hebdomadaire de chaque groupe p\u00e9dagogique dans les primaires adoptant le syst\u00e8me \u00e0 la double vacation est r\u00e9duit de douze (12) heures \u00e0 dix (10) heures r\u00e9parties sur les cinq jours de la semaine, suivant le plan d&rsquo;enseignement et l&#8217;emploi du temps\u00a0\u00bb, explique la tutelle. Cette d\u00e9cision intervient \u00ab\u00a0en r\u00e9ponse aux multiples requ\u00eates soulev\u00e9es par des directeurs de primaires fonctionnant avec la double vacation o\u00f9 les enseignants se trouvent dans l&rsquo;impossibilit\u00e9 de joindre les classes en raison de la suspension des moyens de transport urbain, public et priv\u00e9, les week-ends comme mesure pr\u00e9ventive pour endiguer l&rsquo;expansion du coronavirus\u00a0\u00bb, a indiqu\u00e9 le communiqu\u00e9. Cependant, les \u00e9tablissements primaires o\u00f9 les professeurs ne rencontrent pas de probl\u00e8me de transport, \u00ab\u00a0continuent \u00e0 fonctionner de mani\u00e8re ordinaire sans observer de changement dans les plans exceptionnels d&rsquo;enseignement\u00a0\u00bb, conclu la m\u00eame source. Par ailleurs,\u00a0 le minist\u00e8re de l&rsquo;Education nationale a annonc\u00e9 dimanche l&rsquo;\u00e9largissement de la prise en charge en mati\u00e8re d&rsquo;\u0153uvres sociales au profit de l&rsquo;ensemble des travailleurs du secteur. En effet, le minist\u00e8re de l&rsquo;Education nationale a affirm\u00e9 \u00ab\u00a0avoir d\u00e9cid\u00e9 d&rsquo;\u00e9largir la prise en charge de toutes les revendications en mati\u00e8re d&rsquo;\u0153uvres sociales de fa\u00e7on \u00e0 contribuer \u00e0 l&rsquo;am\u00e9lioration du pouvoir d&rsquo;achat des employ\u00e9s et travailleurs affili\u00e9s au secteur, conform\u00e9ment aux exigences l\u00e9gales en vigueur\u00a0\u00bb. Cette d\u00e9cision, ajoute le communiqu\u00e9, intervient en r\u00e9ponse \u00ab\u00a0aux demandes insistantes formul\u00e9es par les employ\u00e9s du secteur ayant trait aux diff\u00e9rentes prestations sociales prodigu\u00e9es par la Commission nationale ainsi que les Comit\u00e9s de wilayas des \u0152uvres Sociales, notamment au vu des conditions sociales et sanitaires exceptionnelles par lesquelles passent les travailleurs du secteur en raison de la propagation de la pand\u00e9mie (Covid-19)\u00a0\u00bb.<\/div>\n<\/div>\n<p>Auteur: Ismain<br \/>\n<a href=\"https:\/\/www.reflexiondz.net\/SCOLARISATION-A-DOUBLE-VACATION-Annulation-des-cours-du-samedi_a66505.html\">Cliquez ici pour lire l&rsquo;article depuis sa source.<\/a><\/p>\n","protected":false},"excerpt":{"rendered":"<p>Le minist\u00e8re de l&rsquo;Education nationale a annonc\u00e9 que les \u00e9coles primaires fonctionnant \u00e0 double vacation pourraient se passer \u00ab\u00a0si n\u00e9cessaire\u00a0\u00bb de dispenser des cours les samedis. Les \u00e9tablissements primaires \u00ab\u00a0peuvent, si n\u00e9cessaire, se passer du samedi en r\u00e9partissant les s\u00e9ances de cette journ\u00e9e, \u00e0 compter du 5 d\u00e9cembre prochain, sur les cinq jours de la [&hellip;]<\/p>\n","protected":false},"author":1740,"featured_media":0,"comment_status":"closed","ping_status":"closed","sticky":false,"template":"","format":"standard","meta":{"fifu_image_url":"","fifu_image_alt":"","footnotes":""},"categories":[53,76],"tags":[],"class_list":["post-106106","post","type-post","status-publish","format-standard","hentry","category-algerie","category-regions"],"_links":{"self":[{"href":"https:\/\/linitiative.ca\/International\/wp-json\/wp\/v2\/posts\/106106","targetHints":{"allow":["GET"]}}],"collection":[{"href":"https:\/\/linitiative.ca\/International\/wp-json\/wp\/v2\/posts"}],"about":[{"href":"https:\/\/linitiative.ca\/International\/wp-json\/wp\/v2\/types\/post"}],"author":[{"embeddable":true,"href":"https:\/\/linitiative.ca\/International\/wp-json\/wp\/v2\/users\/1740"}],"replies":[{"embeddable":true,"href":"https:\/\/linitiative.ca\/International\/wp-json\/wp\/v2\/comments?post=106106"}],"version-history":[{"count":0,"href":"https:\/\/linitiative.ca\/International\/wp-json\/wp\/v2\/posts\/106106\/revisions"}],"wp:attachment":[{"href":"https:\/\/linitiative.ca\/International\/wp-json\/wp\/v2\/media?parent=106106"}],"wp:term":[{"taxonomy":"category","embeddable":true,"href":"https:\/\/linitiative.ca\/International\/wp-json\/wp\/v2\/categories?post=106106"},{"taxonomy":"post_tag","embeddable":true,"href":"https:\/\/linitiative.ca\/International\/wp-json\/wp\/v2\/tags?post=106106"}],"curies":[{"name":"wp","href":"https:\/\/api.w.org\/{rel}","templated":true}]}}