{"id":106107,"date":"2020-11-30T10:36:00","date_gmt":"2020-11-30T15:36:00","guid":{"rendered":"https:\/\/linitiative.ca\/International\/tin-zaouatine-tamanrasset-un-terroriste-arme-se-rend-aux-autorites-militaires\/"},"modified":"2020-11-30T10:36:00","modified_gmt":"2020-11-30T15:36:00","slug":"tin-zaouatine-tamanrasset-un-terroriste-arme-se-rend-aux-autorites-militaires","status":"publish","type":"post","link":"https:\/\/linitiative.ca\/International\/tin-zaouatine-tamanrasset-un-terroriste-arme-se-rend-aux-autorites-militaires\/","title":{"rendered":"TIN ZAOUATINE (TAMANRASSET) : Un terroriste arm\u00e9 se rend aux autorit\u00e9s militaires"},"content":{"rendered":"<p><br id=\"sep_para_1\" class=\"sep_para access\"\/><\/p>\n<div id=\"para_1\" class=\"para_39740840 resize\">\n<div class=\"texte access firstletter\">Un terroriste, en possession notamment d&rsquo;un lance-roquettes et d&rsquo;un fusil mitrailleur, s\u2019est rendu, dimanche, aux autorit\u00e9s militaires \u00e0 Tin Zaouatine en 6\u00e8me\u00a0 R\u00e9gion militaire, a indiqu\u00e9 lundi le minist\u00e8re de la D\u00e9fense nationale (MDN) dans un communiqu\u00e9. \u00ab\u00a0Dans le cadre de la lutte antiterroriste et gr\u00e2ce aux efforts des Forces de l\u2019Arm\u00e9e nationale populaire et des services de s\u00e9curit\u00e9, un terroriste s\u2019est rendu, dimanche 29 novembre 2020, aux autorit\u00e9s militaires \u00e0 Tin Zaouatine en 6\u00e8me R\u00e9gion militaire\u00a0\u00bb, pr\u00e9cise la m\u00eame source. Il s\u2019agit du d\u00e9nomm\u00e9 \u00ab\u00a0Ben Khia A\u00efssa, qui avait ralli\u00e9 les groupes terroristes en 2018 au niveau des fronti\u00e8res maliennes\u00a0\u00bb, rel\u00e8ve le communiqu\u00e9, ajoutant que \u00ab\u00a0ledit criminel avait en sa possession un lance-roquettes RPG-2 et trois (3) roquettes, un (1) fusil mitrailleur de type G3 et un (1) chargeur de munitions garni\u00a0\u00bb. \u00ab\u00a0Cette op\u00e9ration r\u00e9it\u00e8re, encore une fois, l&rsquo;efficacit\u00e9 de l&rsquo;approche adopt\u00e9e par le Haut Commandement de l&rsquo;Arm\u00e9e nationale populaire et son engagement sur le terrain afin de venir \u00e0 bout du fl\u00e9au du terrorisme et asseoir la s\u00e9curit\u00e9 et la s\u00e9r\u00e9nit\u00e9 \u00e0 travers l&rsquo;ensemble du territoire national\u00a0\u00bb, conclut le MDN.\u00a0\u00a0\u00a0\u00a0\u00a0\u00a0\u00a0\u00a0\u00a0\u00a0\u00a0\u00a0\u00a0\u00a0\u00a0\u00a0\u00a0\u00a0<\/div>\n<\/div>\n<p>Auteur: Nadine<br \/>\n<a href=\"https:\/\/www.reflexiondz.net\/TIN-ZAOUATINE-TAMANRASSET-Un-terroriste-arme-se-rend-aux-autorites-militaires_a66504.html\">Cliquez ici pour lire l&rsquo;article depuis sa source.<\/a><\/p>\n","protected":false},"excerpt":{"rendered":"<p>Un terroriste, en possession notamment d&rsquo;un lance-roquettes et d&rsquo;un fusil mitrailleur, s\u2019est rendu, dimanche, aux autorit\u00e9s militaires \u00e0 Tin Zaouatine en 6\u00e8me\u00a0 R\u00e9gion militaire, a indiqu\u00e9 lundi le minist\u00e8re de la D\u00e9fense nationale (MDN) dans un communiqu\u00e9. \u00ab\u00a0Dans le cadre de la lutte antiterroriste et gr\u00e2ce aux efforts des Forces de l\u2019Arm\u00e9e nationale populaire et [&hellip;]<\/p>\n","protected":false},"author":1740,"featured_media":0,"comment_status":"closed","ping_status":"closed","sticky":false,"template":"","format":"standard","meta":{"fifu_image_url":"","fifu_image_alt":"","footnotes":""},"categories":[53,76],"tags":[],"class_list":["post-106107","post","type-post","status-publish","format-standard","hentry","category-algerie","category-regions"],"_links":{"self":[{"href":"https:\/\/linitiative.ca\/International\/wp-json\/wp\/v2\/posts\/106107","targetHints":{"allow":["GET"]}}],"collection":[{"href":"https:\/\/linitiative.ca\/International\/wp-json\/wp\/v2\/posts"}],"about":[{"href":"https:\/\/linitiative.ca\/International\/wp-json\/wp\/v2\/types\/post"}],"author":[{"embeddable":true,"href":"https:\/\/linitiative.ca\/International\/wp-json\/wp\/v2\/users\/1740"}],"replies":[{"embeddable":true,"href":"https:\/\/linitiative.ca\/International\/wp-json\/wp\/v2\/comments?post=106107"}],"version-history":[{"count":0,"href":"https:\/\/linitiative.ca\/International\/wp-json\/wp\/v2\/posts\/106107\/revisions"}],"wp:attachment":[{"href":"https:\/\/linitiative.ca\/International\/wp-json\/wp\/v2\/media?parent=106107"}],"wp:term":[{"taxonomy":"category","embeddable":true,"href":"https:\/\/linitiative.ca\/International\/wp-json\/wp\/v2\/categories?post=106107"},{"taxonomy":"post_tag","embeddable":true,"href":"https:\/\/linitiative.ca\/International\/wp-json\/wp\/v2\/tags?post=106107"}],"curies":[{"name":"wp","href":"https:\/\/api.w.org\/{rel}","templated":true}]}}