{"id":106117,"date":"2020-11-30T05:00:00","date_gmt":"2020-11-30T10:00:00","guid":{"rendered":"https:\/\/linitiative.ca\/International\/que-disent-les-coups-qui-rythment-un-quotidien-2\/"},"modified":"2020-11-30T05:00:00","modified_gmt":"2020-11-30T10:00:00","slug":"que-disent-les-coups-qui-rythment-un-quotidien-2","status":"publish","type":"post","link":"https:\/\/linitiative.ca\/International\/que-disent-les-coups-qui-rythment-un-quotidien-2\/","title":{"rendered":"Que disent les coups qui rythment un quotidien ? (2)"},"content":{"rendered":"<p>Que les femmes sont une cible privil\u00e9gi\u00e9e ! Qu\u2019elles sont id\u00e9alement choisies pour victimes, lors de s\u00e9ances de d\u00e9foulement hautement pris\u00e9es par le genre masculin. Inutile, donc, de nous bassiner avec les histoires de Covid-19, responsable des abus enregistr\u00e9s ces derniers mois. Ce dernier n\u2019a, peut-\u00eatre, pas arrang\u00e9 les choses pour les femmes, mais pas parce qu\u2019elles se sont retrouv\u00e9es du jour au lendemain contraintes de ne plus bouger de chez elles. Elles ont bon dos nos m\u00e8res, nos s\u0153urs, nos filles quand la moindre situation contraignante m\u00e8ne \u00e0 une recrudescence des agressions \u00e0 leur \u00e9gard. Je me souviens de ce court message que m\u2019avait adress\u00e9 un ami lecteur, en mars dernier, au tout d\u00e9but du s\u00e9v\u00e8re confinement impos\u00e9 aux Alg\u00e9riens. Voici en substance ce qu\u2019il me disait et dont il semblait se r\u00e9jouir. Et moi aussi, bien entendu ! \u00abSe cacher le visage, garder ses distances, ne pas se serrer la main, rester \u00e0 la maison\u2026 Si \u00e7a doit vous inspirer, j\u2019ajoute qu\u2019aujourd\u2019hui, les hommes sont confin\u00e9s comme les femmes. J\u2019esp\u00e8re qu\u2019ils se rendent compte de ce que subissent leurs m\u00e8res, leurs s\u0153urs, leurs femmes, tous les jours parce que confin\u00e9es par eux. Je vous souhaite bon courage dans ce monde de brutes\u00bb !<br \/>Le confinement dont parle l\u2019enseignant universitaire, exil\u00e9 depuis 45 ans, aura, peut-\u00eatre, pourquoi pas, incit\u00e9 quelques brutes \u00e9paisses \u00e0 revoir \u00e0 la baisse certains de leurs travers. Mais ce dont je doute fort, c\u2019est que la promiscuit\u00e9 ait fait un maximum d\u2019\u00e9mules ou suscit\u00e9 de remarquables transformations.<br \/>On ne parle que tr\u00e8s rarement des viols parce cela rel\u00e8ve du tabou et qu\u2019il n\u2019est, surtout, pas recommand\u00e9 de parler d\u2019actes aussi ignobles dans une soci\u00e9t\u00e9 conservatrice comme la n\u00f4tre. On parlera encore moins d\u2019inceste parce que les victimes ont peur de la suite, de ce qu\u2019elles encourent comme repr\u00e9sailles de la part de leur entourage imm\u00e9diat.<br \/>Tout se fait dans un silence \u00e9loquent. Un mutisme et une discr\u00e9tion que l\u2019on encourage parce qu\u2019il n\u2019est pas question de permettre \u00e0 la victime de contribuer \u00e0 l\u2019\u00e9clatement de la cellule familiale ou de faire offense \u00e0 l\u2019honneur de la tribu.<br \/>M.\u2008B.\u2008<\/p>\n<p>Auteur:<br \/>\n<a href=\"https:\/\/www.lesoirdalgerie.com\/soit-dit-en-passant\/que-disent-les-coups-qui-rythment-un-quotidien-2-52233\">Cliquez ici pour lire l&rsquo;article depuis sa source.<\/a><\/p>\n","protected":false},"excerpt":{"rendered":"<p>Que les femmes sont une cible privil\u00e9gi\u00e9e ! Qu\u2019elles sont id\u00e9alement choisies pour victimes, lors de s\u00e9ances de d\u00e9foulement hautement pris\u00e9es par le genre masculin. Inutile, donc, de nous bassiner avec les histoires de Covid-19, responsable des abus enregistr\u00e9s ces derniers mois. Ce dernier n\u2019a, peut-\u00eatre, pas arrang\u00e9 les choses pour les femmes, mais pas [&hellip;]<\/p>\n","protected":false},"author":1741,"featured_media":0,"comment_status":"closed","ping_status":"closed","sticky":false,"template":"","format":"standard","meta":{"fifu_image_url":"","fifu_image_alt":"","footnotes":""},"categories":[73,53],"tags":[],"class_list":["post-106117","post","type-post","status-publish","format-standard","hentry","category-actualite","category-algerie"],"_links":{"self":[{"href":"https:\/\/linitiative.ca\/International\/wp-json\/wp\/v2\/posts\/106117","targetHints":{"allow":["GET"]}}],"collection":[{"href":"https:\/\/linitiative.ca\/International\/wp-json\/wp\/v2\/posts"}],"about":[{"href":"https:\/\/linitiative.ca\/International\/wp-json\/wp\/v2\/types\/post"}],"author":[{"embeddable":true,"href":"https:\/\/linitiative.ca\/International\/wp-json\/wp\/v2\/users\/1741"}],"replies":[{"embeddable":true,"href":"https:\/\/linitiative.ca\/International\/wp-json\/wp\/v2\/comments?post=106117"}],"version-history":[{"count":0,"href":"https:\/\/linitiative.ca\/International\/wp-json\/wp\/v2\/posts\/106117\/revisions"}],"wp:attachment":[{"href":"https:\/\/linitiative.ca\/International\/wp-json\/wp\/v2\/media?parent=106117"}],"wp:term":[{"taxonomy":"category","embeddable":true,"href":"https:\/\/linitiative.ca\/International\/wp-json\/wp\/v2\/categories?post=106117"},{"taxonomy":"post_tag","embeddable":true,"href":"https:\/\/linitiative.ca\/International\/wp-json\/wp\/v2\/tags?post=106117"}],"curies":[{"name":"wp","href":"https:\/\/api.w.org\/{rel}","templated":true}]}}