{"id":106120,"date":"2020-11-30T05:00:00","date_gmt":"2020-11-30T10:00:00","guid":{"rendered":"https:\/\/linitiative.ca\/International\/une-revision-qui-tarde\/"},"modified":"2020-11-30T05:00:00","modified_gmt":"2020-11-30T10:00:00","slug":"une-revision-qui-tarde","status":"publish","type":"post","link":"https:\/\/linitiative.ca\/International\/une-revision-qui-tarde\/","title":{"rendered":"Une r\u00e9vision qui tarde"},"content":{"rendered":"<div class=\"picture\">\n<img class=\"lazy\" data-original=\"\/data\/images\/article\/thumbs\/d-une-revision-qui-tarde-a4e41.jpg\"\/>\n<\/div>\n<p>\nLa pol\u00e9mique au sujet des prix des tests effectu\u00e9s dans le cadre du<br \/>\nd\u00e9pistage du Covid-19 relance le d\u00e9bat sur les tarifs de r\u00e9f\u00e9rence<br \/>\nadopt\u00e9s par la Cnas et servant de base pour d\u00e9finir les taux de<br \/>\nremboursement des diff\u00e9rents actes m\u00e9dicaux. Certains tarifs de<br \/>\nr\u00e9f\u00e9rence stagnent depuis plus d&rsquo;une vingtaine d&rsquo;ann\u00e9es alors que les<br \/>\nactes m\u00e9dicaux n&rsquo;ont cess\u00e9 de conna\u00eetre des hausses. La r\u00e9vision des<br \/>\ntarifs de r\u00e9f\u00e9rence promise \u00e0 plusieurs reprises tarde \u00e0 se concr\u00e9tiser,<br \/>\np\u00e9nalisant des usagers qui n&rsquo;arrivent pas \u00e0 se faire rembourser des<br \/>\nactes ch\u00e8rement pay\u00e9s. <\/p>\n<p>Auteur:<br \/>\n<a href=\"https:\/\/www.lesoirdalgerie.com\/periscoop\/une-revision-qui-tarde-52230\">Cliquez ici pour lire l&rsquo;article depuis sa source.<\/a><\/p>\n","protected":false},"excerpt":{"rendered":"<p>La pol\u00e9mique au sujet des prix des tests effectu\u00e9s dans le cadre du d\u00e9pistage du Covid-19 relance le d\u00e9bat sur les tarifs de r\u00e9f\u00e9rence adopt\u00e9s par la Cnas et servant de base pour d\u00e9finir les taux de remboursement des diff\u00e9rents actes m\u00e9dicaux. Certains tarifs de r\u00e9f\u00e9rence stagnent depuis plus d&rsquo;une vingtaine d&rsquo;ann\u00e9es alors que les [&hellip;]<\/p>\n","protected":false},"author":1741,"featured_media":0,"comment_status":"closed","ping_status":"closed","sticky":false,"template":"","format":"standard","meta":{"fifu_image_url":"","fifu_image_alt":"","footnotes":""},"categories":[73,53],"tags":[],"class_list":["post-106120","post","type-post","status-publish","format-standard","hentry","category-actualite","category-algerie"],"_links":{"self":[{"href":"https:\/\/linitiative.ca\/International\/wp-json\/wp\/v2\/posts\/106120","targetHints":{"allow":["GET"]}}],"collection":[{"href":"https:\/\/linitiative.ca\/International\/wp-json\/wp\/v2\/posts"}],"about":[{"href":"https:\/\/linitiative.ca\/International\/wp-json\/wp\/v2\/types\/post"}],"author":[{"embeddable":true,"href":"https:\/\/linitiative.ca\/International\/wp-json\/wp\/v2\/users\/1741"}],"replies":[{"embeddable":true,"href":"https:\/\/linitiative.ca\/International\/wp-json\/wp\/v2\/comments?post=106120"}],"version-history":[{"count":0,"href":"https:\/\/linitiative.ca\/International\/wp-json\/wp\/v2\/posts\/106120\/revisions"}],"wp:attachment":[{"href":"https:\/\/linitiative.ca\/International\/wp-json\/wp\/v2\/media?parent=106120"}],"wp:term":[{"taxonomy":"category","embeddable":true,"href":"https:\/\/linitiative.ca\/International\/wp-json\/wp\/v2\/categories?post=106120"},{"taxonomy":"post_tag","embeddable":true,"href":"https:\/\/linitiative.ca\/International\/wp-json\/wp\/v2\/tags?post=106120"}],"curies":[{"name":"wp","href":"https:\/\/api.w.org\/{rel}","templated":true}]}}