{"id":106121,"date":"2020-11-30T09:01:25","date_gmt":"2020-11-30T14:01:25","guid":{"rendered":"https:\/\/linitiative.ca\/International\/apres-inwi-nadia-fassi-fehri-integre-locp\/"},"modified":"2020-11-30T09:01:25","modified_gmt":"2020-11-30T14:01:25","slug":"apres-inwi-nadia-fassi-fehri-integre-locp","status":"publish","type":"post","link":"https:\/\/linitiative.ca\/International\/apres-inwi-nadia-fassi-fehri-integre-locp\/","title":{"rendered":"Apr\u00e8s inwi, Nadia Fassi-Fehri int\u00e8gre l\u2019OCP"},"content":{"rendered":"<p><strong>L\u2019ex-PDG d\u2019inwi, a officiellement d\u00e9but\u00e9 ses fonctions au sein du leader mondial des phosphates ce lundi 30 novembre.<\/strong><\/p>\n<div class=\"c10\"\/>\n<p>Nadia Fassi-Fehri est la nouvelle Chief Transformation Officer (CTO) de l\u2019<a rel=\"noreferrer noopener\" href=\"https:\/\/www.ocpgroup.ma\/\" target=\"_blank\">OCP<\/a>. Elle si\u00e8ge \u00e9galement au sein du comit\u00e9 strat\u00e9gique du groupe. En int\u00e9grant l\u2019OCP, elle entend apporter son exp\u00e9rience du digital comme levier majeur de la transformation des business models, de la culture d\u2019entreprise et de ses modes de fonctionnement.<\/p>\n<p><strong>Lire aussi | <a href=\"https:\/\/www.challenge.ma\/le-marocain-winvestnet-lance-un-fonds-dinvestissement-panafricain-de-2-milliards-de-dollars-167020\/\" target=\"_blank\" rel=\"noreferrer noopener\">Le marocain Winvestnet lance un fonds d\u2019investissement panafricain de 2 milliards de dollars<\/a><\/strong><\/p>\n<p>Parmi les prochains chantiers qui attendent la nouvelle CTO, le lancement d\u2019une offre innovante de solutions de fertilisation et de services aux fermiers, en plus de la diversification dans de nouveaux secteurs. Avant de prendre la t\u00eate de l\u2019op\u00e9rateur t\u00e9l\u00e9coms <a rel=\"noreferrer noopener\" href=\"https:\/\/www.inwi.ma\/\" target=\"_blank\">inwi<\/a>, Nadia Fassi-Fehri s\u2019est distingu\u00e9e \u00e0 Managem en lan\u00e7ant la premi\u00e8re mine d\u2019or au Maroc. Elle a \u00e9galement dirig\u00e9 Nareva, l\u2019entreprise sp\u00e9cialis\u00e9e dans les \u00e9nergies et l\u2019environnement. La nouvelle CTO de l\u2019OCP a aussi occup\u00e9 le poste de \u00a0directrice des ressources humaines, de la communication et des supports de la holding ONA (actuellement Al Mada), avant de prendre la direction g\u00e9n\u00e9rale de <a rel=\"noreferrer noopener\" href=\"http:\/\/www.fcmedia.ma\/#accueil\" target=\"_blank\">FC Com<\/a>, entreprise sp\u00e9cialis\u00e9e dans l\u2019affichage, l\u2019\u00e9dition et le num\u00e9rique. La dipl\u00f4m\u00e9e de l\u2019\u00c9cole Polytechnique, de l\u2019\u00c9cole Nationale des Ponts et Chauss\u00e9es et de l\u2019ESCP-EAP European School of Management est par la suite devenue la premi\u00e8re femme \u00e0 diriger un op\u00e9rateur de t\u00e9l\u00e9communications au Maroc. De 2015 \u00e0 2020, elle y a men\u00e9 sa transformation en un\u00a0op\u00e9rateur digital global.<\/p>\n<p><strong>Lire aussi | <a href=\"https:\/\/www.challenge.ma\/quatre-startups-marocaines-nominees-pour-le-world-summit-awards-166929\/\" target=\"_blank\" rel=\"noreferrer noopener\">Quatre startups marocaines nomin\u00e9es pour le World Summit Awards<\/a><\/strong><\/p>\n<p>Auteur: challenge<br \/>\n<a href=\"https:\/\/www.challenge.ma\/apres-inwi-nadia-fassi-fehri-integre-locp-167073\/\">Cliquez ici pour lire l&rsquo;article depuis sa source.<\/a><\/p>\n","protected":false},"excerpt":{"rendered":"<p>L\u2019ex-PDG d\u2019inwi, a officiellement d\u00e9but\u00e9 ses fonctions au sein du leader mondial des phosphates ce lundi 30 novembre. Nadia Fassi-Fehri est la nouvelle Chief Transformation Officer (CTO) de l\u2019OCP. Elle si\u00e8ge \u00e9galement au sein du comit\u00e9 strat\u00e9gique du groupe. En int\u00e9grant l\u2019OCP, elle entend apporter son exp\u00e9rience du digital comme levier majeur de la transformation [&hellip;]<\/p>\n","protected":false},"author":1787,"featured_media":0,"comment_status":"closed","ping_status":"closed","sticky":false,"template":"","format":"standard","meta":{"fifu_image_url":"","fifu_image_alt":"","footnotes":""},"categories":[78,54],"tags":[],"class_list":["post-106121","post","type-post","status-publish","format-standard","hentry","category-economie","category-maroc"],"_links":{"self":[{"href":"https:\/\/linitiative.ca\/International\/wp-json\/wp\/v2\/posts\/106121","targetHints":{"allow":["GET"]}}],"collection":[{"href":"https:\/\/linitiative.ca\/International\/wp-json\/wp\/v2\/posts"}],"about":[{"href":"https:\/\/linitiative.ca\/International\/wp-json\/wp\/v2\/types\/post"}],"author":[{"embeddable":true,"href":"https:\/\/linitiative.ca\/International\/wp-json\/wp\/v2\/users\/1787"}],"replies":[{"embeddable":true,"href":"https:\/\/linitiative.ca\/International\/wp-json\/wp\/v2\/comments?post=106121"}],"version-history":[{"count":0,"href":"https:\/\/linitiative.ca\/International\/wp-json\/wp\/v2\/posts\/106121\/revisions"}],"wp:attachment":[{"href":"https:\/\/linitiative.ca\/International\/wp-json\/wp\/v2\/media?parent=106121"}],"wp:term":[{"taxonomy":"category","embeddable":true,"href":"https:\/\/linitiative.ca\/International\/wp-json\/wp\/v2\/categories?post=106121"},{"taxonomy":"post_tag","embeddable":true,"href":"https:\/\/linitiative.ca\/International\/wp-json\/wp\/v2\/tags?post=106121"}],"curies":[{"name":"wp","href":"https:\/\/api.w.org\/{rel}","templated":true}]}}