{"id":106136,"date":"2020-11-30T07:27:48","date_gmt":"2020-11-30T12:27:48","guid":{"rendered":"https:\/\/linitiative.ca\/International\/gestion-durable-des-terres-la-grande-muraille-verte-veut-compter-sur-les-medias\/"},"modified":"2020-11-30T07:27:48","modified_gmt":"2020-11-30T12:27:48","slug":"gestion-durable-des-terres-la-grande-muraille-verte-veut-compter-sur-les-medias","status":"publish","type":"post","link":"https:\/\/linitiative.ca\/International\/gestion-durable-des-terres-la-grande-muraille-verte-veut-compter-sur-les-medias\/","title":{"rendered":"Gestion durable des terres: La Grande Muraille verte veut compter sur les m\u00e9dias"},"content":{"rendered":"<div class=\"td-post-featured-image\"><a href=\"https:\/\/www.sidwaya.info\/wp-content\/uploads\/2020\/11\/2verte.jpg\" data-caption=\"\"><img loading=\"lazy\" decoding=\"async\" width=\"696\" height=\"522\" class=\"entry-thumb td-modal-image\" src=\"https:\/\/www.sidwaya.info\/wp-content\/uploads\/2020\/11\/2verte-696x522.jpg\" srcset=\"https:\/\/www.sidwaya.info\/wp-content\/uploads\/2020\/11\/2verte-696x522.jpg 696w, https:\/\/www.sidwaya.info\/wp-content\/uploads\/2020\/11\/2verte-300x225.jpg 300w, https:\/\/www.sidwaya.info\/wp-content\/uploads\/2020\/11\/2verte-768x576.jpg 768w, https:\/\/www.sidwaya.info\/wp-content\/uploads\/2020\/11\/2verte-150x113.jpg 150w, https:\/\/www.sidwaya.info\/wp-content\/uploads\/2020\/11\/2verte-560x420.jpg 560w, https:\/\/www.sidwaya.info\/wp-content\/uploads\/2020\/11\/2verte-80x60.jpg 80w, https:\/\/www.sidwaya.info\/wp-content\/uploads\/2020\/11\/2verte-265x198.jpg 265w, https:\/\/www.sidwaya.info\/wp-content\/uploads\/2020\/11\/2verte.jpg 800w\" sizes=\"auto, (max-width: 696px) 100vw, 696px\" alt=\"\" title=\"2verte\"\/><\/a><\/div>\n<p><strong>La Coordination nationale de l\u2019Initiative de la grande muraille verte pour le Sahara et le Sahel (IGMVSS) a organis\u00e9 un atelier d\u2019\u00e9valuation et\u00a0 d\u2019orientation\u00a0 de ses relations presse, les 26 et 27 novembre 2020, \u00e0 Koudougou.<\/strong><\/p>\n<p>La Coordination nationale de l\u2019Initiative de la Grande Muraille verte pour le Sahara et le Sahel (IGMVSS) veut renforcer son partenariat avec les m\u00e9dias afin de mieux atteindre ses objectifs en mati\u00e8re de gestion durable des\u00a0 terres au Burkina Faso. Pour ce faire, elle a organis\u00e9 un atelier d\u2019\u00e9valuation et\u00a0 d\u2019orientation\u00a0 de ses relations presse, les 26 et 27 novembre 2020, \u00e0 Koudougou.<\/p>\n<p><em>\u00ab\u00a0Depuis l\u2019ann\u00e9e derni\u00e8re, nous avons eu une s\u00e9rie d\u2019entretiens, de formations, d\u2019activit\u00e9s diverses\u00a0 qui impliquaient les m\u00e9dias. Il s\u2019agit de faire le point de ce que nous avons r\u00e9alis\u00e9 ensemble, d\u2019\u00e9valuer les succ\u00e8s et les \u00e9checs et surtout de faire des projections pour 2021\u00a0\u00bb<\/em>, a indiqu\u00e9 le coordonnateur national de l\u2019IGMVSS, Adama Doulkoum.<\/p>\n<p><img decoding=\"async\" loading=\"lazy\" class=\"size-full wp-image-30107\" src=\"https:\/\/www.sidwaya.info\/wp-content\/uploads\/2020\/11\/1-123.jpg\" alt=\"\" width=\"769\" height=\"657\" srcset=\"https:\/\/www.sidwaya.info\/wp-content\/uploads\/2020\/11\/1-123.jpg 769w, https:\/\/www.sidwaya.info\/wp-content\/uploads\/2020\/11\/1-123-300x256.jpg 300w, https:\/\/www.sidwaya.info\/wp-content\/uploads\/2020\/11\/1-123-150x128.jpg 150w, https:\/\/www.sidwaya.info\/wp-content\/uploads\/2020\/11\/1-123-696x595.jpg 696w, https:\/\/www.sidwaya.info\/wp-content\/uploads\/2020\/11\/1-123-492x420.jpg 492w\" sizes=\"auto, (max-width: 769px) 100vw, 769px\"\/>rbt<\/p>\n<p>Cette rencontre vise \u00e9galement \u00e0 solliciter l\u2019accompagnement des journalistes pour mettre en lumi\u00e8re les efforts du pays des hommes int\u00e8gres dans le cadre de cette initiative panafricaine de restauration des terres d\u00e9grad\u00e9es. <em>\u00ab\u00a0Depuis que le Burkina s\u2019est engag\u00e9 dans l\u2019Initiative de la Grande Muraille verte, nous avons toujours estim\u00e9 qu\u2019il fallait rendre visible ce que nous faisons, mais \u00e9galement faire passer des messages en fonction des cibles que nous visons. Qui, mieux que les journalistes, pour nous aider dans cette t\u00e2che\u00a0\u00bb<\/em>, a-t-il insist\u00e9.<\/p>\n<p><strong>Confronter le discours \u00e0 la r\u00e9alit\u00e9<\/strong><\/p>\n<p>Ces deux jours d\u2019\u00e9changes ont aussi \u00e9t\u00e9 une occasion d\u2019identifier les actions de la nouvelle strat\u00e9gie de communication de la Coordination nationale de l\u2019IGMVSS que les m\u00e9dias pourraient mettre en \u0153uvre. Selon M. Doulkom, en mati\u00e8re de gestion durable des terres,\u00a0 beaucoup d\u2019actions sont conduites et il est important que ces actions soient vues. Pour cela, la Coordination nationale a souhait\u00e9 voir les professionnels de l\u2019information aller sur le terrain et comparent ce qu\u2019elle dit dans les PowerPoint et la r\u00e9alit\u00e9. <em>\u00ab\u00a0C\u2019est la seule fa\u00e7on de nous assurer que ce nous faisons porte-fruit\u00a0! Et vos critiques et observations vont nous aider \u00e0 am\u00e9liorer ce que nous entreprenons dans le cadre de cette initiative\u00a0\u00bb<\/em>, a soutenu son premier responsable.<\/p>\n<p>Au cours des 48 heures, la vingtaine de journalistes ont eu droit \u00e0 des communications, entre autres, sur les enjeux de la communication dans l\u2019atteinte des objectifs de l\u2019IGMVSS, l\u2019image des partenaires de l\u2019IGMVSS dans les productions de presse, le bilan des activit\u00e9s men\u00e9es en faveur et\/ou avec les journalistes dans le cadre de la nouvelle strat\u00e9gie de l\u2019IGMVSS.<\/p>\n<p>Cette activit\u00e9 entre dans le cadre du Programme de renforcement des capacit\u00e9s pour l\u2019IGMVSS, mis en \u0153uvre par la Coordination Nationale de l\u2019Initiative et l\u2019Association pour la Promotion de l\u2019Education et de la Formation \u00e0 l\u2019Etranger <strong>(<\/strong>APEFE), et financ\u00e9 par Wallonie-Bruxelles International et la Coop\u00e9ration Belge au D\u00e9veloppement.<\/p>\n<p><strong>Mahamadi SEBOGO<\/strong><\/p>\n<p><strong><a href=\"mailto:Windmad76@gmail.com\">Windmad76@gmail.com<\/a><\/strong><\/p>\n<div class=\"td-a-rec td-a-rec-id-content_bottom tdi_32_642 td_block_template_1\"><img loading=\"lazy\" decoding=\"async\" class=\"aligncenter size-full wp-image-27454\" src=\"https:\/\/www.sidwaya.info\/wp-content\/uploads\/2020\/10\/PUB-Bandeau-paiement-mobile-siteweb.jpg\" alt=\"\" width=\"728\" height=\"90\"\/><\/div>\n<p>Auteur: BS. Sidwaya<br \/>\n<a href=\"https:\/\/www.sidwaya.info\/blog\/2020\/11\/30\/gestion-durable-des-terres-la-grande-muraille-verte-veut-compter-sur-les-medias\/\">Cliquez ici pour lire l&rsquo;article depuis sa source.<\/a><\/p>\n","protected":false},"excerpt":{"rendered":"<p>La Coordination nationale de l\u2019Initiative de la grande muraille verte pour le Sahara et le Sahel (IGMVSS) a organis\u00e9 un atelier d\u2019\u00e9valuation et\u00a0 d\u2019orientation\u00a0 de ses relations presse, les 26 et 27 novembre 2020, \u00e0 Koudougou. La Coordination nationale de l\u2019Initiative de la Grande Muraille verte pour le Sahara et le Sahel (IGMVSS) veut renforcer [&hellip;]<\/p>\n","protected":false},"author":1816,"featured_media":0,"comment_status":"closed","ping_status":"closed","sticky":false,"template":"","format":"standard","meta":{"fifu_image_url":"https:\/\/www.sidwaya.info\/wp-content\/uploads\/2020\/11\/2verte-696x522.jpg","fifu_image_alt":"Gestion durable des terres: La Grande Muraille verte veut compter sur les m\u00e9dias","footnotes":""},"categories":[73,81],"tags":[],"class_list":["post-106136","post","type-post","status-publish","format-standard","hentry","category-actualite","category-burkina-faso"],"_links":{"self":[{"href":"https:\/\/linitiative.ca\/International\/wp-json\/wp\/v2\/posts\/106136","targetHints":{"allow":["GET"]}}],"collection":[{"href":"https:\/\/linitiative.ca\/International\/wp-json\/wp\/v2\/posts"}],"about":[{"href":"https:\/\/linitiative.ca\/International\/wp-json\/wp\/v2\/types\/post"}],"author":[{"embeddable":true,"href":"https:\/\/linitiative.ca\/International\/wp-json\/wp\/v2\/users\/1816"}],"replies":[{"embeddable":true,"href":"https:\/\/linitiative.ca\/International\/wp-json\/wp\/v2\/comments?post=106136"}],"version-history":[{"count":0,"href":"https:\/\/linitiative.ca\/International\/wp-json\/wp\/v2\/posts\/106136\/revisions"}],"wp:attachment":[{"href":"https:\/\/linitiative.ca\/International\/wp-json\/wp\/v2\/media?parent=106136"}],"wp:term":[{"taxonomy":"category","embeddable":true,"href":"https:\/\/linitiative.ca\/International\/wp-json\/wp\/v2\/categories?post=106136"},{"taxonomy":"post_tag","embeddable":true,"href":"https:\/\/linitiative.ca\/International\/wp-json\/wp\/v2\/tags?post=106136"}],"curies":[{"name":"wp","href":"https:\/\/api.w.org\/{rel}","templated":true}]}}