{"id":106236,"date":"2020-12-02T11:00:45","date_gmt":"2020-12-02T16:00:45","guid":{"rendered":"https:\/\/linitiative.ca\/International\/mehdi-qotbi-lannee-2021-sera-marquee-par-louverture-de-plusieurs-musees\/"},"modified":"2020-12-02T11:00:45","modified_gmt":"2020-12-02T16:00:45","slug":"mehdi-qotbi-lannee-2021-sera-marquee-par-louverture-de-plusieurs-musees","status":"publish","type":"post","link":"https:\/\/linitiative.ca\/International\/mehdi-qotbi-lannee-2021-sera-marquee-par-louverture-de-plusieurs-musees\/","title":{"rendered":"Mehdi Qotbi : \u00abL\u2019ann\u00e9e 2021 sera marqu\u00e9e par l\u2019ouverture de plusieurs mus\u00e9es\u00bb"},"content":{"rendered":"<p><img decoding=\"async\" class=\"post_layout_5_img\" src=\"http:\/\/aujourdhui.ma\/wp-content\/uploads\/2019\/05\/Mehdi-Qotbi.jpg\" alt=\"Mehdi Qotbi : &#xAB;L&#x2019;ann&#xE9;e 2021 sera marqu&#xE9;e par l&#x2019;ouverture de plusieurs mus&#xE9;es&#xBB;\"\/><\/p>\n<p><span class=\"c5\"><strong>Entretien avec Mehdi Qotbi, pr\u00e9sident de la Fondation nationale des mus\u00e9es (FNM)<\/strong><\/span><span id=\"more-361921\"\/><\/p>\n<p><span class=\"c6\"><strong>ALM<\/strong><\/span> : <strong>Pouvez-vous nous dresser l\u2019\u00e9tat des lieux des mus\u00e9es, en termes de fr\u00e9quentation, apr\u00e8s leur r\u00e9ouverture ?<\/strong><\/p>\n<p><strong><span class=\"c6\">Mehdi Qotbi<\/span><\/strong> : Nous avons bien fait d\u2019ouvrir les mus\u00e9es. Malgr\u00e9 la pand\u00e9mie, nous sommes extr\u00eamement surpris de voir la fr\u00e9quentation qui a pris des proportions inesp\u00e9r\u00e9es. Cela est d\u00fb aussi \u00e0 la qualit\u00e9 des expositions propos\u00e9es sur le patrimoine artistique moderne et contemporain marocain. Ainsi, le Mus\u00e9e Mohammed VI d\u2019art moderne et contemporain de Rabat pr\u00e9sente trois belles expositions, \u00e0 savoir \u00abGharbaoui, l\u2019envol des racines\u00bb qui se poursuit jusqu\u2019au 8 f\u00e9vrier 2021, \u00abLes peintres marocains dans les collections nationales, de Ben Ali R\u2019bati \u00e0 nos jours\u00bb, qui se tient jusqu\u2019au 15 d\u00e9cembre, et puis une belle r\u00e9trospective de Fouad Bellamine qui se d\u00e9roulera jusqu\u2019en avril prochain. Et donc tout am\u00e8ne un monde incroyable. La fr\u00e9quentation est \u00e9galement consid\u00e9rable au mus\u00e9e Dar El Bacha et Dar Si Sa\u00efd \u00e0 Marrakech. Je vous confirme qu\u2019en termes de nombre d\u2019entr\u00e9es, le Mus\u00e9e Mohammed VI de Rabat accueille 170 visiteurs par jour, ce qui est \u00e9norme. Le vendredi enregistre presque 250 \u00e0 300 visiteurs. Le Mus\u00e9e de Dar Bacha re\u00e7oit, quant \u00e0 lui, 120 \u00e0 130 entr\u00e9es par jour. D\u2019ailleurs, toutes les visites se d\u00e9roulent dans le respect des normes sanitaires \u00e9dict\u00e9es par le gouvernement.<\/p>\n<p><strong>Quel est votre plan d\u2019action pour 2021 ?<\/strong><\/p>\n<p>L\u2019ann\u00e9e 2021 sera marqu\u00e9e par l\u2019ouverture de plusieurs mus\u00e9es. D\u2019abord, il y aura l\u2019ouverture du Mus\u00e9e de la musique \u00e0 Mekn\u00e8s, le Mus\u00e9e de Dar Hariss \u00e0 Tanger. Nous allons ouvrir le Mus\u00e9e de l\u2019art d\u2019Islam \u00e0 F\u00e8s et le Mus\u00e9e de T\u00e9touan. De plus, on va lancer en d\u00e9cembre prochain les travaux de r\u00e9novation de Bank Al Maghrib \u00e0 Marrakech qui sera un mus\u00e9e de Jemaa El Fna. Malgr\u00e9 le confinement, nous avons continu\u00e9 \u00e0 la Fondation \u00e0 pr\u00e9parer les projets. Nous travaillons via les visioconf\u00e9rences avec l\u2019ensemble des collaborateurs.<br \/>Qu\u2019en est-il du Mus\u00e9e de La\u00e2youne ?<\/p>\n<p>Bien \u00e9videmment, le mus\u00e9e de la ville de La\u00e2youne sera d\u00e9di\u00e9 au patrimoine hassani. Aujourd\u2019hui, nous avons tous les objets mais il nous manque juste un lieu pour concr\u00e9tiser ce projet. Je suis en pleine concertation avec le pr\u00e9sident de la r\u00e9gion pour le faire avancer.<\/p>\n<p><strong>Quelle place occupe la FNM \u00e0 l\u2019\u00e9chelle internationale ?<\/strong><\/p>\n<p>Le travail fait par la Fondation est respect\u00e9 \u00e0 travers le monde. Je cite l\u2019exemple de la France qui a choisi la Fondation pour former nos amis et nos fr\u00e8res \u00e0 la mus\u00e9ologie. C\u2019est une reconnaissance aussi au travail qui a \u00e9t\u00e9 accompli \u00e0 nos jours par la Fondation. Puisque comme vous le savez, l\u2019Agence fran\u00e7aise de d\u00e9veloppement (l\u2019AFD) a consacr\u00e9 un budget de formation.<\/p>\n<p><strong>Le projet de loi 56 .20 a \u00e9t\u00e9 adopt\u00e9 r\u00e9cemment visant \u00e0 octroyer la marque d\u2019excellence \u00abMus\u00e9e du Maroc\u00bb. A quel point ce projet contribuera-il au rayonnement des mus\u00e9es \u00e0 l\u2019\u00e9chelle nationale ?<\/strong><\/p>\n<p>C\u2019est un projet qui a \u00e9t\u00e9 voulu par SM le Roi, pour que les mus\u00e9es puissent respecter les normes mus\u00e9ologiques et les r\u00e8gles qui \u00e9dictent un mus\u00e9e.<\/p>\n<p>Auteur: Siham Jadraoui<br \/>\n<a href=\"https:\/\/aujourdhui.ma\/culture\/mehdi-qotbi-lannee-2021-sera-marquee-par-louverture-de-plusieurs-musees\">Cliquez ici pour lire l&rsquo;article depuis sa source.<\/a><\/p>\n","protected":false},"excerpt":{"rendered":"<p>Entretien avec Mehdi Qotbi, pr\u00e9sident de la Fondation nationale des mus\u00e9es (FNM) ALM : Pouvez-vous nous dresser l\u2019\u00e9tat des lieux des mus\u00e9es, en termes de fr\u00e9quentation, apr\u00e8s leur r\u00e9ouverture ? Mehdi Qotbi : Nous avons bien fait d\u2019ouvrir les mus\u00e9es. Malgr\u00e9 la pand\u00e9mie, nous sommes extr\u00eamement surpris de voir la fr\u00e9quentation qui a pris des [&hellip;]<\/p>\n","protected":false},"author":1759,"featured_media":0,"comment_status":"closed","ping_status":"closed","sticky":false,"template":"","format":"standard","meta":{"fifu_image_url":"http:\/\/aujourdhui.ma\/wp-content\/uploads\/2019\/05\/Mehdi-Qotbi.jpg","fifu_image_alt":"Mehdi Qotbi : \u00abL\u2019ann\u00e9e 2021 sera marqu\u00e9e par l\u2019ouverture de plusieurs mus\u00e9es\u00bb","footnotes":""},"categories":[73,54],"tags":[],"class_list":["post-106236","post","type-post","status-publish","format-standard","hentry","category-actualite","category-maroc"],"_links":{"self":[{"href":"https:\/\/linitiative.ca\/International\/wp-json\/wp\/v2\/posts\/106236","targetHints":{"allow":["GET"]}}],"collection":[{"href":"https:\/\/linitiative.ca\/International\/wp-json\/wp\/v2\/posts"}],"about":[{"href":"https:\/\/linitiative.ca\/International\/wp-json\/wp\/v2\/types\/post"}],"author":[{"embeddable":true,"href":"https:\/\/linitiative.ca\/International\/wp-json\/wp\/v2\/users\/1759"}],"replies":[{"embeddable":true,"href":"https:\/\/linitiative.ca\/International\/wp-json\/wp\/v2\/comments?post=106236"}],"version-history":[{"count":0,"href":"https:\/\/linitiative.ca\/International\/wp-json\/wp\/v2\/posts\/106236\/revisions"}],"wp:attachment":[{"href":"https:\/\/linitiative.ca\/International\/wp-json\/wp\/v2\/media?parent=106236"}],"wp:term":[{"taxonomy":"category","embeddable":true,"href":"https:\/\/linitiative.ca\/International\/wp-json\/wp\/v2\/categories?post=106236"},{"taxonomy":"post_tag","embeddable":true,"href":"https:\/\/linitiative.ca\/International\/wp-json\/wp\/v2\/tags?post=106236"}],"curies":[{"name":"wp","href":"https:\/\/api.w.org\/{rel}","templated":true}]}}