{"id":106263,"date":"2020-12-02T11:00:00","date_gmt":"2020-12-02T16:00:00","guid":{"rendered":"https:\/\/linitiative.ca\/International\/lentraineur-des-gardiens-issam-hadhari-demain-a-sousse\/"},"modified":"2020-12-02T11:00:00","modified_gmt":"2020-12-02T16:00:00","slug":"lentraineur-des-gardiens-issam-hadhari-demain-a-sousse","status":"publish","type":"post","link":"https:\/\/linitiative.ca\/International\/lentraineur-des-gardiens-issam-hadhari-demain-a-sousse\/","title":{"rendered":"L\u2019entra\u00eeneur des gardiens, Issam Hadhari, demain \u00e0 Sousse"},"content":{"rendered":"<p class=\"p1 c3\"><span class=\"c2\">L\u2019ex-portier embl\u00e9matique de\u00a0\u00ab\u00a0Pharaons\u00a0\u00bb Issam Hadhari, futur responsable de la cellule des gardiens de but de l\u2019Etoile, d\u00e9barquera jeudi \u00e0 Sousse pour entamer ses nouvelles fonctions\u00a0\u00ab\u00a0C\u2019est un honneur pour moi de travailler au sein d\u2019un club aussi prestigieux que l\u2019Etoile du sahel, un des grands clubs du continent. Je remercie vivement le pr\u00e9sident du club et Zoubeir Baya, qui \u00e9tait \u00e0 l\u2019origine de ma venue \u00e0 l\u2019Etoile\u00a0;pour leur confiance. J\u2019ai pris quelques jours pour pouvoir m\u2019occuper de ma m\u00e8re souffrante, avant d\u2019entamer mes nouvelles fonctions avec l\u2019ESS\u00a0\u00bb, a d\u00e9clar\u00e9 Issam Hadhari, sur un ton enthousiaste.<\/span><\/p>\n<p class=\"p2 c4\"><span class=\"c2\"><strong>La liste africaine<\/strong><\/span><\/p>\n<p class=\"p1 c3\"><span class=\"c2\">Le secr\u00e9tariat du club sah\u00e9lien a envoy\u00e9 hier une liste actualis\u00e9e de 31 joueurs appel\u00e9s \u00e0 d\u00e9fendre les couleurs de l\u2019Etoile lors de la prochaine campagne de la coupe de la CAF, et ceci apr\u00e8s concertation avec le staff technique en place.<\/span><\/p>\n<p class=\"p1 c3\"><span class=\"c2\"><strong>Gardiens de but\u00a0:<span class=\"Apple-converted-space\">\u00a0<\/span><\/strong> Balbouli,Krid\u00e8ne,Gabsi,Slim\u00e8ne,<\/span><\/p>\n<p class=\"p1 c3\"><span class=\"c2\"><strong>D\u00e9fenseurs\u00a0:<\/strong> <em>Hrabi,Sellami,Konat\u00e9,Kechrida,Ben Ouann\u00e8s,Bouazra,Ben Aziza,Ayed,Ben Hassen,Nawali<\/em><\/span><\/p>\n<p class=\"p1 c3\"><span class=\"c2\"><strong>Milieux de terrain\u00a0:<\/strong> <em>Chikhaoui,Lahmar,Boukhanchouche,Haj Mahmoud,Baayou,Ben Amor,Darwin,Abid,Dagou,Soumah,Kermani,Msakni<\/em><\/span><\/p>\n<p class=\"p1 c3\"><span class=\"c2\"><strong>Attaquants\u00a0:<\/strong> Coulibaly,Zerdoum,Sfaxi,Ouji,Zaidi<\/span><\/p>\n<p class=\"p2 c4\"><span class=\"c2\"><strong>Retour de Krifa et Letaief<\/strong><\/span><\/p>\n<p class=\"p1 c3\"><span class=\"c2\">Sur le plan administratif, le pr\u00e9sident de l\u2019Etoile a fait appel de nouveau \u00e0 Jalel Krifa en tant que directeur administratif et Mohamed Letaief en sa qualit\u00e9 de responsable des affaires administratives de l\u2019\u00e9quipe s\u00e9nior.<\/span><\/p>\n<p class=\"p2 c4\"><span class=\"c2\"><strong>Quel sort sera r\u00e9serv\u00e9 \u00e0 Chokri L\u00e2amiri\u00a0?<\/strong><\/span><\/p>\n<p class=\"p1 c3\"><span class=\"c2\">Avec tout ce remue-m\u00e9nage que connait l\u2019Etoile sur le double plan technique et administratif,la question qui se pose\u00a0: quelle est la position du pr\u00e9sident de la section football en exercice Chokri Laamiri,d\u2019autant plus que ce dernier a \u00e9t\u00e9\u00a0\u00ab\u00a0\u00e9vinc\u00e9\u00a0\u00bb des diff\u00e9rentes d\u00e9cisions et orientations strat\u00e9giques mises en \u0153uvre ces derniers jours\u00a0?<\/span><\/p>\n<p class=\"p1 c3\"><span class=\"c2\">Par d\u00e9duction logique,ce dernier ne rentre plus dans les plans du nouvel establishment \u00e9toil\u00e9.Toutefois,il va falloir trouver la mani\u00e8re \u00e9l\u00e9gante et ad\u00e9quate pour r\u00e9server une sortie honorable de Laamiri,qui en d\u00e9pit de ses erreurs manag\u00e9riales et notamment son casting inappropri\u00e9 des entraineurs ayant dirig\u00e9 l\u2019Etoile sous sa f\u00e9rule\u00a0;reste un personnage d\u00e9vou\u00e9 pour le club,d\u2019o\u00f9 l\u2019incoh\u00e9rence du mutisme ayant trait \u00e0 sa situation au sein du club.<\/span><\/p>\n<p class=\"p3 c5\"><span class=\"c2\"><strong>Hatem REGAIEG<\/strong><\/span><\/p>\n<p>Auteur: letemps1<br \/>\n<a href=\"http:\/\/www.letemps.com.tn\/article\/118329\/l%E2%80%99entra%C3%AEneur-des-gardiens-issam-hadhari-demain-%C3%A0-sousse\">Cliquez ici pour lire l&rsquo;article depuis sa source.<\/a><\/p>\n","protected":false},"excerpt":{"rendered":"<p>L\u2019ex-portier embl\u00e9matique de\u00a0\u00ab\u00a0Pharaons\u00a0\u00bb Issam Hadhari, futur responsable de la cellule des gardiens de but de l\u2019Etoile, d\u00e9barquera jeudi \u00e0 Sousse pour entamer ses nouvelles fonctions\u00a0\u00ab\u00a0C\u2019est un honneur pour moi de travailler au sein d\u2019un club aussi prestigieux que l\u2019Etoile du sahel, un des grands clubs du continent. Je remercie vivement le pr\u00e9sident du club et [&hellip;]<\/p>\n","protected":false},"author":1773,"featured_media":0,"comment_status":"closed","ping_status":"closed","sticky":false,"template":"","format":"standard","meta":{"fifu_image_url":"","fifu_image_alt":"","footnotes":""},"categories":[73,55],"tags":[],"class_list":["post-106263","post","type-post","status-publish","format-standard","hentry","category-actualite","category-tunisie"],"_links":{"self":[{"href":"https:\/\/linitiative.ca\/International\/wp-json\/wp\/v2\/posts\/106263","targetHints":{"allow":["GET"]}}],"collection":[{"href":"https:\/\/linitiative.ca\/International\/wp-json\/wp\/v2\/posts"}],"about":[{"href":"https:\/\/linitiative.ca\/International\/wp-json\/wp\/v2\/types\/post"}],"author":[{"embeddable":true,"href":"https:\/\/linitiative.ca\/International\/wp-json\/wp\/v2\/users\/1773"}],"replies":[{"embeddable":true,"href":"https:\/\/linitiative.ca\/International\/wp-json\/wp\/v2\/comments?post=106263"}],"version-history":[{"count":0,"href":"https:\/\/linitiative.ca\/International\/wp-json\/wp\/v2\/posts\/106263\/revisions"}],"wp:attachment":[{"href":"https:\/\/linitiative.ca\/International\/wp-json\/wp\/v2\/media?parent=106263"}],"wp:term":[{"taxonomy":"category","embeddable":true,"href":"https:\/\/linitiative.ca\/International\/wp-json\/wp\/v2\/categories?post=106263"},{"taxonomy":"post_tag","embeddable":true,"href":"https:\/\/linitiative.ca\/International\/wp-json\/wp\/v2\/tags?post=106263"}],"curies":[{"name":"wp","href":"https:\/\/api.w.org\/{rel}","templated":true}]}}