{"id":106265,"date":"2020-12-02T11:00:00","date_gmt":"2020-12-02T16:00:00","guid":{"rendered":"https:\/\/linitiative.ca\/International\/lazerbaidjan-reprend-le-controle-de-latchin\/"},"modified":"2020-12-02T11:00:00","modified_gmt":"2020-12-02T16:00:00","slug":"lazerbaidjan-reprend-le-controle-de-latchin","status":"publish","type":"post","link":"https:\/\/linitiative.ca\/International\/lazerbaidjan-reprend-le-controle-de-latchin\/","title":{"rendered":"L\u2019Azerba\u00efdjan reprend  le contr\u00f4le de Latchin"},"content":{"rendered":"<p class=\"p1 c3\"><span class=\"c2\">L\u2019arm\u00e9e azerbaidjanaise a repris le contr\u00f4le du district de Latchin, \u00e0 l\u2019ouest du Haut-Karabakh, dernier des trois districts qu&rsquo;Erevan devait r\u00e9troc\u00e9der en vertu de l\u2019accord de cessation des hostilit\u00e9s conclu il y a trois semaines.<span class=\"Apple-converted-space\">\u00a0<\/span><\/span><\/p>\n<p class=\"p1 c3\"><span class=\"c2\">Des colonnes de camions militaires azerbaidjanais sont entr\u00e9es dans le district, juste apr\u00e8s minuit. Quelques heures auparavant, lundi en fin de journ\u00e9e, la route entre Latchin et Goris a \u00e9t\u00e9 encore tr\u00e8s emprunt\u00e9e, encombr\u00e9e par endroits par des dizaines de v\u00e9hicules de transport de troupes arm\u00e9niens qui quittaient les lieux. De nombreuses autres voitures, souvent tr\u00e8s charg\u00e9es, ont circul\u00e9 sur cette route avant 18 heures, le d\u00e9lai qui avait \u00e9t\u00e9 accord\u00e9 aux habitants pour quitter le district. Des camionnettes remplies \u00e0 ras bord de meubles, de troncs d\u2019arbres d\u00e9bit\u00e9s, de tuyaux, d\u2019\u00e9lectrom\u00e9nager. Au bord de la route, des canalisations et des bouts de pyl\u00f4nes attendaient d&rsquo;\u00eatre embarqu\u00e9s : ce sont des centrales hydro\u00e9lectriques qui ont \u00e9t\u00e9 d\u00e9mont\u00e9es. De nombreuses localit\u00e9s ont \u00e9t\u00e9 \u00e9vacu\u00e9es ces derniers jours, bien avant la date limite, a expliqu\u00e9 un responsable local. En partant, des habitants ont incendi\u00e9 leurs maisons pour ne pas les laisser aux mains des Az\u00e9ris.<span class=\"Apple-converted-space\">\u00a0<\/span><\/span><\/p>\n<p class=\"p2 c4\">\u00a0<\/p>\n<p class=\"p3 c5\"><span class=\"c2\"><strong>Corridor strat\u00e9gique<\/strong><\/span><\/p>\n<p class=\"p1 c3\"><span class=\"c2\">Ce district montagneux de Latchin est le dernier des trois districts (apr\u00e8s ceux d&rsquo;Aghdam et de Kelbajar) r\u00e9troc\u00e9d\u00e9s par l&rsquo;Arm\u00e9nie \u00e0 l&rsquo;Azerba\u00efdjan. C\u2019est ce que pr\u00e9voit l&rsquo;accord de fin des hostilit\u00e9s sign\u00e9 le 9 novembre, sous patronage russe, apr\u00e8s six semaines de guerre. Cette r\u00e9gion court du nord au sud jusqu&rsquo;\u00e0 l&rsquo;Iran, le long de la fronti\u00e8re Est de l&rsquo;Arm\u00e9nie. En son milieu, c&rsquo;est le corridor de Latchin.<\/span><\/p>\n<p class=\"p1 c3\"><span class=\"c2\">Ce corridor est le seul lien terrestre entre l\u2019Arm\u00e9nie et le Haut-Karabakh, une route essentielle pour les Arm\u00e9niens. Ce couloir traverse d\u00e9sormais des r\u00e9gions reprises par l&rsquo;Azerba\u00efdjan, mais il doit continuer d\u2019\u00eatre emprunt\u00e9 par les Arm\u00e9niens qui souhaitent gagner le Haut-Karabakh. C&rsquo;est pourquoi, cette route et les terres qui la longent sur une largeur de 5 kilom\u00e8tres sont plac\u00e9s sous le contr\u00f4le des soldats de la paix russe. Ils sont un peu moins de 2 000, d\u00e9ploy\u00e9s dans les lieux strat\u00e9giques.<span class=\"Apple-converted-space\">\u00a0<\/span><\/span><\/p>\n<p class=\"p2 c4\">\u00a0<\/p>\n<p class=\"p3 c5\"><span class=\"c2\"><strong>Confusion<\/strong><\/span><\/p>\n<p class=\"p1 c3\"><span class=\"c2\">Jusque tard hier soir, une incertitude planait sur le sort de plusieurs localit\u00e9 situ\u00e9es le long de cette route et en particulier celle de Latchin (\u00ab Berdzor \u00bb en arm\u00e9nien). Les autorit\u00e9s de ce bourg, situ\u00e9 dans les montagnes \u00e0 une cinquantaine de kilom\u00e8tres de Stepanakert \u00e9taient bien en peine de donner des indications claires aux habitants. Plusieurs versions ont circul\u00e9, et lundi soir encore, certains ne savaient pas quel serait le statut de leur ville. Des Arm\u00e9niens inquiets et en col\u00e8re, avec cette impression d\u2019\u00eatre livr\u00e9s \u00e0 eux-m\u00eames. Quant aux militaires arm\u00e9niens, ils ont quitt\u00e9 les lieux en fin de journ\u00e9e, assurant qu\u2019eux non plus n\u2019y comprenaient pas grand-chose. Beaucoup d\u2019habitants de Berdzor avaient de toute fa\u00e7on pris la d\u00e9cision de partir, ne voulant pas se retrouver \u00e0 quelques centaines de m\u00e8tres seulement de la nouvelle fronti\u00e8re avec l\u2019Azerba\u00efdjan.<span class=\"Apple-converted-space\">\u00a0<\/span><\/span><\/p>\n<p>Auteur: letemps1<br \/>\n<a href=\"http:\/\/www.letemps.com.tn\/article\/118331\/l%E2%80%99azerba%C3%AFdjan-reprend-le-contr%C3%B4le-de-latchin\">Cliquez ici pour lire l&rsquo;article depuis sa source.<\/a><\/p>\n","protected":false},"excerpt":{"rendered":"<p>L\u2019arm\u00e9e azerbaidjanaise a repris le contr\u00f4le du district de Latchin, \u00e0 l\u2019ouest du Haut-Karabakh, dernier des trois districts qu&rsquo;Erevan devait r\u00e9troc\u00e9der en vertu de l\u2019accord de cessation des hostilit\u00e9s conclu il y a trois semaines.\u00a0 Des colonnes de camions militaires azerbaidjanais sont entr\u00e9es dans le district, juste apr\u00e8s minuit. Quelques heures auparavant, lundi en fin [&hellip;]<\/p>\n","protected":false},"author":1773,"featured_media":0,"comment_status":"closed","ping_status":"closed","sticky":false,"template":"","format":"standard","meta":{"fifu_image_url":"","fifu_image_alt":"","footnotes":""},"categories":[73,55],"tags":[],"class_list":["post-106265","post","type-post","status-publish","format-standard","hentry","category-actualite","category-tunisie"],"_links":{"self":[{"href":"https:\/\/linitiative.ca\/International\/wp-json\/wp\/v2\/posts\/106265","targetHints":{"allow":["GET"]}}],"collection":[{"href":"https:\/\/linitiative.ca\/International\/wp-json\/wp\/v2\/posts"}],"about":[{"href":"https:\/\/linitiative.ca\/International\/wp-json\/wp\/v2\/types\/post"}],"author":[{"embeddable":true,"href":"https:\/\/linitiative.ca\/International\/wp-json\/wp\/v2\/users\/1773"}],"replies":[{"embeddable":true,"href":"https:\/\/linitiative.ca\/International\/wp-json\/wp\/v2\/comments?post=106265"}],"version-history":[{"count":0,"href":"https:\/\/linitiative.ca\/International\/wp-json\/wp\/v2\/posts\/106265\/revisions"}],"wp:attachment":[{"href":"https:\/\/linitiative.ca\/International\/wp-json\/wp\/v2\/media?parent=106265"}],"wp:term":[{"taxonomy":"category","embeddable":true,"href":"https:\/\/linitiative.ca\/International\/wp-json\/wp\/v2\/categories?post=106265"},{"taxonomy":"post_tag","embeddable":true,"href":"https:\/\/linitiative.ca\/International\/wp-json\/wp\/v2\/tags?post=106265"}],"curies":[{"name":"wp","href":"https:\/\/api.w.org\/{rel}","templated":true}]}}