{"id":106266,"date":"2020-12-02T11:00:00","date_gmt":"2020-12-02T16:00:00","guid":{"rendered":"https:\/\/linitiative.ca\/International\/le-chef-du-hamas-contamine-par-le-coronavirus\/"},"modified":"2020-12-02T11:00:00","modified_gmt":"2020-12-02T16:00:00","slug":"le-chef-du-hamas-contamine-par-le-coronavirus","status":"publish","type":"post","link":"https:\/\/linitiative.ca\/International\/le-chef-du-hamas-contamine-par-le-coronavirus\/","title":{"rendered":"Le chef du Hamas  contamin\u00e9 par le coronavirus"},"content":{"rendered":"<p class=\"p1 c3\"><span class=\"c2\">Le chef du Hamas \u00e0 Gaza, Yehia al Sinwar, a \u00e9t\u00e9 contamin\u00e9 par le nouveau coronavirus, a annonc\u00e9 hier un porte-parole du mouvement islamiste palestinien.<\/span><\/p>\n<p class=\"p1 c3\"><span class=\"c2\">Yehia al Sinwar, \u00e2g\u00e9 de 58 ans, \u00ab\u00a0suit les conseils des autorit\u00e9s sanitaires et prend des mesures de pr\u00e9caution\u00a0\u00bb, a pr\u00e9cis\u00e9 le porte-parole, ajoutant qu&rsquo;il poursuivait l&rsquo;exercice de ses fonctions sans changement.<\/span><\/p>\n<p class=\"p1 c3\"><span class=\"c2\">L&rsquo;ancien chef de l&rsquo;appareil de s\u00e9curit\u00e9 du Hamas a pris la t\u00eate du mouvement \u00e0 Gaza en 2017, six ans apr\u00e8s avoir \u00e9t\u00e9 lib\u00e9r\u00e9 lors d&rsquo;un \u00e9change de prisonniers avec Isra\u00ebl apr\u00e8s plus de 20 ans en d\u00e9tention.<\/span><\/p>\n<p class=\"p1 c3\"><span class=\"c2\">Gaza a fait \u00e9tat de pr\u00e8s de 21.000 cas de contamination au coronavirus pour 111 d\u00e9c\u00e8s depuis le d\u00e9but de l&rsquo;\u00e9pid\u00e9mie.<\/span><\/p>\n<p>Auteur: letemps1<br \/>\n<a href=\"http:\/\/www.letemps.com.tn\/article\/118332\/le-chef-du-hamas-contamin%C3%A9-par-le-coronavirus\">Cliquez ici pour lire l&rsquo;article depuis sa source.<\/a><\/p>\n","protected":false},"excerpt":{"rendered":"<p>Le chef du Hamas \u00e0 Gaza, Yehia al Sinwar, a \u00e9t\u00e9 contamin\u00e9 par le nouveau coronavirus, a annonc\u00e9 hier un porte-parole du mouvement islamiste palestinien. Yehia al Sinwar, \u00e2g\u00e9 de 58 ans, \u00ab\u00a0suit les conseils des autorit\u00e9s sanitaires et prend des mesures de pr\u00e9caution\u00a0\u00bb, a pr\u00e9cis\u00e9 le porte-parole, ajoutant qu&rsquo;il poursuivait l&rsquo;exercice de ses fonctions [&hellip;]<\/p>\n","protected":false},"author":1773,"featured_media":0,"comment_status":"closed","ping_status":"closed","sticky":false,"template":"","format":"standard","meta":{"fifu_image_url":"","fifu_image_alt":"","footnotes":""},"categories":[73,55],"tags":[],"class_list":["post-106266","post","type-post","status-publish","format-standard","hentry","category-actualite","category-tunisie"],"_links":{"self":[{"href":"https:\/\/linitiative.ca\/International\/wp-json\/wp\/v2\/posts\/106266","targetHints":{"allow":["GET"]}}],"collection":[{"href":"https:\/\/linitiative.ca\/International\/wp-json\/wp\/v2\/posts"}],"about":[{"href":"https:\/\/linitiative.ca\/International\/wp-json\/wp\/v2\/types\/post"}],"author":[{"embeddable":true,"href":"https:\/\/linitiative.ca\/International\/wp-json\/wp\/v2\/users\/1773"}],"replies":[{"embeddable":true,"href":"https:\/\/linitiative.ca\/International\/wp-json\/wp\/v2\/comments?post=106266"}],"version-history":[{"count":0,"href":"https:\/\/linitiative.ca\/International\/wp-json\/wp\/v2\/posts\/106266\/revisions"}],"wp:attachment":[{"href":"https:\/\/linitiative.ca\/International\/wp-json\/wp\/v2\/media?parent=106266"}],"wp:term":[{"taxonomy":"category","embeddable":true,"href":"https:\/\/linitiative.ca\/International\/wp-json\/wp\/v2\/categories?post=106266"},{"taxonomy":"post_tag","embeddable":true,"href":"https:\/\/linitiative.ca\/International\/wp-json\/wp\/v2\/tags?post=106266"}],"curies":[{"name":"wp","href":"https:\/\/api.w.org\/{rel}","templated":true}]}}