{"id":106284,"date":"2020-12-02T15:50:00","date_gmt":"2020-12-02T20:50:00","guid":{"rendered":"https:\/\/linitiative.ca\/International\/dans-le-numero-de-decembre-de-la-revue-leaders-covid-19-un-dossier-exceptionnel-sur-la-plus-grande-campagne-de-vaccination-pour-le-adultes-en-tunisie\/"},"modified":"2020-12-02T15:50:00","modified_gmt":"2020-12-02T20:50:00","slug":"dans-le-numero-de-decembre-de-la-revue-leaders-covid-19-un-dossier-exceptionnel-sur-la-plus-grande-campagne-de-vaccination-pour-le-adultes-en-tunisie","status":"publish","type":"post","link":"https:\/\/linitiative.ca\/International\/dans-le-numero-de-decembre-de-la-revue-leaders-covid-19-un-dossier-exceptionnel-sur-la-plus-grande-campagne-de-vaccination-pour-le-adultes-en-tunisie\/","title":{"rendered":"Dans le num\u00e9ro de d\u00e9cembre de  la revue Leaders : Covid -19, un dossier exceptionnel sur la plus grande campagne de vaccination pour le adultes en Tunisie"},"content":{"rendered":"<p>Finis les confinements, les distanciations sociales, les masques. Les couvre feux ? Le vaccin (contre Covid-19 : dans les conversations des Tunisiens le\u00a0 vaccin a rel\u00e9gu\u00e9 au second plan, les vannes du Kamour, les p\u00e9nuries de bouteilles de\u00a0 gaz, les mouvements sociaux\u00a0 qui se multiplient\u00a0 dans le pays : depuis quelques jours, \u00ab\u00a0le vaccin\u00a0\u00bb a rel\u00e9gu\u00e9 au second plan ces sujets qui taraudaient les Tunisiens depuis longtemps : la raison ?\u00a0 le fameux \u00ab\u00a0vaccin\u00a0\u00bb qui est d\u00e9sormais per\u00e7u comme la planche de salut qui va sauver l&rsquo;humanit\u00e9 de ce fl\u00e9au.<\/p>\n<p>Dans son dernier num\u00e9ro (d\u00e9cembre 2020) <span class=\"c2\"><strong>Leaders<\/strong><\/span> a consacr\u00e9 sa couverture et une quarantaine de pages \u00e0 ce sujet. Dans une longue interview, le ministre de la Sant\u00e9, Faouzi Mehdi a d&#8217;embl\u00e9e tenu \u00e0 rassurer les Tunisiens : \u00ab\u00a0Nous pr\u00eats\u00a0\u00bb. Plus de 2 millions seront vaccin\u00e9s au cours de 2021, soit 20% de la population\u00a0\u00bb. Il ajoute : \u00ab\u00a0c&rsquo;est une tr\u00e8s grande op\u00e9ration. La premi\u00e8re dans l&rsquo;histoire de la Tunisie pour l\u00a0\u00bbs asultes\u00a0\u00bb.<\/p>\n<p>Comment se fera l&rsquo;acquisition des vaccins ? Un seul\u00a0 vaccin ou ou deux, voire plus ? Ou aura lieu l&rsquo;administation des vaccins ? Combien \u00e7a co\u00fbtera ? Les vaccins seront gratuits\u00a0 ? Quelles seront les cibles prioritaires \u00e9ligibles \u00e0 la vaccination ?<\/p>\n<p>Et tant d&rsquo;autres questions qui taraudent les Tunisiens. En plus du ministre, <span class=\"c2\"><strong>Leaders<\/strong><\/span> a invit\u00e9 un ar\u00e9opage de cadres du minist\u00e8re qui\u00a0 vous \u00e9claireront sur les diff\u00e9rentes sp\u00e9cialit\u00e9s qui rel\u00e8vent de leurs comp\u00e9tences : les essais cliniques des vaccins, les diff\u00e9rents vaccins contre le Covid-19, les essais cliniques des vaccins.<\/p>\n<p>Outre ce dossier, on lira \u00e9galement avec profit un article sur Qasr Sa\u00efd et les diff\u00e9rents avatars qu&rsquo;il a connus sous la plume de Mohamed Aziz Ben Achour, la pr\u00e9sentation du livre d\u00e9di\u00e9 \u00e0 la Bourse de Tunis d&rsquo;un grand connaisseur\u00a0 de la Bourse\u00a0 Hamza Knani, ce que L&rsquo;ancien pr\u00e9sident des Etats Unis Barak Obama a dit de la Tunisie dans ses M\u00e9moires.<\/p>\n<p><span class=\"c2\"><span class=\"c3\"><strong>Sommaire<\/strong><\/span><\/span><\/p>\n<p><span class=\"c5\"><span class=\"c4\"><strong>Opinion<\/strong><\/span><\/span><span class=\"c4\"><strong><br \/><\/strong><\/span><\/p>\n<p><span class=\"c5\"><strong>\u2022<\/strong><\/span> Y a-t-il un mod\u00e8le \u00e9conomique qui sied \u00e0 la soci\u00e9t\u00e9 tunisienne?<br \/><span class=\"c6\"><em>\u00a0\u00a0 Par Riadh Zghal<\/em><\/span><\/p>\n<p><span class=\"c5\"><span class=\"c4\"><strong>En couverture<\/strong><\/span><\/span><\/p>\n<p><span class=\"c5\"><strong>\u2022<\/strong><\/span> La course au vaccin, la Tunisie est-elle pr\u00eate?<br \/><span class=\"c6\"><em>\u00a0\u00a0 Par Taoufik Habaieb<\/em><\/span><\/p>\n<p><span class=\"c5\"><strong>\u2022<\/strong><\/span> La premi\u00e8re salle de cath\u00e9t\u00e9risme pour enfants \u00e0 Tunis<br \/><span class=\"c6\"><em>\u00a0\u00a0 Par Fatma Hentati<\/em><\/span><\/p>\n<p><span class=\"c5\"><span class=\"c4\"><strong>Nation<\/strong><\/span><\/span><\/p>\n<p><span class=\"c5\"><strong>\u2022<\/strong><\/span> Des zones humides saines \u00e0 pr\u00e9server et \u00e0 promouvoir<\/p>\n<p><span class=\"c5\"><strong>\u2022<\/strong><\/span> Finances locales : une haute instance si indispensable<\/p>\n<p><span class=\"c4\"><span class=\"c5\"><strong>International<\/strong><\/span><\/span><\/p>\n<p><span class=\"c5\"><strong>\u2022<\/strong><\/span> Ce que l\u2019\u00e9lection de Biden signifie pour la Tunisie<br \/><span class=\"c6\"><em>\u00a0\u00a0 Par Gordon Gray<\/em><\/span><\/p>\n<p><span class=\"c5\"><span class=\"c4\"><strong>Soci\u00e9t\u00e9<\/strong><\/span><\/span><\/p>\n<p><span class=\"c5\"><strong>\u2022<\/strong><\/span> Un palais embl\u00e9matique du despotisme oriental Al Qasr al Sa\u00efd<br \/><span class=\"c6\"><em>\u00a0\u00a0 Par Mohamed El Aziz Ben Achour<\/em><\/span><\/p>\n<p><span class=\"c5\"><strong>\u2022<\/strong><\/span> Cic\u00e9ron et le pain d\u2019Etat<br \/><span class=\"c6\"><em>\u00a0\u00a0 Par Ammar Mahjoubi<\/em><\/span><\/p>\n<p><span class=\"c5\"><strong>\u2022<\/strong><\/span> Une br\u00e8ve histoire de la Bourse de Tunis<\/p>\n<p><span class=\"c5\"><strong>\u2022<\/strong><\/span> Ce que Barack Obama dit de la Tunisie dans son livre-\u00e9v\u00e8nement&#8230;<\/p>\n<p><span class=\"c5\"><strong>\u2022<\/strong><\/span> L\u2019hommage \u00e0 Abderrahmane Youssoufi<\/p>\n<p><span class=\"c5\"><strong>\u2022<\/strong><\/span> Mokhtar Mehiri : une vie en \u201crailways\u201d<\/p>\n<p><span class=\"c5\"><strong>\u2022<\/strong><\/span> Moncef Ksibi : un grand commis de l\u2019Etat qui a excell\u00e9 aussi dans le priv\u00e9<\/p>\n<p><span class=\"c5\"><strong>\u2022<\/strong><\/span> Mohamed Sahbi Mrabet : le p\u00e9trolier<\/p>\n<p><span class=\"c5\"><span class=\"c4\"><strong>Billet<\/strong><\/span><\/span><\/p>\n<p><span class=\"c5\"><strong>\u2022<\/strong><\/span> Tous coupables!<br \/><span class=\"c6\"><em>\u00a0\u00a0 Par H\u00e9di B\u00e9hi<\/em><\/span><\/p>\n<p>Auteur:<br \/>\n<a href=\"https:\/\/www.leaders.com.tn\/article\/31018-dans-le-numero-de-decembre-de-la-revue-leaders-covid-19-un-dossier-exceptionnel-sur-la-plus-grande-campagne-de-vaccination-pour-le-adultes-en-tunisie\">Cliquez ici pour lire l&rsquo;article depuis sa source.<\/a><\/p>\n","protected":false},"excerpt":{"rendered":"<p>Finis les confinements, les distanciations sociales, les masques. Les couvre feux ? Le vaccin (contre Covid-19 : dans les conversations des Tunisiens le\u00a0 vaccin a rel\u00e9gu\u00e9 au second plan, les vannes du Kamour, les p\u00e9nuries de bouteilles de\u00a0 gaz, les mouvements sociaux\u00a0 qui se multiplient\u00a0 dans le pays : depuis quelques jours, \u00ab\u00a0le vaccin\u00a0\u00bb a [&hellip;]<\/p>\n","protected":false},"author":1772,"featured_media":0,"comment_status":"closed","ping_status":"closed","sticky":false,"template":"","format":"standard","meta":{"fifu_image_url":"","fifu_image_alt":"","footnotes":""},"categories":[73,55],"tags":[],"class_list":["post-106284","post","type-post","status-publish","format-standard","hentry","category-actualite","category-tunisie"],"_links":{"self":[{"href":"https:\/\/linitiative.ca\/International\/wp-json\/wp\/v2\/posts\/106284","targetHints":{"allow":["GET"]}}],"collection":[{"href":"https:\/\/linitiative.ca\/International\/wp-json\/wp\/v2\/posts"}],"about":[{"href":"https:\/\/linitiative.ca\/International\/wp-json\/wp\/v2\/types\/post"}],"author":[{"embeddable":true,"href":"https:\/\/linitiative.ca\/International\/wp-json\/wp\/v2\/users\/1772"}],"replies":[{"embeddable":true,"href":"https:\/\/linitiative.ca\/International\/wp-json\/wp\/v2\/comments?post=106284"}],"version-history":[{"count":0,"href":"https:\/\/linitiative.ca\/International\/wp-json\/wp\/v2\/posts\/106284\/revisions"}],"wp:attachment":[{"href":"https:\/\/linitiative.ca\/International\/wp-json\/wp\/v2\/media?parent=106284"}],"wp:term":[{"taxonomy":"category","embeddable":true,"href":"https:\/\/linitiative.ca\/International\/wp-json\/wp\/v2\/categories?post=106284"},{"taxonomy":"post_tag","embeddable":true,"href":"https:\/\/linitiative.ca\/International\/wp-json\/wp\/v2\/tags?post=106284"}],"curies":[{"name":"wp","href":"https:\/\/api.w.org\/{rel}","templated":true}]}}