{"id":106293,"date":"2020-12-02T14:00:50","date_gmt":"2020-12-02T19:00:50","guid":{"rendered":"https:\/\/linitiative.ca\/International\/plf-2021-voici-le-detail-des-amendements-proposes-par-la-cgem\/"},"modified":"2020-12-02T14:00:50","modified_gmt":"2020-12-02T19:00:50","slug":"plf-2021-voici-le-detail-des-amendements-proposes-par-la-cgem","status":"publish","type":"post","link":"https:\/\/linitiative.ca\/International\/plf-2021-voici-le-detail-des-amendements-proposes-par-la-cgem\/","title":{"rendered":"PLF 2021 : voici le d\u00e9tail des amendements propos\u00e9s par la CGEM"},"content":{"rendered":"<p><strong>Le projet de Loi de finances 2021 est dans sa derni\u00e8re ligne droite pour son adoption par le parlement. Plusieurs amendements ont d\u00e9j\u00e0 \u00e9t\u00e9 apport\u00e9s au texte par les d\u00e9put\u00e9s. Voici le d\u00e9tail des amendements propos\u00e9s par la CGEM (Conf\u00e9d\u00e9ration g\u00e9n\u00e9rale des entreprises du Maroc). \u00a0<\/strong><\/p>\n<div class=\"c10\"\/>\n<\/p>\n<p>Auteur: challenge<br \/>\n<a href=\"https:\/\/www.challenge.ma\/plf-2021-voici-le-detail-des-amendements-proposes-par-la-cgem-167424\/\">Cliquez ici pour lire l&rsquo;article depuis sa source.<\/a><\/p>\n","protected":false},"excerpt":{"rendered":"<p>Le projet de Loi de finances 2021 est dans sa derni\u00e8re ligne droite pour son adoption par le parlement. Plusieurs amendements ont d\u00e9j\u00e0 \u00e9t\u00e9 apport\u00e9s au texte par les d\u00e9put\u00e9s. Voici le d\u00e9tail des amendements propos\u00e9s par la CGEM (Conf\u00e9d\u00e9ration g\u00e9n\u00e9rale des entreprises du Maroc). \u00a0 Auteur: challenge Cliquez ici pour lire l&rsquo;article depuis sa [&hellip;]<\/p>\n","protected":false},"author":1787,"featured_media":0,"comment_status":"closed","ping_status":"closed","sticky":false,"template":"","format":"standard","meta":{"fifu_image_url":"","fifu_image_alt":"","footnotes":""},"categories":[78,54],"tags":[],"class_list":["post-106293","post","type-post","status-publish","format-standard","hentry","category-economie","category-maroc"],"_links":{"self":[{"href":"https:\/\/linitiative.ca\/International\/wp-json\/wp\/v2\/posts\/106293","targetHints":{"allow":["GET"]}}],"collection":[{"href":"https:\/\/linitiative.ca\/International\/wp-json\/wp\/v2\/posts"}],"about":[{"href":"https:\/\/linitiative.ca\/International\/wp-json\/wp\/v2\/types\/post"}],"author":[{"embeddable":true,"href":"https:\/\/linitiative.ca\/International\/wp-json\/wp\/v2\/users\/1787"}],"replies":[{"embeddable":true,"href":"https:\/\/linitiative.ca\/International\/wp-json\/wp\/v2\/comments?post=106293"}],"version-history":[{"count":0,"href":"https:\/\/linitiative.ca\/International\/wp-json\/wp\/v2\/posts\/106293\/revisions"}],"wp:attachment":[{"href":"https:\/\/linitiative.ca\/International\/wp-json\/wp\/v2\/media?parent=106293"}],"wp:term":[{"taxonomy":"category","embeddable":true,"href":"https:\/\/linitiative.ca\/International\/wp-json\/wp\/v2\/categories?post=106293"},{"taxonomy":"post_tag","embeddable":true,"href":"https:\/\/linitiative.ca\/International\/wp-json\/wp\/v2\/tags?post=106293"}],"curies":[{"name":"wp","href":"https:\/\/api.w.org\/{rel}","templated":true}]}}