{"id":106295,"date":"2020-12-02T16:31:13","date_gmt":"2020-12-02T21:31:13","guid":{"rendered":"https:\/\/linitiative.ca\/International\/tunisie-ennahdha-exclusif-ghannouchi-oblige-de-se-tenir-a-lecart-ali-laarayedh-prend-la-releve\/"},"modified":"2020-12-02T16:31:13","modified_gmt":"2020-12-02T21:31:13","slug":"tunisie-ennahdha-exclusif-ghannouchi-oblige-de-se-tenir-a-lecart-ali-laarayedh-prend-la-releve","status":"publish","type":"post","link":"https:\/\/linitiative.ca\/International\/tunisie-ennahdha-exclusif-ghannouchi-oblige-de-se-tenir-a-lecart-ali-laarayedh-prend-la-releve\/","title":{"rendered":"Tunisie \u2013 Ennahdha\u00a0: EXCLUSIF\u00a0: Ghannouchi oblig\u00e9 de se tenir \u00e0 l\u2019\u00e9cart\u2026 Ali Laarayedh prend la rel\u00e8ve"},"content":{"rendered":"<div class=\"post-cont-in left relative\">\n<div id=\"post-info-wrap\" class=\"left relative post-info-out\">\n<div class=\"post-info-img left relative\"><img loading=\"lazy\" decoding=\"async\" alt=\"\" src=\"https:\/\/secure.gravatar.com\/avatar\/9f10b5e5a102bf8cc0ebfb84f5ab5652?s=50&amp;d=mm&amp;r=g\" srcset=\"https:\/\/secure.gravatar.com\/avatar\/9f10b5e5a102bf8cc0ebfb84f5ab5652?s=100&amp;d=mm&amp;r=g 2x\" class=\"avatar avatar-50 photo\" height=\"50\" width=\"50\"\/><\/div>\n<div class=\"post-info-in\">\n<div class=\"post-info-right left relative post-info-name left relative\"><span itemprop=\"author\" itemscope=\"\" itemtype=\"https:\/\/schema.org\/Person\"><span class=\"post-info-text\">Par<\/span> <span class=\"author-name vcard fn author\" itemprop=\"name\"><a href=\"https:\/\/www.tunisienumerique.com\/author\/ramsis\/\" title=\"Articles par Ramsis\" rel=\"author\">Ramsis<\/a><\/span><\/span> <span class=\"post-date updated\"><time class=\"post-date updated\" itemprop=\"datePublished\" datetime=\"2020-12-02\">\u00a0| Il y a 1 minute<\/time><\/span><\/div>\n<div class=\"left relative\"><button id=\"listenButton1\" class=\"responsivevoice-button\" type=\"button\" value=\"Play\" title=\"&#xC9;coutez l'article\"><span>\ud83d\udd0a \u00c9coutez l&rsquo;article<\/span><\/button> <\/div>\n<\/div>\n<\/div>\n<p>La temp\u00eate qui secoue le temple bleu de Montplaisir, depuis plusieurs mois, semble en voie d\u2019accalmie.<\/p>\n<div class=\"code-block code-block-1 c4\"><ins class=\"adsbygoogle c3\" data-ad-layout=\"in-article\" data-ad-format=\"fluid\" data-ad-client=\"ca-pub-2102118777505746\" data-ad-slot=\"7301775417\"\/> <\/div>\n<p>Les d\u00e9saccords et autres dissidences ont divis\u00e9 les partisans d\u2019Ennahdha et sa classe dirigeante, \u00e0 cause de l\u2019ent\u00eatement dont a fait preuve le Cheikh Rached Ghannouchi pour rempiler, malgr\u00e9 les interdits du r\u00e8glement interne, \u00e0 la t\u00eate du parti, qu\u2019il consid\u00e8re comme sa propri\u00e9t\u00e9 personnelle.<\/p>\n<p>Ces d\u00e9saccords semblent \u00eatre sur le point d\u2019\u00eatre d\u00e9pass\u00e9s, selon les derni\u00e8res nouvelles en provenance de Montplaisir. En effet, finalement r\u00e9sign\u00e9, devant l\u2019acharnement de ses nombreux d\u00e9tracteurs, le Cheikh semble \u00eatre revenu \u00e0 de meilleurs sentiments. Il consent, d\u00e9sormais \u00e0 se tenir \u00e0 l\u2019\u00e9cart, dans le cadre d\u2019un accord entre les diff\u00e9rents bellig\u00e9rants du conflit intra-Ennahdha.<\/p>\n<p>Les dispositions de cet accord pr\u00e9voient\u00a0:<\/p>\n<p>Le report du congr\u00e8s d\u2019Ennahdha de deux ans.<\/p>\n<p>Le Cheikh s\u2019engage \u00e0 ne pas se pr\u00e9senter pour les \u00e9lections du pr\u00e9sident d\u2019Ennahdha, ni pour les prochaines \u00e9lections \u00e0 la pr\u00e9sidence du pays.<\/p>\n<p>Le Cheikh demeure pr\u00e9sident du parti, mais ne g\u00e8re plus rien directement.<\/p>\n<p>Nomination de deux vice-pr\u00e9sidents, Ali La\u00e2rayedh et Noureddine Bhiri.<\/p>\n<p>Ali La\u00e2rayedh sera le nouvel homme fort du parti. Il est, d\u00e9j\u00e0, en train de choisir les membres du nouveau bureau ex\u00e9cutif.<\/p>\n<p>Cet accord semble regrouper autour de lui la majorit\u00e9 des leaders du parti, vu qu\u2019Ali La\u00e2rayedh est une personnalit\u00e9 consensuelle et respect\u00e9e de tout le monde. Il ne reste gu\u00e8re plus que quelques personnalit\u00e9s qui demeurent sceptiques \u00e0 cette solution, \u00e0 l\u2019instar d\u2019Abdelhamid Jelassi, qui exigent la tenue du congr\u00e8s, cette ann\u00e9e.<\/p>\n<div class=\"swp_social_panel swp_horizontal_panel swp_flat_fresh swp_default_full_color swp_individual_full_color swp_other_full_color scale-100 scale-\" data-min-width=\"1100\" data-float-color=\"#ffffff\" data-float=\"bottom\" data-float-mobile=\"bottom\" data-transition=\"slide\">\n<div class=\"nc_tweetContainer swp_share_button total_shares total_sharesalt\"><span class=\"swp_count\">1 <span class=\"swp_label\">Partages<\/span><\/span><\/div>\n<\/div>\n<p><strong>Que se passe-t-il en Tunisie?<\/strong><br \/>Nous expliquons sur notre <a href=\"https:\/\/www.youtube.com\/channel\/UCRzypVq0B_yBad5eGrwBx0Q?sub_confirmation=1\" target=\"_blank\" rel=\"noopener noreferrer\">cha\u00eene YouTube<\/a> . <a href=\"https:\/\/www.youtube.com\/channel\/UCRzypVq0B_yBad5eGrwBx0Q?sub_confirmation=1\" target=\"_blank\" rel=\"noopener noreferrer\">Abonnez-vous!<\/a><\/p>\n<div class=\"mvp-org-wrap mvp-org-logo\" itemprop=\"publisher\" itemscope=\"\" itemtype=\"https:\/\/schema.org\/Organization\"><img decoding=\"async\" src=\"https:\/\/www.tunisienumerique.com\/wp-content\/uploads\/2017\/02\/logo_tunisie_numerique.png\"\/><\/div>\n<div class=\"mvp-related-posts left relative\">\n<h4 class=\"post-header\"><span class=\"post-header\">Lire aussi<\/span><\/h4>\n<\/div>\n<div id=\"article-ad\"><ins class=\"adsbygoogle c5\" data-ad-client=\"ca-pub-2102118777505746\" data-ad-slot=\"6513972734\" data-ad-format=\"auto\" data-full-width-responsive=\"true\"\/> <\/div>\n<\/div>\n<div id=\"post-sidebar-wrap\"><ins class=\"adsbygoogle c5\" data-ad-client=\"ca-pub-2102118777505746\" data-ad-slot=\"6168283410\" data-ad-format=\"auto\" data-full-width-responsive=\"true\"\/> <\/div>\n<p>Auteur: Ramsis<br \/>\n<a href=\"https:\/\/www.tunisienumerique.com\/tunisie-ennahdha-exclusif-ghannouchi-oblige-de-se-tenir-a-lecart-ali-laarayedh-prend-la-releve\/\">Cliquez ici pour lire l&rsquo;article depuis sa source.<\/a><\/p>\n","protected":false},"excerpt":{"rendered":"<p>Par Ramsis \u00a0| Il y a 1 minute \ud83d\udd0a \u00c9coutez l&rsquo;article La temp\u00eate qui secoue le temple bleu de Montplaisir, depuis plusieurs mois, semble en voie d\u2019accalmie. Les d\u00e9saccords et autres dissidences ont divis\u00e9 les partisans d\u2019Ennahdha et sa classe dirigeante, \u00e0 cause de l\u2019ent\u00eatement dont a fait preuve le Cheikh Rached Ghannouchi pour rempiler, [&hellip;]<\/p>\n","protected":false},"author":1789,"featured_media":0,"comment_status":"closed","ping_status":"closed","sticky":false,"template":"","format":"standard","meta":{"fifu_image_url":"https:\/\/secure.gravatar.com\/avatar\/9f10b5e5a102bf8cc0ebfb84f5ab5652?s=50&d=mm&r=g","fifu_image_alt":"Tunisie \u2013 Ennahdha\u00a0: EXCLUSIF\u00a0: Ghannouchi oblig\u00e9 de se tenir \u00e0 l\u2019\u00e9cart\u2026 Ali Laarayedh prend la rel\u00e8ve","footnotes":""},"categories":[73,55],"tags":[],"class_list":["post-106295","post","type-post","status-publish","format-standard","hentry","category-actualite","category-tunisie"],"_links":{"self":[{"href":"https:\/\/linitiative.ca\/International\/wp-json\/wp\/v2\/posts\/106295","targetHints":{"allow":["GET"]}}],"collection":[{"href":"https:\/\/linitiative.ca\/International\/wp-json\/wp\/v2\/posts"}],"about":[{"href":"https:\/\/linitiative.ca\/International\/wp-json\/wp\/v2\/types\/post"}],"author":[{"embeddable":true,"href":"https:\/\/linitiative.ca\/International\/wp-json\/wp\/v2\/users\/1789"}],"replies":[{"embeddable":true,"href":"https:\/\/linitiative.ca\/International\/wp-json\/wp\/v2\/comments?post=106295"}],"version-history":[{"count":0,"href":"https:\/\/linitiative.ca\/International\/wp-json\/wp\/v2\/posts\/106295\/revisions"}],"wp:attachment":[{"href":"https:\/\/linitiative.ca\/International\/wp-json\/wp\/v2\/media?parent=106295"}],"wp:term":[{"taxonomy":"category","embeddable":true,"href":"https:\/\/linitiative.ca\/International\/wp-json\/wp\/v2\/categories?post=106295"},{"taxonomy":"post_tag","embeddable":true,"href":"https:\/\/linitiative.ca\/International\/wp-json\/wp\/v2\/tags?post=106295"}],"curies":[{"name":"wp","href":"https:\/\/api.w.org\/{rel}","templated":true}]}}