{"id":106300,"date":"2020-12-02T14:41:03","date_gmt":"2020-12-02T19:41:03","guid":{"rendered":"https:\/\/linitiative.ca\/International\/arrestations-dopposants-au-togo\/"},"modified":"2020-12-02T14:41:03","modified_gmt":"2020-12-02T19:41:03","slug":"arrestations-dopposants-au-togo","status":"publish","type":"post","link":"https:\/\/linitiative.ca\/International\/arrestations-dopposants-au-togo\/","title":{"rendered":"ARRESTATIONS D\u2019OPPOSANTS AU TOGO"},"content":{"rendered":"<div class=\"stream-item stream-item-above-post-content\">\n<p><noscript><\/p>\n<p><a href=\"\/\/www3.smartadserver.com\/ac?jump=1&amp;nwid=2136&amp;siteid=240610&amp;pgname=rg&amp;fmtid=49046&amp;visit=m&amp;tmstp=[timestamp]&amp;out=nonrich\" target=\"_blank\" rel=\"noopener noreferrer\"><img decoding=\"async\" src=\"http:\/\/www3.smartadserver.com\/ac?out=nonrich&amp;nwid=2136&amp;siteid=240610&amp;pgname=rg&amp;fmtid=49046&amp;visit=m&amp;tmstp=[timestamp]\" border=\"0\" alt=\"\"\/><\/a><\/p>\n<p><\/noscript><\/div>\n<p class=\"c3\"><em>Amnesty International tombe \u00e0 bras raccourcis sur la gouvernance politique au Togo.\u00a0 L\u2019ONG vient, en effet,\u00a0d\u2019\u00e9tablir un lien \u00e9troit entre les arrestations d\u2019opposants togolais et leur r\u00e9cent appel \u00e0 protester contre les r\u00e9sultats de la pr\u00e9sidentielle de f\u00e9vrier dernier, qui a vu la reconduction pour un 4<sup>e<\/sup> mandat \u00e0 la t\u00eate de l\u2019Etat, de Faure Gnassingb\u00e9.\u00a0 L\u2019Organisation n\u2019y voit ni plus ni moins qu\u2019une \u00ab\u00a0nouvelle illustration des autorit\u00e9s de vouloir r\u00e9duire au silence, l\u2019opposition et les voix dissidentes\u00a0\u00bb.\u00a0\u00a0 Brigitte Kafui Adjamagbo-Johnson, la Coordonnatrice de la Dynamique Mgr Kpodzro (DMK), ne dira pas le contraire\u00a0; elle qui, au moment o\u00f9 nous tracions ces lignes, \u00e9tait toujours en garde \u00e0 vue au service central des renseignements et d\u2019investigations criminelles. A cette ancienne porte-parole du candidat malheureux \u00e0 la derni\u00e8re pr\u00e9sidentielle, Agb\u00e9yom\u00e9 Kodjo, arr\u00eat\u00e9e \u00e0 son domicile le 28 novembre dernier, et aux autres d\u00e9tenus politiques, il a \u00e9t\u00e9 notifi\u00e9 les chefs d\u2019accusations suivants\u00a0:\u00a0\u00a0 groupements de malfaiteurs et atteinte \u00e0 la s\u00e9curit\u00e9 int\u00e9rieure de l\u2019Etat. Traqu\u00e9s parce qu\u2019ils ren\u00e2clent\u00a0 toujours \u00e0 reconnaitre la victoire du pr\u00e9sident Faure Gnassing\u00e9, les membres de la DMK en d\u00e9licatesse avec la loi, doivent aussi leurs malheurs (perquisitions et gardes \u00e0 vue) au fait d\u2019avoir protest\u00e9 contre le \u00ab\u00a0harc\u00e8lement judiciaire \u00e0 l\u2019encontre de certains membres de l\u2019opposition\u00a0\u00bb.\u00a0 Dans un Etat qui se r\u00e9clame de droit,\u00a0de telles interpellations sont \u00e9videmment inacceptables.\u00a0 Elles heurtent frontalement les principes fondamentaux de la d\u00e9mocratie que sont la libert\u00e9 d\u2019expression et celle de manifestation.\u00a0 Mais il faut bien se rendre \u00e0 l\u2019\u00e9vidence\u00a0; tous ces faits attentatoires aux libert\u00e9s individuelles et collectives, se passent au Togo, connu pour \u00eatre l\u2019un des gros trous noirs de la d\u00e9mocratie en Afrique de l\u2019Ouest.\u00a0 Autant dire que ces privations de libert\u00e9 et les brutalit\u00e9s dont continuent d\u2019\u00eatre injustement victimes les opposants politiques togolais, rel\u00e8vent quasiment du fait divers au Togo.\u00a0 Un non-\u00e9v\u00e9nement, s\u2019il en est.<\/em><\/p>\n<p class=\"c3\"><em>\u00a0<\/em><\/p>\n<p class=\"c4\"><strong><em>Le Togo ne m\u00e9rite pas le label \u00ab\u00a0d\u00e9mocratie<\/em><\/strong><\/p>\n<p class=\"c3\"><em>\u00a0<\/em><\/p>\n<p class=\"c3\"><em>Tant et si bien qu\u2019il ne se trouverait plus encore grand-monde pour s\u2019\u00e9mouvoir de la gouvernance erratique du r\u00e9gime, en mati\u00e8re de d\u00e9mocratie et respect des droits de l\u2019Homme. Tout se passe \u00e0 pr\u00e9sent comme si l\u2019on avait achev\u00e9 de d\u00e9sesp\u00e9rer du Togo. Mais \u00e0 qui la faute si cet petit Etat d\u2019une superficie d\u2019\u00e0 peine 57 mille km<sup>2<\/sup>, continue \u00e0 ramer \u00e0 contre-courant des valeurs cardinales de la d\u00e9mocratie ?\u00a0\u00a0<\/em> <em>D\u2019abord, au peuple togolais qui donne \u00e0 ce jour, l\u2019impression d\u2019avoir abdiqu\u00e9 face \u00e0 la dynastie Gnassingb\u00e9.\u00a0\u00a0\u00a0 Dans un tel cas de figure, que peut une opposition, aussi teigneuse et d\u00e9termin\u00e9e soit-elle\u00a0? Comme le dit l\u2019adage, \u00ab\u00a0on ne peut pas vouloir aller au paradis sans mourir\u00a0\u00bb. Or, c\u2019est ce sacrifice supr\u00eame que ne semblent pas pr\u00eats \u00e0 consentir les Togolais qui aspirent et crient au changement.\u00a0 Dieu seul sait pourtant le travail titanesque qu\u2019il faudra mener pour parvenir \u00e0 d\u00e9boulonner un pouvoir aux racines profond\u00e9ment enfouies depuis des d\u00e9cennies.\u00a0<\/em> <em>Ensuite, aux opposants togolais qui n\u2019ont pas toujours brill\u00e9 par leur clart\u00e9 ni leur constance et qui ont tr\u00e8s souvent p\u00e9ch\u00e9 par manque de strat\u00e9gie ad\u00e9quate. Ces hommes politiques ont \u00a0certainement commis bien des erreurs et il est clair qu\u2019apr\u00e8s les avoir encha\u00een\u00e9es, ils ont fini par se d\u00e9cr\u00e9dibiliser aux yeux de larges secteurs de l\u2019opinion togolaise. En tout cas, cette opposition aurait des raisons de perdre espoir aujourd\u2019hui\u00a0; elle qui n\u2019a pas pu venir \u00e0 bout de la long\u00e9vit\u00e9 au pouvoir des Gnassingb\u00e9 \u00e0 l\u2019\u00e9poque o\u00f9 elle soulevait pourtant des foules immenses hostiles \u00e0 la patrimoinisation du pouvoir togolais.\u00a0 Au moment o\u00f9 ce pouvoir ne tenait plus qu\u2019\u00e0 un fil, cette opposition a manqu\u00e9 de lui \u00a0porter le coup de gr\u00e2ce. Une occasion manqu\u00e9e, qui aura permis \u00e0 l\u2019establishment de reprendre du poil de la b\u00eate et de tirer les le\u00e7ons du pass\u00e9 pour mieux se pr\u00e9munir contre toutes nouvelles bourrasques.\u00a0\u00a0\u00a0<\/em> <em>Toute initiative de l\u2019opposition tendant \u00e0 remettre en cause ce pouvoir sera toujours combattue par tous les moyens et tu\u00e9e ainsi dans l\u2019\u0153uf. Et en cela, Faure Gnassingb\u00e9 peut toujours compter sur une Justice aux ordres et une arm\u00e9e totalement acquise \u00e0 sa cause.\u00a0 C\u2019est dire si \u00e0 l\u2019\u00e9tape o\u00f9 l\u2019on en est, il est difficile d\u2019\u2019\u00e9branler le syst\u00e8me Gnassingb\u00e9.\u00a0 Et ce ne sont pas les appels d\u2019un opposant contraint \u00e0 l\u2019exil, en l\u2019occurrence Agb\u00e9yom\u00e9 Kodjo, qui devraient pouvoir sonner le rassemblement des Togolais qui ont sans doute aujourd\u2019hui la t\u00eate \u00e0 autre chose.\u00a0\u00a0 Il faut donc craindre qu\u2019\u00e0 la longue, la contestation ne s\u2019essouffle. En tout \u00e9tat de cause, le Togo ne m\u00e9rite pas le label \u00ab\u00a0d\u00e9mocratie\u00a0\u00bb.\u00a0 Il r\u00e9unit plut\u00f4t tous les attributs d\u2019une monarchie, tant tout semble concourir au r\u00e8gne ad vitam aetarnam de l\u2019homme fort de Lom\u00e9.<\/em><\/p>\n<p class=\"c3\"><em>\u00a0<\/em><\/p>\n<p class=\"c4\"><strong><em>\u00ab\u00a0Le Pays\u00a0\u00bb<\/em><\/strong><\/p>\n<p class=\"c3\"><em>\u00a0<\/em><\/p>\n<p>Auteur: Le Pays<br \/>\n<a href=\"http:\/\/lepays.bf\/arrestations-dopposants-au-togo\/\">Cliquez ici pour lire l&rsquo;article depuis sa source.<\/a><\/p>\n","protected":false},"excerpt":{"rendered":"<p>Amnesty International tombe \u00e0 bras raccourcis sur la gouvernance politique au Togo.\u00a0 L\u2019ONG vient, en effet,\u00a0d\u2019\u00e9tablir un lien \u00e9troit entre les arrestations d\u2019opposants togolais et leur r\u00e9cent appel \u00e0 protester contre les r\u00e9sultats de la pr\u00e9sidentielle de f\u00e9vrier dernier, qui a vu la reconduction pour un 4e mandat \u00e0 la t\u00eate de l\u2019Etat, de Faure [&hellip;]<\/p>\n","protected":false},"author":1813,"featured_media":0,"comment_status":"closed","ping_status":"closed","sticky":false,"template":"","format":"standard","meta":{"fifu_image_url":"http:\/\/www3.smartadserver.com\/ac?out=nonrich&nwid=2136&siteid=240610&pgname=rg&fmtid=49046&visit=m&tmstp=[timestamp]","fifu_image_alt":"ARRESTATIONS D\u2019OPPOSANTS AU TOGO","footnotes":""},"categories":[73,81],"tags":[],"class_list":["post-106300","post","type-post","status-publish","format-standard","hentry","category-actualite","category-burkina-faso"],"_links":{"self":[{"href":"https:\/\/linitiative.ca\/International\/wp-json\/wp\/v2\/posts\/106300","targetHints":{"allow":["GET"]}}],"collection":[{"href":"https:\/\/linitiative.ca\/International\/wp-json\/wp\/v2\/posts"}],"about":[{"href":"https:\/\/linitiative.ca\/International\/wp-json\/wp\/v2\/types\/post"}],"author":[{"embeddable":true,"href":"https:\/\/linitiative.ca\/International\/wp-json\/wp\/v2\/users\/1813"}],"replies":[{"embeddable":true,"href":"https:\/\/linitiative.ca\/International\/wp-json\/wp\/v2\/comments?post=106300"}],"version-history":[{"count":0,"href":"https:\/\/linitiative.ca\/International\/wp-json\/wp\/v2\/posts\/106300\/revisions"}],"wp:attachment":[{"href":"https:\/\/linitiative.ca\/International\/wp-json\/wp\/v2\/media?parent=106300"}],"wp:term":[{"taxonomy":"category","embeddable":true,"href":"https:\/\/linitiative.ca\/International\/wp-json\/wp\/v2\/categories?post=106300"},{"taxonomy":"post_tag","embeddable":true,"href":"https:\/\/linitiative.ca\/International\/wp-json\/wp\/v2\/tags?post=106300"}],"curies":[{"name":"wp","href":"https:\/\/api.w.org\/{rel}","templated":true}]}}