{"id":106301,"date":"2020-12-02T15:48:09","date_gmt":"2020-12-02T20:48:09","guid":{"rendered":"https:\/\/linitiative.ca\/International\/lutte-contre-le-terrorisme-gagner-la-guerre-de-limage\/"},"modified":"2020-12-02T15:48:09","modified_gmt":"2020-12-02T20:48:09","slug":"lutte-contre-le-terrorisme-gagner-la-guerre-de-limage","status":"publish","type":"post","link":"https:\/\/linitiative.ca\/International\/lutte-contre-le-terrorisme-gagner-la-guerre-de-limage\/","title":{"rendered":"Lutte contre le terrorisme : Gagner la \u00ab guerre \u00bb de l\u2019image"},"content":{"rendered":"<div class=\"td-post-featured-image\"><a href=\"https:\/\/www.sidwaya.info\/wp-content\/uploads\/2020\/12\/1-4.jpg\" data-caption=\"\"><img loading=\"lazy\" decoding=\"async\" width=\"549\" height=\"424\" class=\"entry-thumb td-modal-image\" src=\"https:\/\/www.sidwaya.info\/wp-content\/uploads\/2020\/12\/1-4.jpg\" srcset=\"https:\/\/www.sidwaya.info\/wp-content\/uploads\/2020\/12\/1-4.jpg 549w, https:\/\/www.sidwaya.info\/wp-content\/uploads\/2020\/12\/1-4-300x232.jpg 300w, https:\/\/www.sidwaya.info\/wp-content\/uploads\/2020\/12\/1-4-150x116.jpg 150w, https:\/\/www.sidwaya.info\/wp-content\/uploads\/2020\/12\/1-4-544x420.jpg 544w\" sizes=\"auto, (max-width: 549px) 100vw, 549px\" alt=\"\" title=\"1\"\/><\/a><\/div>\n<p><strong>La Direction g\u00e9n\u00e9rale des m\u00e9dias a renforc\u00e9 les capacit\u00e9s des managers et responsables des contenus dans les organes de presse, sur leur contribution \u00e0 diffuser une image positive du pays, confront\u00e9 au terrorisme, les 1er et 2 d\u00e9cembre 2020, \u00e0 Ziniar\u00e9.<\/strong><\/p>\n<p>Face aux attaques terroristes, le Burkina veut aussi \u00ab gagner la guerre de l\u2019image \u00bb. Pr\u00e9sent\u00e9 par une certaine presse comme \u00ab un pays en lambeau \u00bb, les journalistes sont appel\u00e9s \u00e0 la rescousse. Pour ce faire, la Direction g\u00e9n\u00e9rale des m\u00e9dias (DGM) outille les managers et responsables des contenus dans les organes de presse. R\u00e9unis les 1er et 2 d\u00e9cembre 2020, \u00e0 Ziniar\u00e9, elle les a situ\u00e9s sur leur contribution \u00e0 diffuser une image positive du pays, victime des attaques terroristes. Pr\u00e9senter une bonne image du Burkina est un enjeu \u00e9conomique \u00e9galement, foi de la directrice du suivi et du d\u00e9veloppement des m\u00e9dias \u00e0 la DGM, Fatoumata Sophie Ouattara. Pour elle, les m\u00e9dias burkinab\u00e8 doivent travailler \u00e0 rassurer les investisseurs \u00e9trangers.<\/p>\n<p>Elle a d\u00e9plor\u00e9 les manquements observ\u00e9s dans le traitement de l\u2019information li\u00e9 \u00e0 la situation s\u00e9curitaire, dans la presse nationale. Ce qui, selon elle, contribue \u00e0 ternir l\u2019image du pays. \u00ab A l\u2019international, le Burkina est tax\u00e9 de zone rouge et non fr\u00e9quentable. Souvent, les m\u00e9dias contribuent \u00e0 faire peur aux gens \u00bb, a-t-elle dit. Rabankhi Abou-B\u00e2kr Zida, formateur, a expliqu\u00e9 que les d\u00e9rapages constat\u00e9s dans la presse locale sont dus au fait que le terrorisme est un \u00ab fait in\u00e9dit \u00bb auquel personne n\u2019\u00e9tait pr\u00e9par\u00e9. Toutefois, cela n\u2019emp\u00eache pas les journalistes d\u2019\u00eatre professionnels.<\/p>\n<p>Il a invit\u00e9 \u00e0 \u00e9viter la concurrence avec les r\u00e9seaux sociaux, \u00e0 bannir le traitement \u00e9motionnel de l\u2019information et la propagande. \u00ab L\u2019information doit \u00eatre pr\u00e9sent\u00e9e de mani\u00e8re exacte, impartiale, \u00e9quilibr\u00e9e et rigoureuse \u00bb, a rappel\u00e9 M. Zida.<br \/>Les journalistes doivent aller au contact de la r\u00e9alit\u00e9, v\u00e9rifier et recouper, puis \u00ab peser \u00bb l\u2019information qu\u2019ils donnent.<\/p>\n<p class=\"c1\"><strong>Djakaridia SIRIBIE<\/strong><\/p>\n<div class=\"td-a-rec td-a-rec-id-content_bottom tdi_32_055 td_block_template_1\"><img loading=\"lazy\" decoding=\"async\" class=\"aligncenter size-full wp-image-27454\" src=\"https:\/\/www.sidwaya.info\/wp-content\/uploads\/2020\/10\/PUB-Bandeau-paiement-mobile-siteweb.jpg\" alt=\"\" width=\"728\" height=\"90\"\/><\/div>\n<p>Auteur: BM. Sidwaya<br \/>\n<a href=\"https:\/\/www.sidwaya.info\/blog\/2020\/12\/02\/lutte-contre-le-terrorisme-gagner-la-guerre-de-limage\/\">Cliquez ici pour lire l&rsquo;article depuis sa source.<\/a><\/p>\n","protected":false},"excerpt":{"rendered":"<p>La Direction g\u00e9n\u00e9rale des m\u00e9dias a renforc\u00e9 les capacit\u00e9s des managers et responsables des contenus dans les organes de presse, sur leur contribution \u00e0 diffuser une image positive du pays, confront\u00e9 au terrorisme, les 1er et 2 d\u00e9cembre 2020, \u00e0 Ziniar\u00e9. Face aux attaques terroristes, le Burkina veut aussi \u00ab gagner la guerre de l\u2019image [&hellip;]<\/p>\n","protected":false},"author":1816,"featured_media":0,"comment_status":"closed","ping_status":"closed","sticky":false,"template":"","format":"standard","meta":{"fifu_image_url":"https:\/\/www.sidwaya.info\/wp-content\/uploads\/2020\/12\/1-4.jpg","fifu_image_alt":"Lutte contre le terrorisme : Gagner la \u00ab guerre \u00bb de l\u2019image","footnotes":""},"categories":[73,81],"tags":[],"class_list":["post-106301","post","type-post","status-publish","format-standard","hentry","category-actualite","category-burkina-faso"],"_links":{"self":[{"href":"https:\/\/linitiative.ca\/International\/wp-json\/wp\/v2\/posts\/106301","targetHints":{"allow":["GET"]}}],"collection":[{"href":"https:\/\/linitiative.ca\/International\/wp-json\/wp\/v2\/posts"}],"about":[{"href":"https:\/\/linitiative.ca\/International\/wp-json\/wp\/v2\/types\/post"}],"author":[{"embeddable":true,"href":"https:\/\/linitiative.ca\/International\/wp-json\/wp\/v2\/users\/1816"}],"replies":[{"embeddable":true,"href":"https:\/\/linitiative.ca\/International\/wp-json\/wp\/v2\/comments?post=106301"}],"version-history":[{"count":0,"href":"https:\/\/linitiative.ca\/International\/wp-json\/wp\/v2\/posts\/106301\/revisions"}],"wp:attachment":[{"href":"https:\/\/linitiative.ca\/International\/wp-json\/wp\/v2\/media?parent=106301"}],"wp:term":[{"taxonomy":"category","embeddable":true,"href":"https:\/\/linitiative.ca\/International\/wp-json\/wp\/v2\/categories?post=106301"},{"taxonomy":"post_tag","embeddable":true,"href":"https:\/\/linitiative.ca\/International\/wp-json\/wp\/v2\/tags?post=106301"}],"curies":[{"name":"wp","href":"https:\/\/api.w.org\/{rel}","templated":true}]}}