{"id":106304,"date":"2020-12-02T16:07:03","date_gmt":"2020-12-02T21:07:03","guid":{"rendered":"https:\/\/linitiative.ca\/International\/11-decembre-a-banfora-loptimisme-des-habitants-de-banfora\/"},"modified":"2020-12-02T16:07:03","modified_gmt":"2020-12-02T21:07:03","slug":"11-decembre-a-banfora-loptimisme-des-habitants-de-banfora","status":"publish","type":"post","link":"https:\/\/linitiative.ca\/International\/11-decembre-a-banfora-loptimisme-des-habitants-de-banfora\/","title":{"rendered":"11-D\u00e9cembre \u00e0 Banfora : L\u2019optimisme des habitants de Banfora"},"content":{"rendered":"<div class=\"td-post-featured-image\"><a href=\"https:\/\/www.sidwaya.info\/wp-content\/uploads\/2020\/12\/1-6.jpg\" data-caption=\"\"><img loading=\"lazy\" decoding=\"async\" width=\"595\" height=\"446\" class=\"entry-thumb td-modal-image\" src=\"https:\/\/www.sidwaya.info\/wp-content\/uploads\/2020\/12\/1-6.jpg\" srcset=\"https:\/\/www.sidwaya.info\/wp-content\/uploads\/2020\/12\/1-6.jpg 595w, https:\/\/www.sidwaya.info\/wp-content\/uploads\/2020\/12\/1-6-300x225.jpg 300w, https:\/\/www.sidwaya.info\/wp-content\/uploads\/2020\/12\/1-6-150x112.jpg 150w, https:\/\/www.sidwaya.info\/wp-content\/uploads\/2020\/12\/1-6-560x420.jpg 560w, https:\/\/www.sidwaya.info\/wp-content\/uploads\/2020\/12\/1-6-80x60.jpg 80w, https:\/\/www.sidwaya.info\/wp-content\/uploads\/2020\/12\/1-6-265x198.jpg 265w\" sizes=\"auto, (max-width: 595px) 100vw, 595px\" alt=\"\" title=\"1\"\/><\/a><\/div>\n<p><strong>La f\u00eate du 11-D\u00e9cembre approche \u00e0 grands pas. A une dizaine de jours de la c\u00e9l\u00e9bration de la f\u00eate nationale \u00e0 Banfora, chef-lieu de la r\u00e9gion des Cascades, organisateurs et habitants de la ville-h\u00f4te expriment leur optimisme quant \u00e0 un bon d\u00e9roulement des festivit\u00e9s dans la cit\u00e9 du Paysan noir.<\/strong><\/p>\n<p><strong>Alima Ouattara\/Kon\u00e9<\/strong> : \u00ab la ville a chang\u00e9 \u00bb.<br \/>\u00ab Je suis tr\u00e8s contente que la f\u00eate de l\u2019ind\u00e9pendance se d\u00e9roule ici \u00e0 Banfora. La ville a chang\u00e9. Je remercie Dieu et tous ceux qui ont contribu\u00e9 \u00e0 ce que la f\u00eate se tienne dans de bonnes conditions dans notre ville. La f\u00eate sera tr\u00e8s belle. Je suis venue voir les r\u00e9alisations qui se font dans la ville et me convaincre que la f\u00eate aura lieu sans difficult\u00e9. J\u2019ai vu les r\u00e9alisations et tout ce qui est fait et je suis tr\u00e8s contente \u00bb.<\/p>\n<p><strong>N\u2019Golo Drissa Ouattara<\/strong>, op\u00e9rateur \u00e9conomique : \u00ab le 11-D\u00e9cembre \u00e0 Banfora sera le meilleur \u00bb<br \/>\u00ab Nous sommes contents que la f\u00eate du 11-D\u00e9cembre se d\u00e9roule ici \u00e0 Banfora. Nous avons eu beaucoup de difficult\u00e9s au d\u00e9part \u00e0 cause de la maladie \u00e0 coronavirus et des questions d\u2019ins\u00e9curit\u00e9. Malgr\u00e9 tout, l\u2019Etat a pu tenir son pari d\u2019organiser les festivit\u00e9s \u00e0 Banfora. Le 11-D\u00e9cembre aura bel et bien lieu et dans de bonnes conditions. Je ne connais pas la motivation de ceux qui demandent un report de la manifestation. Tout est fin pr\u00eat et il ne reste que quelques r\u00e9glages. Tous les entrepreneurs se sont beaucoup investis et la grande partie des travaux sera livr\u00e9e dans les d\u00e9lais. La salle polyvalente est achev\u00e9e. Le lieu du d\u00e9fil\u00e9 est pr\u00eat et on est m\u00eame en train d\u2019y faire des entra\u00eenements. Les logements sont pratiquement achev\u00e9s. On ne peut pas tout finir. Apr\u00e8s la f\u00eate, on peut achever ce qui reste. Il n\u2019y a pas de doute que la f\u00eate sera belle. Apr\u00e8s le lancement des travaux du 11-D\u00e9cembre, le budget est vot\u00e9 et les entreprises se sont mises au travail. J\u2019invite les habitants des Cascades \u00e0 respecter les consignes qui seront donn\u00e9es. Il y aura beaucoup d\u2019\u00e9trangers et il faut bien se comporter pour que les festivaliers ne partent pas avec un mauvais souvenir. 2020 est notre ann\u00e9e. Nous f\u00eatons 60 ans d\u2018ind\u00e9pendance et l\u2019Etat nous a gratifi\u00e9s de 60 kilom\u00e8tres de goudron tant \u00e0 Banfora qu\u2019a Niangoloko et Sindou. Le 11-D\u00e9cembre \u00e0 Banfora sera le meilleur des 11-D\u00e9cembre au Burkina \u00bb.<\/p>\n<p><strong>Sim\u00e9on Sawadogo,<\/strong> ministre de l\u2019Administration territoriale :<br \/>\u00ab tout est fin pr\u00eat \u00bb<br \/>\u00ab Nous avons \u00e9t\u00e9 \u00e9merveill\u00e9 par le travail immense qui a \u00e9t\u00e9 abattu par les diff\u00e9rents pr\u00e9sidents des commissions tant au niveau national que r\u00e9gional. Un travail remarquable a \u00e9t\u00e9 fait apr\u00e8s les \u00e9lections. Notre crainte a \u00e9t\u00e9 lev\u00e9e et nous sommes rassur\u00e9 que tout est fin pr\u00eat pour la tenue du 11-D\u00e9cembre \u00e0 Banfora. Nous avions pass\u00e9 en revue les bilans, commission apr\u00e8s commission. Il y a eu beaucoup d\u2019acquis et nous sommes rassur\u00e9 qu\u2019il n\u2019y a pas de probl\u00e8me. La parade, la s\u00e9curit\u00e9, l\u2019h\u00e9bergement, tout est fin pr\u00eat. La f\u00eate sera belle \u00e0 Banfora et dans l\u2019ensemble de la r\u00e9gion des Cascades \u00bb.<\/p>\n<p><strong>Siaka Soulama<\/strong>, 1er adjoint au maire de Banfora\/ : \u00ab Tous les chalenges ont \u00e9t\u00e9 relev\u00e9s \u00bb<br \/>\u00ab De fa\u00e7on g\u00e9n\u00e9rale, nous sommes satisfait du travail qui est fait \u00e0 Banfora. Avec des difficult\u00e9s comme le coronavirus et l\u2019ins\u00e9curit\u00e9, il n\u2019\u00e9tait pas tr\u00e8s \u00e9vident. Mais aujourd\u2019hui, les entreprises ont fait un travail merveilleux. Les taux d\u2019ex\u00e9cution pour l\u2019ensemble des travaux tournent entre 70% et 90%. Tous les challenges ont \u00e9t\u00e9 relev\u00e9s. Les points strat\u00e9giques sont termin\u00e9s. Le site de la parade ainsi que la salle polyvalente sont achev\u00e9s. Le reste des travaux va continuer apr\u00e8s le 11-D\u00e9cembre \u00bb.<\/p>\n<p><strong>Lassina Ou\u00e9draogo, menuisier :<\/strong> \u00ab Il n\u2019y a pas de probl\u00e8mes \u00bb<br \/>\u00ab La f\u00eate du 11-D\u00e9cembre a permis de donner un coup de pouce \u00e0 la ville de Banfora. Il y a beaucoup de changement dans la ville et nous sommes contents. Il n\u2019y a pas de probl\u00e8mes quant \u00e0 l\u2019organisation de la f\u00eate. Tout est fin pr\u00eat \u00bb.<\/p>\n<p><strong>Ou\u00e9draogo Ousmane :<\/strong> \u00ab Les entreprises sont dans les d\u00e9lais \u00bb<br \/>\u00ab C\u2019est une belle initiative au profit de la population de Banfora. La f\u00eate du 11-D\u00e9cembre va contribuer au d\u00e9veloppement et au rayonnement du chef-lieu de la r\u00e9gion. Les entreprises sont presque dans les d\u00e9lais et tout va bien se passer.<\/p>\n<p><strong>Abdoul Razac Kon\u00e9 :<\/strong> \u00ab La f\u00eate va bien se passer \u00bb<br \/>\u00ab Le 11-D\u00e9cembre commence bien \u00e0 Banfora. La f\u00eate va bien se passer sans probl\u00e8mes. Les entreprises ont presque toutes termin\u00e9 leurs travaux. La question du report de la comm\u00e9moration de la f\u00eate de l\u2019ind\u00e9pendance \u00e0 Banfora n\u2019est plus d\u2019actualit\u00e9 \u00bb.<\/p>\n<p class=\"c1\"><strong>Propos recueillis par<\/strong><br \/><strong>Adaman DRABO<\/strong><\/p>\n<div class=\"td-a-rec td-a-rec-id-content_bottom tdi_32_12b td_block_template_1\"><img loading=\"lazy\" decoding=\"async\" class=\"aligncenter size-full wp-image-27454\" src=\"https:\/\/www.sidwaya.info\/wp-content\/uploads\/2020\/10\/PUB-Bandeau-paiement-mobile-siteweb.jpg\" alt=\"\" width=\"728\" height=\"90\"\/><\/div>\n<p>Auteur: BM. Sidwaya<br \/>\n<a href=\"https:\/\/www.sidwaya.info\/blog\/2020\/12\/02\/11-decembre-a-banfora-loptimisme-des-habitants-de-banfora\/\">Cliquez ici pour lire l&rsquo;article depuis sa source.<\/a><\/p>\n","protected":false},"excerpt":{"rendered":"<p>La f\u00eate du 11-D\u00e9cembre approche \u00e0 grands pas. A une dizaine de jours de la c\u00e9l\u00e9bration de la f\u00eate nationale \u00e0 Banfora, chef-lieu de la r\u00e9gion des Cascades, organisateurs et habitants de la ville-h\u00f4te expriment leur optimisme quant \u00e0 un bon d\u00e9roulement des festivit\u00e9s dans la cit\u00e9 du Paysan noir. Alima Ouattara\/Kon\u00e9 : \u00ab la [&hellip;]<\/p>\n","protected":false},"author":1816,"featured_media":0,"comment_status":"closed","ping_status":"closed","sticky":false,"template":"","format":"standard","meta":{"fifu_image_url":"https:\/\/www.sidwaya.info\/wp-content\/uploads\/2020\/12\/1-6.jpg","fifu_image_alt":"11-D\u00e9cembre \u00e0 Banfora : L\u2019optimisme des habitants de Banfora","footnotes":""},"categories":[73,81],"tags":[],"class_list":["post-106304","post","type-post","status-publish","format-standard","hentry","category-actualite","category-burkina-faso"],"_links":{"self":[{"href":"https:\/\/linitiative.ca\/International\/wp-json\/wp\/v2\/posts\/106304","targetHints":{"allow":["GET"]}}],"collection":[{"href":"https:\/\/linitiative.ca\/International\/wp-json\/wp\/v2\/posts"}],"about":[{"href":"https:\/\/linitiative.ca\/International\/wp-json\/wp\/v2\/types\/post"}],"author":[{"embeddable":true,"href":"https:\/\/linitiative.ca\/International\/wp-json\/wp\/v2\/users\/1816"}],"replies":[{"embeddable":true,"href":"https:\/\/linitiative.ca\/International\/wp-json\/wp\/v2\/comments?post=106304"}],"version-history":[{"count":0,"href":"https:\/\/linitiative.ca\/International\/wp-json\/wp\/v2\/posts\/106304\/revisions"}],"wp:attachment":[{"href":"https:\/\/linitiative.ca\/International\/wp-json\/wp\/v2\/media?parent=106304"}],"wp:term":[{"taxonomy":"category","embeddable":true,"href":"https:\/\/linitiative.ca\/International\/wp-json\/wp\/v2\/categories?post=106304"},{"taxonomy":"post_tag","embeddable":true,"href":"https:\/\/linitiative.ca\/International\/wp-json\/wp\/v2\/tags?post=106304"}],"curies":[{"name":"wp","href":"https:\/\/api.w.org\/{rel}","templated":true}]}}