{"id":106306,"date":"2020-12-02T13:18:03","date_gmt":"2020-12-02T18:18:03","guid":{"rendered":"https:\/\/linitiative.ca\/International\/une-centaine-dacteurs-africains-formes-a-dakar-sur-les-droits-de-lhomme\/"},"modified":"2020-12-02T13:18:03","modified_gmt":"2020-12-02T18:18:03","slug":"une-centaine-dacteurs-africains-formes-a-dakar-sur-les-droits-de-lhomme","status":"publish","type":"post","link":"https:\/\/linitiative.ca\/International\/une-centaine-dacteurs-africains-formes-a-dakar-sur-les-droits-de-lhomme\/","title":{"rendered":"Une centaine d\u2019acteurs africains form\u00e9s \u00e0 Dakar sur les droits de l\u2019homme"},"content":{"rendered":"<div readability=\"32\">\n<p>Publi\u00e9 le 02.12.2020 \u00e0 19h18 par APA News<\/p>\n<\/div>\n<div readability=\"93\">\n<p>Des auditeurs de divers milieux professionnels sont form\u00e9s \u00e0 Dakar sur les droits de l\u2019homme, \u00e0 l\u2019initiative d\u2019un consortium dont la Fondation Friedrich Naumann pour la Libert\u00e9.Il s\u2019agit notamment de la 11\u00e8me session annuelle de formation d\u00e9localis\u00e9e en Droit International des Droits de l\u2019Homme, qui se tient du 23 novembre au 4 d\u00e9cembre 2020, avec une centaine d\u2019auditeurs venus d\u2019Afrique.<\/p>\n<p>Cit\u00e9 par un communiqu\u00e9, Joe Holden, directeur r\u00e9gional de l\u2019Afrique de l\u2019Ouest de la Fondation Friedrich Naumann, \u00ab cette 11 session annuelle de formation \u00a0vise non seulement la protection des droits de la femme, mais il permet un diagnostic sans complaisance de la mise \u0153uvre effective des normes d\u2019efficacit\u00e9 et d\u2019action existantes \u00bb.<\/p>\n<p>Selon ses organisateurs, cette session offrira aux diff\u00e9rents acteurs la possibilit\u00e9 de mieux se familiariser avec les instruments internationaux et r\u00e9gionaux de protection et de promotion des droits de l\u2019Homme et les m\u00e9canismes de surveillance pour leur application effective.<\/p>\n<p>Cette ann\u00e9e, l\u2019accent est mis sur la vitalit\u00e9 et l\u2019effectivit\u00e9 du droit international, en prenant en consid\u00e9ration le caract\u00e8re vuln\u00e9rable des femmes et des filles qui ont besoin d\u2019un cadre protecteur sp\u00e9cifique et adapt\u00e9 \u00e0 leur statut.<\/p>\n<p>Plus g\u00e9n\u00e9ralement, l\u2019organisation de cette session de formation d\u00e9localis\u00e9e r\u00e9pond \u00e0 une exigence des acteurs du domaine d\u2019\u00eatre bien outill\u00e9s pour mieux faire face \u00e0 leur obligation de d\u00e9fendre et de promouvoir les libert\u00e9s et les droits fondamentaux des citoyens ainsi que le renforcement de l\u2019Etat de droit et de la culture d\u00e9mocratique en Afrique.<\/p>\n<p>Les organisateurs comptent ainsi contribuer au renforcement des structures nationales, afin qu\u2019elles manient avec de meilleurs outils les situations relatives \u00e0 la protection des droits de l\u2019homme.<\/p>\n<p>La formation est fondamentalement centr\u00e9e sur l\u2019examen du droit international des droits de l\u2019Homme au sens large avec cette ann\u00e9e, une attention particuli\u00e8re aux obligations et engagements des Etats de prot\u00e9ger et de promouvoir les droits des femmes et des filles.<\/p>\n<p>Elle permettra de comprendre et d\u2019\u00e9valuer les probl\u00e9matiques contemporaines relatives aux droits de la femme, d\u2019analyser et d\u2019appr\u00e9cier la finalit\u00e9 des instruments juridiques internationaux dans une perspective des femmes et des filles et de reconnaissance de leur statut de sujets de droit.<\/p>\n<p>Les participants seront form\u00e9s, afin de pouvoir prendre pleinement part \u00e0 l\u2019\u00e9laboration, la mise en application et le suivi de normes internationales relatives \u00e0 la protection des droits des femmes et des filles, conform\u00e9ment aux cadres internationaux de droits de l\u2019Homme.<\/p>\n<p>La session s\u2019articule autour d\u2019une s\u00e9rie de cours fondamentaux, des s\u00e9minaires sp\u00e9cialis\u00e9s portant sur des th\u00e9matiques int\u00e9ressant particuli\u00e8rement les Etats d\u2019Afrique, des cours th\u00e9matiques et des conf\u00e9rences sp\u00e9ciales.<\/p>\n<\/div>\n<p>Auteur: APA News<br \/>\n<a href=\"https:\/\/www.journalducameroun.com\/une-centaine-dacteurs-africains-formes-a-dakar-sur-les-droits-de-lhomme\/\">Cliquez ici pour lire l&rsquo;article depuis sa source.<\/a><\/p>\n","protected":false},"excerpt":{"rendered":"<p>Publi\u00e9 le 02.12.2020 \u00e0 19h18 par APA News Des auditeurs de divers milieux professionnels sont form\u00e9s \u00e0 Dakar sur les droits de l\u2019homme, \u00e0 l\u2019initiative d\u2019un consortium dont la Fondation Friedrich Naumann pour la Libert\u00e9.Il s\u2019agit notamment de la 11\u00e8me session annuelle de formation d\u00e9localis\u00e9e en Droit International des Droits de l\u2019Homme, qui se tient [&hellip;]<\/p>\n","protected":false},"author":1965,"featured_media":0,"comment_status":"closed","ping_status":"closed","sticky":false,"template":"","format":"standard","meta":{"fifu_image_url":"","fifu_image_alt":"","footnotes":""},"categories":[73,82],"tags":[],"class_list":["post-106306","post","type-post","status-publish","format-standard","hentry","category-actualite","category-cameroun"],"_links":{"self":[{"href":"https:\/\/linitiative.ca\/International\/wp-json\/wp\/v2\/posts\/106306","targetHints":{"allow":["GET"]}}],"collection":[{"href":"https:\/\/linitiative.ca\/International\/wp-json\/wp\/v2\/posts"}],"about":[{"href":"https:\/\/linitiative.ca\/International\/wp-json\/wp\/v2\/types\/post"}],"author":[{"embeddable":true,"href":"https:\/\/linitiative.ca\/International\/wp-json\/wp\/v2\/users\/1965"}],"replies":[{"embeddable":true,"href":"https:\/\/linitiative.ca\/International\/wp-json\/wp\/v2\/comments?post=106306"}],"version-history":[{"count":0,"href":"https:\/\/linitiative.ca\/International\/wp-json\/wp\/v2\/posts\/106306\/revisions"}],"wp:attachment":[{"href":"https:\/\/linitiative.ca\/International\/wp-json\/wp\/v2\/media?parent=106306"}],"wp:term":[{"taxonomy":"category","embeddable":true,"href":"https:\/\/linitiative.ca\/International\/wp-json\/wp\/v2\/categories?post=106306"},{"taxonomy":"post_tag","embeddable":true,"href":"https:\/\/linitiative.ca\/International\/wp-json\/wp\/v2\/tags?post=106306"}],"curies":[{"name":"wp","href":"https:\/\/api.w.org\/{rel}","templated":true}]}}