{"id":106308,"date":"2020-12-02T17:18:06","date_gmt":"2020-12-02T22:18:06","guid":{"rendered":"https:\/\/linitiative.ca\/International\/plaidoyer-pour-linstitution-dune-allocation-medicale-pour-les-personnes-handicapees-en-cote-divoire\/"},"modified":"2020-12-02T17:18:06","modified_gmt":"2020-12-02T22:18:06","slug":"plaidoyer-pour-linstitution-dune-allocation-medicale-pour-les-personnes-handicapees-en-cote-divoire","status":"publish","type":"post","link":"https:\/\/linitiative.ca\/International\/plaidoyer-pour-linstitution-dune-allocation-medicale-pour-les-personnes-handicapees-en-cote-divoire\/","title":{"rendered":"Plaidoyer pour l\u2019institution d\u2019une  allocation m\u00e9dicale pour  les personnes handicap\u00e9es en C\u00f4te d\u2019Ivoire"},"content":{"rendered":"<div readability=\"32\">\n<p>Publi\u00e9 le 02.12.2020 \u00e0 23h18 par APA News<\/p>\n<\/div>\n<div readability=\"67\">\n<p>La Coordination des associations des personnes handicap\u00e9es de C\u00f4te d\u2019Ivoire ( CAPH-CI) a plaid\u00e9 dans une d\u00e9claration transmise mercredi \u00e0 APA pour l\u2019institution d\u2019une allocation m\u00e9dicale pour les personnes handicap\u00e9es afin de leur permettre de se remettre de la crise sanitaire de la Covid-19.Dans cette d\u00e9claration faite \u00e0 la faveur de la Journ\u00e9e internationale des personnes handicap\u00e9es c\u00e9l\u00e9br\u00e9e chaque le 03 d\u00e9cembre, le pr\u00e9sident de la CAPH-CI, Yacouba Kon\u00e9 a fait une s\u00e9rie de recommandations au gouvernement ivoirien, notamment, l\u2019institution d\u2019une allocation familiale pour les personnes handicap\u00e9es.<\/p>\n<p>Poursuivant, il a fait plusieurs autres recommandations aux autorit\u00e9s ivoiriennes \u00a0pour la reconstruction en mieux d\u2019un monde post-Covid inclusif. M. Kon\u00e9 a demand\u00e9 entre autres, au gouvernement de garantir la distribution d\u2019\u00e9quipements de protection individuelle adapt\u00e9e \u00e0 la condition des personnes handicap\u00e9es et de rendre les interventions en sant\u00e9 mentale accessible aux personnes handicap\u00e9es.<\/p>\n<p>La CAPH-CI a par ailleurs, souhait\u00e9 que la priorit\u00e9 soit donn\u00e9e aux personnes en situation de handicap dans la relance socio-\u00e9conomique et la n\u00e9cessit\u00e9 de veiller \u00e0 l\u2019autonomisation des personnes en situation de handicap dans les plans nationaux de riposte et de relance. \u00a0<\/p>\n<p>\u00ab L\u2019inclusion des personnes en situation de handicap dans la riposte \u00e0 la Covid-19 et \u00e0 la relance constitue un aspect fondamental de la promesse de ne laisser personne de c\u00f4t\u00e9\u00bb, a conclu M. Kon\u00e9.<\/p>\n<p>La Journ\u00e9e internationale des personnes handicap\u00e9es, qui a \u00e9t\u00e9 institu\u00e9e depuis 1992, est c\u00e9l\u00e9br\u00e9e chaque ann\u00e9e le 03 d\u00e9cembre \u00e0 travers le monde entier. Cette journ\u00e9e vise \u00e0 attirer l\u2019attention des d\u00e9cideurs sur les droits et le bien- \u00eatre des personnes handicap\u00e9es dans toutes les sph\u00e8res de la soci\u00e9t\u00e9. \u00a0<\/p>\n<p>Le th\u00e8me retenu cette ann\u00e9e est : \u00ab Reconstruire en mieux-vers un monde post Covid-19 inclusif, accessible et durable \u00bb.<\/p>\n<\/div>\n<p>Auteur: APA News<br \/>\n<a href=\"https:\/\/www.journalducameroun.com\/plaidoyer-pour-linstitution-dune-allocation-medicale-pour-les-personnes-handicapees-en-cote-divoire\/\">Cliquez ici pour lire l&rsquo;article depuis sa source.<\/a><\/p>\n","protected":false},"excerpt":{"rendered":"<p>Publi\u00e9 le 02.12.2020 \u00e0 23h18 par APA News La Coordination des associations des personnes handicap\u00e9es de C\u00f4te d\u2019Ivoire ( CAPH-CI) a plaid\u00e9 dans une d\u00e9claration transmise mercredi \u00e0 APA pour l\u2019institution d\u2019une allocation m\u00e9dicale pour les personnes handicap\u00e9es afin de leur permettre de se remettre de la crise sanitaire de la Covid-19.Dans cette d\u00e9claration faite [&hellip;]<\/p>\n","protected":false},"author":1965,"featured_media":0,"comment_status":"closed","ping_status":"closed","sticky":false,"template":"","format":"standard","meta":{"fifu_image_url":"","fifu_image_alt":"","footnotes":""},"categories":[73,82],"tags":[],"class_list":["post-106308","post","type-post","status-publish","format-standard","hentry","category-actualite","category-cameroun"],"_links":{"self":[{"href":"https:\/\/linitiative.ca\/International\/wp-json\/wp\/v2\/posts\/106308","targetHints":{"allow":["GET"]}}],"collection":[{"href":"https:\/\/linitiative.ca\/International\/wp-json\/wp\/v2\/posts"}],"about":[{"href":"https:\/\/linitiative.ca\/International\/wp-json\/wp\/v2\/types\/post"}],"author":[{"embeddable":true,"href":"https:\/\/linitiative.ca\/International\/wp-json\/wp\/v2\/users\/1965"}],"replies":[{"embeddable":true,"href":"https:\/\/linitiative.ca\/International\/wp-json\/wp\/v2\/comments?post=106308"}],"version-history":[{"count":0,"href":"https:\/\/linitiative.ca\/International\/wp-json\/wp\/v2\/posts\/106308\/revisions"}],"wp:attachment":[{"href":"https:\/\/linitiative.ca\/International\/wp-json\/wp\/v2\/media?parent=106308"}],"wp:term":[{"taxonomy":"category","embeddable":true,"href":"https:\/\/linitiative.ca\/International\/wp-json\/wp\/v2\/categories?post=106308"},{"taxonomy":"post_tag","embeddable":true,"href":"https:\/\/linitiative.ca\/International\/wp-json\/wp\/v2\/tags?post=106308"}],"curies":[{"name":"wp","href":"https:\/\/api.w.org\/{rel}","templated":true}]}}