{"id":106309,"date":"2020-12-02T17:18:07","date_gmt":"2020-12-02T22:18:07","guid":{"rendered":"https:\/\/linitiative.ca\/International\/cote-divoire-les-artistes-yode-et-siro-places-en-garde-a-vue\/"},"modified":"2020-12-02T17:18:07","modified_gmt":"2020-12-02T22:18:07","slug":"cote-divoire-les-artistes-yode-et-siro-places-en-garde-a-vue","status":"publish","type":"post","link":"https:\/\/linitiative.ca\/International\/cote-divoire-les-artistes-yode-et-siro-places-en-garde-a-vue\/","title":{"rendered":"C\u00f4te d\u2019Ivoire : les artistes Yod\u00e9 et Siro plac\u00e9s en garde \u00e0 vue"},"content":{"rendered":"<div readability=\"32\">\n<p>Publi\u00e9 le 02.12.2020 \u00e0 23h18 par APA News<\/p>\n<\/div>\n<div readability=\"63\">\n<p>Les artistes ivoiriens Yod\u00e9 et Siro, deux figures embl\u00e9matiques du Zouglou, un rythme musical en vogue en C\u00f4te d\u2019Ivoire, ont \u00e9t\u00e9 plac\u00e9s en garde \u00e0 vue mercredi soir pour \u00eatre pr\u00e9sent\u00e9s au procureur de la R\u00e9publique jeudi apr\u00e8s une audition de plusieurs heures \u00e0 la section recherche de la gendarmerie nationale ivoirienne.\u00a0\u00ab Nous avons comme convenu r\u00e9pondu \u00e0 la convocation de la brigade de recherche de la gendarmerie nationale. Il a \u00e9t\u00e9 d\u00e9cid\u00e9 de nous garder \u00e0 vue pour une pr\u00e9sentation au bureau du procureur demain 03 d\u00e9cembre \u00bb, ont \u00e9crit les deux c\u00e9l\u00e8bres artistes sur leur compte officiel sur Facebook. \u00a0<\/p>\n<p>Selon la convocation du commandement sup\u00e9rieur de la gendarmerie nationale, les deux chanteurs ont \u00e9t\u00e9 convoqu\u00e9s pour motif d\u2019enqu\u00eate judiciaire. Dimanche dernier, rappelle-t-on, en prestation dans un c\u00e9l\u00e8bre maquis \u00e0 Yopougon dans l\u2019ouest d\u2019Abidjan dont la vid\u00e9o est encore disponible sur la toile, Yod\u00e9 et Siro ont d\u00e9nonc\u00e9 les poursuites engag\u00e9es par le procureur de la R\u00e9publique estimant que celles-ci sont s\u00e9lectives.\u00a0<\/p>\n<p>\u00ab Allez dire au procureur Adou Richard que un mort c\u2019est un mort. On ne passe pas son temps \u00e0 chercher les petits baoul\u00e9 (ndlr Ethnie du centre ivoirien favorable \u00e0 M. B\u00e9di\u00e9)\u2026 Le procureur m\u00eame, il n\u2019est plus procureur. Il est procureur d\u2019un seul camp. C\u2019est quel pays \u00e7a ? \u00bb, auraient \u00a0affirm\u00e9 Siro pendant cette prestation.<\/p>\n<p>\u00a0Depuis plusieurs ann\u00e9es, Yod\u00e9 et Siro sont des artistes tr\u00e8s engag\u00e9s qui n\u2019h\u00e9sitent pas \u00e0 d\u00e9noncer les insuffisances dans la gouvernance des tenants du pouvoir en C\u00f4te d\u2019Ivoire. Les deux artistes ont sorti, il y a quelques mois, un opus baptis\u00e9 \u00ab\u00a0h\u00e9ritage\u00a0\u00bb et dans lequel ils fustigent la gouvernance du r\u00e9gime Ouattara.<\/p>\n<\/div>\n<p>Auteur: APA News<br \/>\n<a href=\"https:\/\/www.journalducameroun.com\/cote-divoire-les-artistes-yode-et-siro-places-en-garde-a-vue\/\">Cliquez ici pour lire l&rsquo;article depuis sa source.<\/a><\/p>\n","protected":false},"excerpt":{"rendered":"<p>Publi\u00e9 le 02.12.2020 \u00e0 23h18 par APA News Les artistes ivoiriens Yod\u00e9 et Siro, deux figures embl\u00e9matiques du Zouglou, un rythme musical en vogue en C\u00f4te d\u2019Ivoire, ont \u00e9t\u00e9 plac\u00e9s en garde \u00e0 vue mercredi soir pour \u00eatre pr\u00e9sent\u00e9s au procureur de la R\u00e9publique jeudi apr\u00e8s une audition de plusieurs heures \u00e0 la section recherche [&hellip;]<\/p>\n","protected":false},"author":1965,"featured_media":0,"comment_status":"closed","ping_status":"closed","sticky":false,"template":"","format":"standard","meta":{"fifu_image_url":"","fifu_image_alt":"","footnotes":""},"categories":[73,82],"tags":[],"class_list":["post-106309","post","type-post","status-publish","format-standard","hentry","category-actualite","category-cameroun"],"_links":{"self":[{"href":"https:\/\/linitiative.ca\/International\/wp-json\/wp\/v2\/posts\/106309","targetHints":{"allow":["GET"]}}],"collection":[{"href":"https:\/\/linitiative.ca\/International\/wp-json\/wp\/v2\/posts"}],"about":[{"href":"https:\/\/linitiative.ca\/International\/wp-json\/wp\/v2\/types\/post"}],"author":[{"embeddable":true,"href":"https:\/\/linitiative.ca\/International\/wp-json\/wp\/v2\/users\/1965"}],"replies":[{"embeddable":true,"href":"https:\/\/linitiative.ca\/International\/wp-json\/wp\/v2\/comments?post=106309"}],"version-history":[{"count":0,"href":"https:\/\/linitiative.ca\/International\/wp-json\/wp\/v2\/posts\/106309\/revisions"}],"wp:attachment":[{"href":"https:\/\/linitiative.ca\/International\/wp-json\/wp\/v2\/media?parent=106309"}],"wp:term":[{"taxonomy":"category","embeddable":true,"href":"https:\/\/linitiative.ca\/International\/wp-json\/wp\/v2\/categories?post=106309"},{"taxonomy":"post_tag","embeddable":true,"href":"https:\/\/linitiative.ca\/International\/wp-json\/wp\/v2\/tags?post=106309"}],"curies":[{"name":"wp","href":"https:\/\/api.w.org\/{rel}","templated":true}]}}