{"id":106310,"date":"2020-12-02T17:18:08","date_gmt":"2020-12-02T22:18:08","guid":{"rendered":"https:\/\/linitiative.ca\/International\/medias-partenariat-entre-le-groupe-medi1-et-timbuktu-institute\/"},"modified":"2020-12-02T17:18:08","modified_gmt":"2020-12-02T22:18:08","slug":"medias-partenariat-entre-le-groupe-medi1-et-timbuktu-institute","status":"publish","type":"post","link":"https:\/\/linitiative.ca\/International\/medias-partenariat-entre-le-groupe-medi1-et-timbuktu-institute\/","title":{"rendered":"M\u00e9dias: partenariat entre le groupe Medi1 et Timbuktu Institute"},"content":{"rendered":"<div readability=\"32\">\n<p>Publi\u00e9 le 02.12.2020 \u00e0 23h18 par APA News<\/p>\n<\/div>\n<div readability=\"80\">\n<p>MEDI1TV et Radio M\u00e9diterran\u00e9e Internationale (Medi1 radio), dans un communiqu\u00e9 parvenu ce mercredi \u00e0 APA, annoncent avoir nou\u00e9 un partenariat avec Timbuktu Institute pour valoriser l\u2019expertise africaine dans l\u2019analyse de l\u2019actualit\u00e9 continentale et internationale.Ce partenariat se mat\u00e9rialisera par la contribution des chercheurs du Timbuktu Institute dans les carrefours d\u2019information des antennes de Medi1 (radio et t\u00e9l\u00e9vision), ainsi que sur l\u2019ensemble de ses plateformes digitales, informe le document.<\/p>\n<p>\u00c0 cet effet, souligne la note, le canal MEDI1TV Afrique, la chaine panafricaine disponible sur le satellite et le bouquet Canal+ Afrique, lance un nouveau rendez-vous d\u00e9nomm\u00e9 \u00ab l\u2019Hebdo Africain \u00bb. Le Directeur du Timbuktu Institute, Dr Bakary Sambe, y exposera, chaque mercredi, les perspectives d\u2019une th\u00e9matique d\u2019actualit\u00e9 sur le continent lors d\u2019un entretien hebdomadaire.<\/p>\n<p>Medi1 radio et Medi1TV feront aussi r\u00e9guli\u00e8rement appel \u00e0 l\u2019ensemble des chercheurs du Timbuktu Institute, bas\u00e9s dans les capitales d\u2019Afrique de l\u2019Ouest, afin de mieux appr\u00e9hender les questions \u00e9conomiques, politiques et sociales d\u2019un continent en pleine croissance et transformation, ajoute le communiqu\u00e9.<\/p>\n<p>Pour Bakary Sambe, cit\u00e9 dans le communiqu\u00e9, \u00ab cette coop\u00e9ration interafricaine marque une reprise de parole de l\u2019Afrique sur elle-m\u00eame et en dialogue avec les autres, elle donnera une forte visibilit\u00e9 \u00e0 nos travaux et nos chercheurs pour un d\u00e9bat encore plus profond dans l\u2019espace public \u00bb.<\/p>\n<p>\u00ab Assumant pleinement leur vocation africaine, Medi1 radio et MEDI1TV ouvrent de nouvelles perspectives de coop\u00e9ration, mutuellement b\u00e9n\u00e9fiques avec les acteurs majeurs de la recherche africaine, qui marquent un int\u00e9r\u00eat continu et une implication substantielle en faveur du progr\u00e8s de notre continent, au b\u00e9n\u00e9fice de nos auditeurs en Afrique et ailleurs \u00bb, a d\u00e9clar\u00e9 de son c\u00f4t\u00e9 le Pr\u00e9sident Directeur G\u00e9n\u00e9ral de Medi1 radio et de MEDI1TV, Hassan Khiyar.<\/p>\n<\/div>\n<p>Auteur: APA News<br \/>\n<a href=\"https:\/\/www.journalducameroun.com\/medias-partenariat-entre-le-groupe-medi1-et-timbuktu-institute\/\">Cliquez ici pour lire l&rsquo;article depuis sa source.<\/a><\/p>\n","protected":false},"excerpt":{"rendered":"<p>Publi\u00e9 le 02.12.2020 \u00e0 23h18 par APA News MEDI1TV et Radio M\u00e9diterran\u00e9e Internationale (Medi1 radio), dans un communiqu\u00e9 parvenu ce mercredi \u00e0 APA, annoncent avoir nou\u00e9 un partenariat avec Timbuktu Institute pour valoriser l\u2019expertise africaine dans l\u2019analyse de l\u2019actualit\u00e9 continentale et internationale.Ce partenariat se mat\u00e9rialisera par la contribution des chercheurs du Timbuktu Institute dans les [&hellip;]<\/p>\n","protected":false},"author":1965,"featured_media":0,"comment_status":"closed","ping_status":"closed","sticky":false,"template":"","format":"standard","meta":{"fifu_image_url":"","fifu_image_alt":"","footnotes":""},"categories":[73,82],"tags":[],"class_list":["post-106310","post","type-post","status-publish","format-standard","hentry","category-actualite","category-cameroun"],"_links":{"self":[{"href":"https:\/\/linitiative.ca\/International\/wp-json\/wp\/v2\/posts\/106310","targetHints":{"allow":["GET"]}}],"collection":[{"href":"https:\/\/linitiative.ca\/International\/wp-json\/wp\/v2\/posts"}],"about":[{"href":"https:\/\/linitiative.ca\/International\/wp-json\/wp\/v2\/types\/post"}],"author":[{"embeddable":true,"href":"https:\/\/linitiative.ca\/International\/wp-json\/wp\/v2\/users\/1965"}],"replies":[{"embeddable":true,"href":"https:\/\/linitiative.ca\/International\/wp-json\/wp\/v2\/comments?post=106310"}],"version-history":[{"count":0,"href":"https:\/\/linitiative.ca\/International\/wp-json\/wp\/v2\/posts\/106310\/revisions"}],"wp:attachment":[{"href":"https:\/\/linitiative.ca\/International\/wp-json\/wp\/v2\/media?parent=106310"}],"wp:term":[{"taxonomy":"category","embeddable":true,"href":"https:\/\/linitiative.ca\/International\/wp-json\/wp\/v2\/categories?post=106310"},{"taxonomy":"post_tag","embeddable":true,"href":"https:\/\/linitiative.ca\/International\/wp-json\/wp\/v2\/tags?post=106310"}],"curies":[{"name":"wp","href":"https:\/\/api.w.org\/{rel}","templated":true}]}}