{"id":106337,"date":"2020-12-02T19:14:06","date_gmt":"2020-12-03T00:14:06","guid":{"rendered":"https:\/\/linitiative.ca\/International\/la-province-de-taourirt-a-pied-doeuvre-face-a-la-vague-de-froid\/"},"modified":"2020-12-02T19:14:06","modified_gmt":"2020-12-03T00:14:06","slug":"la-province-de-taourirt-a-pied-doeuvre-face-a-la-vague-de-froid","status":"publish","type":"post","link":"https:\/\/linitiative.ca\/International\/la-province-de-taourirt-a-pied-doeuvre-face-a-la-vague-de-froid\/","title":{"rendered":"La province de Taourirt \u00e0 pied d\u2019oeuvre face \u00e0 la vague de froid"},"content":{"rendered":"<p class=\"c4\">Le Comit\u00e9 de veille et de suivi de la province de Taourirt a tenu, mercredi, une r\u00e9union consacr\u00e9e \u00e0 la pr\u00e9sentation et au suivi des pr\u00e9paratifs et des mesures proactives prises pour faire face \u00e0 la vague de froid et aux chutes de neige pendant la p\u00e9riode hivernale.<\/p>\n<p class=\"c4\">Cette r\u00e9union, pr\u00e9sid\u00e9e par le gouverneur de la province de Taourirt, Larbi Touijer, \u00e9tait l\u2019occasion pour pr\u00e9senter et \u00e9valuer le plan d\u2019action provincial ayant pour but d\u2019att\u00e9nuer les effets n\u00e9gatifs de la vague de froid sur la population, en particulier dans les zones rurales et enclav\u00e9es.<\/p>\n<p class=\"c4\">Dans son intervention, M. Touijer a mis en avant l\u2019importance de cette rencontre qui s\u2019inscrit dans le cadre de la mise en \u0153uvre des Hautes Instructions royales visant \u00e0 accorder un int\u00e9r\u00eat particulier aux habitants des zones montagneuses et \u00e0 leur apporter l\u2019assistance et l\u2019aide n\u00e9cessaires pendant les p\u00e9riodes de chute de pluie et de neige.<\/p>\n<p class=\"c4\">Et de pr\u00e9ciser que l\u2019autorit\u00e9 provinciale a mis en place un plan d\u2019action et d\u2019intervention int\u00e9gr\u00e9 qui d\u00e9termine les zones concern\u00e9es par la vague de froid, tout en analysant les donn\u00e9es relatives \u00e0 la population de ces zones.<\/p>\n<p class=\"c4\">Le gouverneur a expliqu\u00e9 dans ce sens qu\u2019il s\u2019agit de 13 douars, comptant environ 1.270 familles et situ\u00e9s \u00e0 plus de 1.500 m d\u2019altitude, faisant savoir que ces douars rel\u00e8vent de cinq communes territoriales, \u00e0 savoir Tancherfi (06 douars), El Atef (03), Oulad Mhamed (01), Sidi Ali Belkacem (02) et Sidi Lahcen (01).<\/p>\n<p class=\"c4\">Il a \u00e9galement fait avoir que l\u2019\u00e9laboration dudit plan d\u2019action a pris en consid\u00e9ration la situation actuelle que traverse le monde entier et le Maroc en particulier et qui est marqu\u00e9e par les efforts de lutte contre la propagation de la pand\u00e9mie du coronavirus, relevant \u00e0 cet \u00e9gard l\u2019importance de l\u2019adaptation du plan d\u2019action au contexte actuel et de veiller au respect des mesures sanitaires pr\u00e9ventives.<\/p>\n<p class=\"c4\">Rappelant la circulaire minist\u00e9rielle relative au plan national de lutte contre les effets de la vague de froid et de la chute de neige, M. Touijer a plaid\u00e9 pour une mobilisation permanente et continue au niveau de tous les douars concern\u00e9s par la vague de froid, \u00e0 travers une approche proactive visant \u00e0 prot\u00e9ger les citoyens contre les effets des al\u00e9as climatiques.<\/p>\n<p class=\"c4\">Parmi les actions inclues dans le cadre du plan provincial, il a cit\u00e9, entres autres, la mobilisation des ressources humaines et des moyens logistiques n\u00e9cessaires, aussi bien du public que du priv\u00e9, l\u2019actualisation et l\u2019analyse des donn\u00e9es socio-\u00e9conomiques des zones cibles, le recensement des femmes enceintes ainsi que des personnes sans domicile fixe (SDF) et des lieux d\u2019h\u00e9bergement, et l\u2019am\u00e9nagement de plateformes d\u2019atterrissage d\u2019h\u00e9licopt\u00e8res.<\/p>\n<p><img class=\"wp-image-24109 aligncenter\" data-src=\"http:\/\/www.mapoujda.ma\/map\/uploads\/2020\/12\/Le-gouverneur-de-Taourirt-visite-des-&#xE9;quipement-vague-de-froid-750&#xD7;430-DR.jpg\" alt=\"\" width=\"576\" height=\"330\" srcset=\"http:\/\/www.mapoujda.ma\/map\/uploads\/2020\/12\/Le-gouverneur-de-Taourirt-visite-des-&#xE9;quipement-vague-de-froid-750&#xD7;430-DR.jpg 750w, http:\/\/www.mapoujda.ma\/map\/uploads\/2020\/12\/Le-gouverneur-de-Taourirt-visite-des-&#xE9;quipement-vague-de-froid-750&#xD7;430-DR-300x172.jpg 300w\" sizes=\"(max-width: 576px) 100vw, 576px\"\/><\/p>\n<p class=\"c4\">Il a aussi cit\u00e9 l\u2019analyse des besoins en produits alimentaires pour les douars cibl\u00e9s (en cas de coupures de routes), et des besoins en produits alimentaires et de couvertures aux niveaux des orphelinats, des maisons d\u2019accouchement et des maisons d\u2019\u00e9tudiant pour les satisfaire durant la saison hivernale, en sus de la mobilisation des \u00e9quipements et engins de d\u00e9neigement et des moyens de communication afin d\u2019assurer la rapidit\u00e9 et l\u2019efficacit\u00e9 des interventions.<\/p>\n<p class=\"c4\">Le gouverneur a insist\u00e9 \u00e0 cette occasion sur l\u2019imp\u00e9ratif de la conjugaison et de la coordination des efforts de l\u2019ensemble des parties prenantes afin d\u2019apporter aide et assistance aux citoyens vivant dans les zones touch\u00e9es par les chutes de neige et att\u00e9nuer les effets de la vague de froid, et ce dans un esprit de responsabilit\u00e9 et selon une approche proactive et une m\u00e9thodologie efficace privil\u00e9giant le suivi permanent, la solidarit\u00e9 et la proximit\u00e9 des citoyens.<\/p>\n<p class=\"c4\">Par la suite, des expos\u00e9s ont \u00e9t\u00e9 pr\u00e9sent\u00e9s par le chef de la Division des affaires g\u00e9n\u00e9rales et les repr\u00e9sentants notamment de la Protection civile, de la m\u00e9t\u00e9orologie nationale et des d\u00e9partements de l\u2019Equipement, de la Sant\u00e9 et de l\u2019Agriculture, concernant les interventions de ces services dans le cadre du plan d\u2019action provincial.<\/p>\n<p class=\"c4\">Selon ces expos\u00e9s, les 13 douars cibles comptent un total de 7.305 habitants, dont sept femmes enceintes, alors que 14 auxiliaires d\u2019autorit\u00e9 ont \u00e9t\u00e9 charg\u00e9s d\u2019assurer le suivi de la situation sur le terrain. Pour ce qui est des personnes SDF, au nombre de 46, elles seront accueillies et prises en charge au sein de trois \u00e9tablissements, dont deux dans la ville de Taourirt et le troisi\u00e8me dans la ville d\u2019El A\u00efoun Sidi Mellouk.<\/p>\n<p class=\"c4\">Et dans l\u2019objectif d\u2019assurer le bon d\u00e9roulement des op\u00e9rations de d\u00e9neigement des routes et passages, il a \u00e9t\u00e9 proc\u00e9d\u00e9 \u00e0 la mobilisation d\u2019importants moyens logistiques et d\u2019engins (19 au total).<\/p>\n<p class=\"c4\">Dans le domaine de la sant\u00e9, l\u2019accent a \u00e9t\u00e9 mis sur la mobilisation de 38 ambulances et d\u2019un staff compos\u00e9 notamment de m\u00e9decins, d\u2019infirmiers, de pharmaciens et d\u2019animateurs de programmes sanitaires, et sur la programmation de 50 unit\u00e9s mobiles et 8 caravanes m\u00e9dicales, et ce dans le cadre de l\u2019op\u00e9ration \u00abRiaya\u00bb visant \u00e0 assurer la couverture sanitaire aux habitants des zones menac\u00e9es par la vague de froid et les chutes de neige.<\/p>\n<p class=\"c4\">Par ailleurs, cinq plateformes d\u2019atterrissage d\u2019h\u00e9licopt\u00e8res ont \u00e9t\u00e9 am\u00e9nag\u00e9es pour \u00eatre utilis\u00e9es en cas de besoin, tandis que des quantit\u00e9s d\u2019orge subventionn\u00e9e seront distribu\u00e9es aux agriculteurs pour la sauvegarde du cheptel.<\/p>\n<p class=\"c4\">Ont pris part \u00e0 cette r\u00e9union notamment les repr\u00e9sentants des autorit\u00e9s, les chefs des services ext\u00e9rieurs, les pr\u00e9sidents des communes concern\u00e9es et des personnalit\u00e9s civiles et militaires.<\/p>\n<p>Auteur: Soufiane ELAHMAR<br \/>\n<a href=\"http:\/\/www.mapoujda.ma\/fr\/la-province-de-taourirt-a-pied-doeuvre-face-a-la-vague-de-froid\/\">Cliquez ici pour lire l&rsquo;article depuis sa source.<\/a><\/p>\n","protected":false},"excerpt":{"rendered":"<p>Le Comit\u00e9 de veille et de suivi de la province de Taourirt a tenu, mercredi, une r\u00e9union consacr\u00e9e \u00e0 la pr\u00e9sentation et au suivi des pr\u00e9paratifs et des mesures proactives prises pour faire face \u00e0 la vague de froid et aux chutes de neige pendant la p\u00e9riode hivernale. Cette r\u00e9union, pr\u00e9sid\u00e9e par le gouverneur de [&hellip;]<\/p>\n","protected":false},"author":1788,"featured_media":0,"comment_status":"closed","ping_status":"closed","sticky":false,"template":"","format":"standard","meta":{"fifu_image_url":"http:\/\/www.mapoujda.ma\/map\/uploads\/2020\/12\/Le-gouverneur-de-Taourirt-visite-des-\u00e9quipement-vague-de-froid-750\u00d7430-DR.jpg","fifu_image_alt":"La province de Taourirt \u00e0 pied d\u2019oeuvre face \u00e0 la vague de froid","footnotes":""},"categories":[54,76],"tags":[],"class_list":["post-106337","post","type-post","status-publish","format-standard","hentry","category-maroc","category-regions"],"_links":{"self":[{"href":"https:\/\/linitiative.ca\/International\/wp-json\/wp\/v2\/posts\/106337","targetHints":{"allow":["GET"]}}],"collection":[{"href":"https:\/\/linitiative.ca\/International\/wp-json\/wp\/v2\/posts"}],"about":[{"href":"https:\/\/linitiative.ca\/International\/wp-json\/wp\/v2\/types\/post"}],"author":[{"embeddable":true,"href":"https:\/\/linitiative.ca\/International\/wp-json\/wp\/v2\/users\/1788"}],"replies":[{"embeddable":true,"href":"https:\/\/linitiative.ca\/International\/wp-json\/wp\/v2\/comments?post=106337"}],"version-history":[{"count":0,"href":"https:\/\/linitiative.ca\/International\/wp-json\/wp\/v2\/posts\/106337\/revisions"}],"wp:attachment":[{"href":"https:\/\/linitiative.ca\/International\/wp-json\/wp\/v2\/media?parent=106337"}],"wp:term":[{"taxonomy":"category","embeddable":true,"href":"https:\/\/linitiative.ca\/International\/wp-json\/wp\/v2\/categories?post=106337"},{"taxonomy":"post_tag","embeddable":true,"href":"https:\/\/linitiative.ca\/International\/wp-json\/wp\/v2\/tags?post=106337"}],"curies":[{"name":"wp","href":"https:\/\/api.w.org\/{rel}","templated":true}]}}