{"id":106348,"date":"2020-12-03T04:49:40","date_gmt":"2020-12-03T09:49:40","guid":{"rendered":"https:\/\/linitiative.ca\/International\/deux-ans-apres-la-mort-de-zineb-redouane-par-un-tir-de-grenade-lacrymogene-une-contre-expertise-incrimine-les-policiers\/"},"modified":"2020-12-03T04:49:40","modified_gmt":"2020-12-03T09:49:40","slug":"deux-ans-apres-la-mort-de-zineb-redouane-par-un-tir-de-grenade-lacrymogene-une-contre-expertise-incrimine-les-policiers","status":"publish","type":"post","link":"https:\/\/linitiative.ca\/International\/deux-ans-apres-la-mort-de-zineb-redouane-par-un-tir-de-grenade-lacrymogene-une-contre-expertise-incrimine-les-policiers\/","title":{"rendered":"Deux ans apr\u00e8s la mort de Zineb Redouane par un tir de grenade lacrymog\u00e8ne : Une contre-expertise incrimine les policiers"},"content":{"rendered":"<h4 class=\"title-14\"\/>\n<div class=\"featured_image\"><img loading=\"lazy\" decoding=\"async\" width=\"1000\" height=\"667\" src=\"https:\/\/www.elwatan.com\/wp-content\/uploads\/2020\/12\/Zineb-Redouane.jpg\" class=\"attachment-post-thumbnail size-post-thumbnail wp-post-image\" alt=\"\" srcset=\"https:\/\/www.elwatan.com\/wp-content\/uploads\/2020\/12\/Zineb-Redouane.jpg 1000w, https:\/\/www.elwatan.com\/wp-content\/uploads\/2020\/12\/Zineb-Redouane-300x200.jpg 300w, https:\/\/www.elwatan.com\/wp-content\/uploads\/2020\/12\/Zineb-Redouane-768x512.jpg 768w\" sizes=\"auto, (max-width: 1000px) 100vw, 1000px\"\/><\/div>\n<p class=\"p3\"><span class=\"s1\"><strong>A la veille du 2<sup>e<\/sup> anniversaire de la mort tragique de Zineb Redouane, une Alg\u00e9rienne \u00e2g\u00e9e de 80, caus\u00e9e par un tir de grenade lacrymog\u00e8ne, lanc\u00e9e par un policier, alors qu\u2019elle se trouvait au balcon de son appartement situ\u00e9 au 4<sup>e<\/sup> \u00e9tage, \u00e0 Marseille, une contre-expertise ind\u00e9pendante vient de battre en br\u00e8che la version officielle, privil\u00e9giant l\u2019acte <em>\u00abaccidentel\u00bb<\/em>. Elle fait \u00e9tat d\u2019un <em>\u00abtir direct\u00bb<\/em> et <em>\u00abclairement volontaire\u00bb<\/em>, visant la victime, ayant entra\u00een\u00e9 la mort. Pour Sami Redouane, le fils de la d\u00e9funte, ces conclusions <em>\u00abvont enfin permettre de poursuivre les coupables et de rendre justice\u00bb<\/em>.<\/strong><\/span><\/p>\n<p class=\"p3\"><span class=\"s2\"><strong>A<\/strong><\/span><span class=\"s1\">pr\u00e8s deux ans de batailles judiciaires, les circonstances de la mort de Zineb Redouane, le 2 d\u00e9cembre 2018, apr\u00e8s avoir re\u00e7u une grenade lacrymog\u00e8ne, lanc\u00e9e par un policier, viennent d\u2019\u00eatre \u00e9lucid\u00e9es par une contre-expertise, demand\u00e9e par l\u2019avocat de sa famille.<\/span><\/p>\n<p class=\"p6\"><span class=\"s1\">Ag\u00e9e de 80 ans, cette Alg\u00e9rienne se trouvait au balcon de son appartement situ\u00e9 au 4<sup>e<\/sup> \u00e9tage, \u00e0 Marseille, lors des manifestations des gilets jaunes.<\/span><\/p>\n<p class=\"p6\"><span class=\"s1\">Touch\u00e9e en plein visage, elle a subi de graves l\u00e9sions qui ont entra\u00een\u00e9 sa mort, mais l\u2019enqu\u00eate judiciaire a conclu \u00e0 un tir <em>\u00aben cloche\u00bb<\/em> c\u2019est-\u00e0-dire non direct et <em>\u00abaccidentel\u00bb.<\/em><\/span><\/p>\n<p class=\"p6\"><span class=\"s1\"><em>\u00abA l\u2019\u00e9poque, nous avions alert\u00e9 l\u2019opinion publique qui s\u2019est mobilis\u00e9e pour r\u00e9clamer justice. Avec l\u2019aide d\u2019un d\u00e9put\u00e9 et des autorit\u00e9s consulaires, nous avons pu rapatrier le corps, apr\u00e8s un blocage de plusieurs jours, et une fois une autopsie a \u00e9t\u00e9 effectu\u00e9e.<\/em><\/span><\/p>\n<p class=\"p7\"><strong><span class=\"s1\">Traumatisme facial<\/span><\/strong><\/p>\n<p class=\"p6\"><span class=\"s1\"><em>Les conclusions font \u00e9tat d\u2019un traumatisme facial suscit\u00e9 par le tir d\u2019un projectile non p\u00e9n\u00e9trant, pouvant correspondre \u00e0 une bombe lacrymog\u00e8ne, directement responsable de l\u2019\u0153d\u00e8me pulmonaire et la mort par aggravation de l\u2019\u00e9tat ant\u00e9rieur de la d\u00e9funte. Une enqu\u00eate a \u00e9t\u00e9 ouverte par le tribunal de Dar El Beida, \u00e0 Alger, et une commission rogatoire d\u00e9livr\u00e9e, quelques semaines plus tard, aux autorit\u00e9s judiciaires fran\u00e7aises, mais \u00e0 ce jour, aucune r\u00e9ponse n\u2019a \u00e9t\u00e9 transmise.<\/em><\/span><\/p>\n<p class=\"p6\"><span class=\"s1\"><em>Nous avions d\u00e9pos\u00e9 plainte pour \u2018\u2018violences ayant entra\u00een\u00e9 la mort\u2019\u2019 et demand\u00e9 le d\u00e9paysement de l\u2019enqu\u00eate, arguant du fait, qu\u2019elle n\u2019a pas avanc\u00e9 durant plus de six mois, et que le policier n\u2019a toujours pas \u00e9t\u00e9 identifi\u00e9, malgr\u00e9 la pr\u00e9sence d\u2019une cam\u00e9ra de surveillance\u00bb<\/em>, d\u00e9clare Sami Redouane.<\/span><\/p>\n<p class=\"p6\"><span class=\"s1\">Il explique que <em>\u00abdurant des mois\u00bb<\/em>, les autorit\u00e9s fran\u00e7aises <em>\u00abfaisaient croire \u00e0 l\u2019opinion publique que ma m\u00e8re \u00e9tait morte accidentellement, alors que l\u2019enqu\u00eate judiciaire men\u00e9e \u00e0 Marseille disculpait les policiers. Nous avions bataill\u00e9 durement pour obtenir, au mois d\u2019ao\u00fbt 2019, le transfert du dossier vers le tribunal de Lyon.<\/em><\/span><\/p>\n<p class=\"p6\"><span class=\"s1\"><em>Les arguments pr\u00e9sent\u00e9s \u00e0 la Cour de cassation se basaient sur les nombreuses photos prises le jour des faits, dans le quartier o\u00f9 r\u00e9sidait ma m\u00e8re et qui montraient un magistrat du parquet de Marseille, parmi les policiers d\u00e9p\u00each\u00e9s de Saint-Etienne pour contenir les manifestations des gilets jaunes.<\/em><\/span><\/p>\n<p class=\"p6\"><span class=\"s1\"><em>Nous avions m\u00eame d\u00e9pos\u00e9 plainte pour \u2018\u2018alt\u00e9ration et soustraction de preuves\u2019\u2019 apr\u00e8s que la cam\u00e9ra qui se trouvait dans l\u2019angle de tir avait \u00e9t\u00e9 d\u00e9clar\u00e9e hors service par l\u2019enqu\u00eate polici\u00e8re\u00bb<\/em>.<\/span><\/p>\n<p class=\"p6\"><span class=\"s1\">Une premi\u00e8re victoire, dit-il. Mais, ajoute-t-il, le 20 mai 2020, le rapport balistique a conclu \u00e0 un <em>\u00abtir effectu\u00e9 selon les r\u00e8gles d\u2019usage et que la grenade a atteint la victime accidentellement\u00bb. \u00abPour nous, il y avait une volont\u00e9 de prot\u00e9ger les policiers et de les disculper.\u00bb<\/em><\/span><\/p>\n<p class=\"p6\"><span class=\"s1\">Il fallait, souligne notre interlocuteur, <em>\u00abbattre en br\u00e8che la premi\u00e8re expertise dont les conclusions pr\u00e9cisent que \u2018\u2018rien ne permet d\u2019affirmer que le tireur pouvait voir la victime, \u00e9tant donn\u00e9 la distance et les obstacles dans son champ de vision\u2019\u2019\u00bb<\/em> \u00e0 travers une contre-expertise ind\u00e9pendante.<\/span><\/p>\n<p class=\"p6\"><span class=\"s1\"><em>\u00abAvec notre avocat, nous avons fait appel \u00e0 des experts qui ont pu prouver que le tir qui a vis\u00e9 ma m\u00e8re n\u2019\u00e9tait pas accidentel. Il \u00e9tait tendu et bien droit. L\u2019auteur a \u00e9t\u00e9 identifi\u00e9 par la vid\u00e9osurveillance et son tir \u00e9tait volontaire.<\/em><\/span><\/p>\n<p class=\"p6\"><span class=\"s1\"><em>Rendu le 30 novembre dernier, ce rapport nous conforte dans nos convictions. Nous allons le joindre au dossier en esp\u00e9rant que l\u2019enqu\u00eate soit relanc\u00e9e par le tribunal de Lyon. Cela fait plusieurs mois, qu\u2019elle est au point mort\u00bb<\/em>, souligne Sami Redouane. Est-ce le d\u00e9but de la fin de cette qu\u00eate de justice\u00a0? La question reste pos\u00e9e.<\/span><\/p>\n<p><span class=\"post-views-label\">Post Views:<\/span> <span class=\"post-views-count\">771<\/span><\/p>\n<div class=\"ichhar-moneytagnative c4\" id=\"ichhar-1806213307\">\n<p>Advertisements<\/p>\n<\/div>\n<p><br class=\"c2\"\/><br class=\"c5\"\/><\/p>\n<p>Auteur: Anis Khecheba<br \/>\n<a href=\"https:\/\/www.elwatan.com\/edition\/actualite\/une-contre-expertise-incrimine-les-policiers-03-12-2020\">Cliquez ici pour lire l&rsquo;article depuis sa source.<\/a><\/p>\n","protected":false},"excerpt":{"rendered":"<p>A la veille du 2e anniversaire de la mort tragique de Zineb Redouane, une Alg\u00e9rienne \u00e2g\u00e9e de 80, caus\u00e9e par un tir de grenade lacrymog\u00e8ne, lanc\u00e9e par un policier, alors qu\u2019elle se trouvait au balcon de son appartement situ\u00e9 au 4e \u00e9tage, \u00e0 Marseille, une contre-expertise ind\u00e9pendante vient de battre en br\u00e8che la version officielle, [&hellip;]<\/p>\n","protected":false},"author":1743,"featured_media":0,"comment_status":"closed","ping_status":"closed","sticky":false,"template":"","format":"standard","meta":{"fifu_image_url":"https:\/\/www.elwatan.com\/wp-content\/uploads\/2020\/12\/Zineb-Redouane.jpg","fifu_image_alt":"Deux ans apr\u00e8s la mort de Zineb Redouane par un tir de grenade lacrymog\u00e8ne : Une contre-expertise incrimine les policiers","footnotes":""},"categories":[73,53],"tags":[],"class_list":["post-106348","post","type-post","status-publish","format-standard","hentry","category-actualite","category-algerie"],"_links":{"self":[{"href":"https:\/\/linitiative.ca\/International\/wp-json\/wp\/v2\/posts\/106348","targetHints":{"allow":["GET"]}}],"collection":[{"href":"https:\/\/linitiative.ca\/International\/wp-json\/wp\/v2\/posts"}],"about":[{"href":"https:\/\/linitiative.ca\/International\/wp-json\/wp\/v2\/types\/post"}],"author":[{"embeddable":true,"href":"https:\/\/linitiative.ca\/International\/wp-json\/wp\/v2\/users\/1743"}],"replies":[{"embeddable":true,"href":"https:\/\/linitiative.ca\/International\/wp-json\/wp\/v2\/comments?post=106348"}],"version-history":[{"count":0,"href":"https:\/\/linitiative.ca\/International\/wp-json\/wp\/v2\/posts\/106348\/revisions"}],"wp:attachment":[{"href":"https:\/\/linitiative.ca\/International\/wp-json\/wp\/v2\/media?parent=106348"}],"wp:term":[{"taxonomy":"category","embeddable":true,"href":"https:\/\/linitiative.ca\/International\/wp-json\/wp\/v2\/categories?post=106348"},{"taxonomy":"post_tag","embeddable":true,"href":"https:\/\/linitiative.ca\/International\/wp-json\/wp\/v2\/tags?post=106348"}],"curies":[{"name":"wp","href":"https:\/\/api.w.org\/{rel}","templated":true}]}}