{"id":106349,"date":"2020-12-03T04:50:45","date_gmt":"2020-12-03T09:50:45","guid":{"rendered":"https:\/\/linitiative.ca\/International\/rupture-des-medicaments-lassociation-des-distributeurs-repond-aux-pharmaciens\/"},"modified":"2020-12-03T04:50:45","modified_gmt":"2020-12-03T09:50:45","slug":"rupture-des-medicaments-lassociation-des-distributeurs-repond-aux-pharmaciens","status":"publish","type":"post","link":"https:\/\/linitiative.ca\/International\/rupture-des-medicaments-lassociation-des-distributeurs-repond-aux-pharmaciens\/","title":{"rendered":"Rupture des m\u00e9dicaments : L\u2019association des distributeurs r\u00e9pond aux pharmaciens"},"content":{"rendered":"<h4 class=\"title-14\"\/>\n<p class=\"p4\"><span class=\"s3\">Dans un communiqu\u00e9 rendu public hier, l\u2019Association des distributeurs pharmaceutiques alg\u00e9riens (ADPHA) r\u00e9pond aux derni\u00e8res d\u00e9claration des syndicats de pharmaciens concernant la p\u00e9nurie des m\u00e9dicaments en pr\u00e9cisant d\u2019embl\u00e9e :\u00a0<em>\u00abIls sont au nombre de 100 m\u00e9dicaments et non pas 300 produits en rupture\u00bb<\/em>, comme cela a \u00e9t\u00e9 rapport\u00e9 dans la presse.<\/span><\/p>\n<p class=\"p4\"><span class=\"s3\">Et de signaler que <em>\u00abla vraie raison de cette raret\u00e9 est la forte propagation de la pand\u00e9mie qui a engendr\u00e9 une augmentation significative de la demande de certains produits d\u2019une part, et \u00e0 des perturbations dans l\u2019approvisionnement du march\u00e9 mondial des mati\u00e8res premi\u00e8res et des perturbations enregistr\u00e9es dans les moyens de transport d\u2019autre part.<\/em><\/span><\/p>\n<p class=\"p4\"><span class=\"s3\"><em>Ces informations sont largement accessibles sur<\/em><\/span> <span class=\"s3\"><em>internet\u00bb<\/em>. Et de r\u00e9torquer\u00a0: <em>\u00abAccuser les distributeurs d\u2019\u00eatre \u00e0 l\u2019origine de ce ph\u00e9nom\u00e8ne ou d\u2019en avoir b\u00e9n\u00e9fici\u00e9 porte un grand pr\u00e9judice \u00e0 leur \u00e9gard, car en plus des patients, ils sont aussi des victimes de cette situation, et ce, surtout avec les pressions suppl\u00e9mentaires qui leur sont impos\u00e9es qui de surcro\u00eet augmentent la difficult\u00e9 d\u2019exercer leur m\u00e9tier dans ces conditions de sant\u00e9 exceptionnelles.\u00bb<\/em><\/span><\/p>\n<p class=\"p4\"><span class=\"s3\">L\u2019association des distributeurs des m\u00e9dicaments craint que <em>\u00abla multiplication de ces d\u00e9clarations malveillantes entra\u00eenera une augmentation de la crainte des citoyens, en particulier des personnes atteintes de maladies chroniques, du risque de perdre l\u2019acc\u00e8s \u00e0 leurs m\u00e9dicaments, ce qui les poussera \u00e0 effectuer des stockages pr\u00e9ventifs et l\u2019\u00e9largissement de ces p\u00e9nuries \u00e0 d\u2019autres produits\u00bb.<\/em><\/span><\/p>\n<p class=\"p4\"><span class=\"s3\">L\u2019ADPHA regrette que l\u2019objectif de ses d\u00e9tracteurs est de <em>\u00abvouloir instrumentaliser cette rupture de certains produits en lan\u00e7ant une campagne m\u00e9diatique visant \u00e0 atteindre des objectifs syndicaux en pleine pand\u00e9mie et au d\u00e9triment de la sant\u00e9 des citoyens, de la r\u00e9putation des soci\u00e9t\u00e9s de distribution et de fabrication de m\u00e9dicaments\u00bb.<\/em><\/span><\/p>\n<p class=\"p4\"><span class=\"s3\"><em>Et de le qualifier d\u2019\u00abacte condamnable qui doit cesser et \u00eatre plut\u00f4t remplac\u00e9 par un dialogue responsable entre toutes les parties concern\u00e9es sous le patronage du minist\u00e8re de l\u2019Industrie pharmaceutique\u00bb<\/em>, conclut le communiqu\u00e9.<\/span><\/p>\n<p><span class=\"post-views-label\">Post Views:<\/span> <span class=\"post-views-count\">312<\/span><\/p>\n<div class=\"ichhar-moneytagnative c4\" id=\"ichhar-390171692\">\n<p>Advertisements<\/p>\n<\/div>\n<p><br class=\"c2\"\/><br class=\"c5\"\/><\/p>\n<p>Auteur: Anis Khecheba<br \/>\n<a href=\"https:\/\/www.elwatan.com\/edition\/actualite\/lassociation-des-distributeurs-repond-aux-pharmaciens-03-12-2020\">Cliquez ici pour lire l&rsquo;article depuis sa source.<\/a><\/p>\n","protected":false},"excerpt":{"rendered":"<p>Dans un communiqu\u00e9 rendu public hier, l\u2019Association des distributeurs pharmaceutiques alg\u00e9riens (ADPHA) r\u00e9pond aux derni\u00e8res d\u00e9claration des syndicats de pharmaciens concernant la p\u00e9nurie des m\u00e9dicaments en pr\u00e9cisant d\u2019embl\u00e9e :\u00a0\u00abIls sont au nombre de 100 m\u00e9dicaments et non pas 300 produits en rupture\u00bb, comme cela a \u00e9t\u00e9 rapport\u00e9 dans la presse. Et de signaler que \u00abla [&hellip;]<\/p>\n","protected":false},"author":1743,"featured_media":0,"comment_status":"closed","ping_status":"closed","sticky":false,"template":"","format":"standard","meta":{"fifu_image_url":"","fifu_image_alt":"","footnotes":""},"categories":[73,53],"tags":[],"class_list":["post-106349","post","type-post","status-publish","format-standard","hentry","category-actualite","category-algerie"],"_links":{"self":[{"href":"https:\/\/linitiative.ca\/International\/wp-json\/wp\/v2\/posts\/106349","targetHints":{"allow":["GET"]}}],"collection":[{"href":"https:\/\/linitiative.ca\/International\/wp-json\/wp\/v2\/posts"}],"about":[{"href":"https:\/\/linitiative.ca\/International\/wp-json\/wp\/v2\/types\/post"}],"author":[{"embeddable":true,"href":"https:\/\/linitiative.ca\/International\/wp-json\/wp\/v2\/users\/1743"}],"replies":[{"embeddable":true,"href":"https:\/\/linitiative.ca\/International\/wp-json\/wp\/v2\/comments?post=106349"}],"version-history":[{"count":0,"href":"https:\/\/linitiative.ca\/International\/wp-json\/wp\/v2\/posts\/106349\/revisions"}],"wp:attachment":[{"href":"https:\/\/linitiative.ca\/International\/wp-json\/wp\/v2\/media?parent=106349"}],"wp:term":[{"taxonomy":"category","embeddable":true,"href":"https:\/\/linitiative.ca\/International\/wp-json\/wp\/v2\/categories?post=106349"},{"taxonomy":"post_tag","embeddable":true,"href":"https:\/\/linitiative.ca\/International\/wp-json\/wp\/v2\/tags?post=106349"}],"curies":[{"name":"wp","href":"https:\/\/api.w.org\/{rel}","templated":true}]}}