{"id":106353,"date":"2020-12-03T10:17:00","date_gmt":"2020-12-03T15:17:00","guid":{"rendered":"https:\/\/linitiative.ca\/International\/abderrahmen-fendri-menez-votre-revolution-monsieur-le-chef-du-gouvernement\/"},"modified":"2020-12-03T10:17:00","modified_gmt":"2020-12-03T15:17:00","slug":"abderrahmen-fendri-menez-votre-revolution-monsieur-le-chef-du-gouvernement","status":"publish","type":"post","link":"https:\/\/linitiative.ca\/International\/abderrahmen-fendri-menez-votre-revolution-monsieur-le-chef-du-gouvernement\/","title":{"rendered":"Abderrahmen Fendri: Menez votre r\u00e9volution Monsieur le Chef du Gouvernement"},"content":{"rendered":"<p><span class=\"c3\"><span class=\"c2\"><em><strong>Par Abderrahmen Fendri &#8211;<\/strong><\/em><\/span><\/span> La situation \u00e9lectrique en Tunisie augure d&rsquo;une r\u00e9volte populaire dont les cons\u00e9quences ne peuvent \u00eatre \u00e9valu\u00e9es \u00e0 l&rsquo;heure actuelle. En effet, le contr\u00f4le de la situation risque d&rsquo;\u00e9chapper aux Gouvernants, voire m\u00eame aux nombreuses parties qui sont derri\u00e8re ces mouvements.<\/p>\n<p>Quoique les revendications des protestataires sont le plus souvent l\u00e9gitimes, leur toile de fond, caract\u00e9ris\u00e9e par le corporatisme, le r\u00e9gionalisme et le populisme, les rendent peu objectives voire irresponsables.<\/p>\n<p>Cependant, le manque de communication sur la situation r\u00e9elle de l&rsquo;\u00e9conomie et des finances publiques ne fait qu&rsquo;aggraver la situation.<\/p>\n<p>Face \u00e0 ce constat et \u00e0 l&rsquo;incapacit\u00e9,av\u00e9r\u00e9e, de l&rsquo;\u00c9tat \u00e0 r\u00e9pondre favorablement \u00e0 ces revendications ou du moins \u00e0 les contenir, quelles sont les diff\u00e9rents sc\u00e9narii possibles que ce bouillonnement explosif pourra produire et quelles sont, surtout, les actions \u00e0 entreprendre pour \u00e9viter la catastrophe ?<\/p>\n<p>P\u00e9dagogiquement parlant, ces mouvements de rue, qui se propagent dans de plus en plus de r\u00e9gions,ne pourront \u00eatre contenues que selon l\u2019un des sc\u00e9nar\u00ef suivants :<\/p>\n<p class=\"c4\"><span class=\"c3\"><strong>1.<\/strong><\/span> Le sc\u00e9nario de la p\u00e9dagogie et du dialogue,<\/p>\n<p class=\"c4\"><span class=\"c3\"><strong>2.<\/strong><\/span> Le sc\u00e9nario du retour \u00e0 la dictature,<\/p>\n<p class=\"c4\"><span class=\"c3\"><strong>3.<\/strong><\/span> Le sc\u00e9nario du chao,<\/p>\n<p class=\"c4\"><span class=\"c3\"><strong>4.<\/strong><\/span> Le sc\u00e9nario recommand\u00e9.<\/p>\n<p><span class=\"c6\"><span class=\"c5\"><strong>1. Le sc\u00e9nario de la p\u00e9dagogie et du dialogue<\/strong><\/span><\/span><\/p>\n<p>Pour convaincre les protestataires de se montrer compr\u00e9hensifs des difficult\u00e9s actuelles et de l&rsquo;impossibilit\u00e9 de r\u00e9soudre tous les probl\u00e8mes sociaux et \u00e9conomiques, \u00e0 la fois, il serait imp\u00e9ratif, selon ce sc\u00e9nario, d&rsquo;expliquer \u00e0 toutes les parties prenantes que:<\/p>\n<p class=\"c4\"><span class=\"c3\"><strong>\u2022<\/strong><\/span> Le Gouvernement comprend la l\u00e9gitimit\u00e9 des revendications sociales, s&rsquo;engage \u00e0 r\u00e9unir toutes les conditions n\u00e9cessaires \u00e0 un retour \u00e0 la croissance.<\/p>\n<p class=\"c4\"><span class=\"c3\"><strong>\u2022<\/strong><\/span> L&rsquo;\u00c9tat n&rsquo;est pas, \u00e9conomiquement et financi\u00e8rement, en mesure de r\u00e9pondre \u00e0 toutes les revendications qui exigent des moyens hors de port\u00e9e.<\/p>\n<p class=\"c4\"><span class=\"c3\"><strong>\u2022<\/strong><\/span> Sans investissements, il n&rsquo;y a pas de croissance et que la situation tendue actuelle est loin d&rsquo;\u00eatre favorable \u00e0 la relance de l&rsquo;investissement.<\/p>\n<p>Des plans r\u00e9els et r\u00e9alistes seront mis en \u0153uvre pour que la loi soit strictement appliqu\u00e9e en vue de l&rsquo;institution d&rsquo;une justice fiscale, et donc sociale,d\u2019un retour \u00e0 un \u00e9tat de droit, un retour \u00e0 un pays o\u00f9 toutes les forces productives \u0153uvrent collectivement \u00e0 la cr\u00e9ation de valeur et \u00e0 une redistribution \u00e9quitable de la richesse.<\/p>\n<p>Cette option, qualifi\u00e9e de p\u00e9dagogique, a tr\u00e8s peu de chance d&rsquo;aboutir \u00e9tant donn\u00e9 le climat de d\u00e9fiance qui impr\u00e8gne les rapports entre gouvernements et gouvern\u00e9s. En effet, le paysage politique est loin de militer en faveur d&rsquo;un discours cr\u00e9dible et audible par les citoyens d\u00e9\u00e7us par les promesses \u00e9lectorales, non tenues, faites par les \u00e9lus lors de leurs campagnes \u00e9lectorales et par la qualit\u00e9 de leurs discours vides, sans effets r\u00e9els et peu cr\u00e9dibles apr\u00e8s les \u00e9lections.<\/p>\n<p><span class=\"c6\"><span class=\"c5\"><strong>2. Le sc\u00e9nario du retour \u00e0 la dictature<\/strong><\/span><\/span><\/p>\n<p>Ce sc\u00e9nario revient \u00e0 renoncer aux quelques acquis des dix derni\u00e8res ann\u00e9es et \u00e0 \u00e9changer tous les sacrifices consentis contre, tout juste, un retour \u00e0 la situation d&rsquo;avant 2011.<\/p>\n<p>Ensuite, y-a-t-il r\u00e9ellement moyen d&rsquo;un retour \u00e0 la dictature sans bavures et sans effusion de sang ?<\/p>\n<p>Enfin, quand la dictature, partout dans le monde, a-t-elle procur\u00e9 le bien-\u00eatre aux peuples ?<\/p>\n<p>Ce sc\u00e9nario, m\u00eame s&rsquo;il est probable, demeure non d\u00e9sir\u00e9.<\/p>\n<p><span class=\"c6\"><span class=\"c5\"><strong>3. Le sc\u00e9nario du chao<\/strong><\/span><\/span><\/p>\n<p>Nous y sommes presque. Mais, il reste encore un minimum de s\u00e9curit\u00e9, un minimum d\u2019Etat, un minimum de service public, un minimum d&rsquo;espoir d&rsquo;un lendemain meilleur.<\/p>\n<p>Cependant, au rythme observ\u00e9, la Tunisie n&rsquo;est pas tr\u00e8s loin du chaos.<\/p>\n<p>Il est vrai que le chaos \u00e9quivaut \u00e0 un rappel \u00e0 l&rsquo;ordre, \u00e0 une prise de conscience des dangers de l\u2019\u00e9go\u00efsme et du\u00a0\u00bb revendicalisme\u00a0\u00bb, \u00e0 un appel aux parties prenantes de se montrer plus raisonnables et de trouver les voies et moyens de mettre la main dans la main pour travailler ensemble sur un projet commun de sauvetage du pays.<\/p>\n<p>Le chaos, comme sc\u00e9nario radical et non d\u00e9sir\u00e9, aboutira \u00e0 amener les protestataires \u00e0 revoir \u00e0 la baisse leurs revendications, les profiteurs \u00e0 reconsid\u00e9rer leurs agissements et les gouvernants (ou ceux qui en resteront) \u00e0 d\u00e9velopper de nouvelles approches qui rompent avec le pass\u00e9.<\/p>\n<p>Fort heureusement, ce sc\u00e9nario, p\u00e9rilleux, peut encore \u00eatre \u00e9vit\u00e9.<\/p>\n<p><span class=\"c5\"><span class=\"c6\"><strong>4. Le sc\u00e9nario recommand\u00e9<\/strong><\/span><\/span><\/p>\n<p>Le sc\u00e9nario recommand\u00e9 est celui d&rsquo;une R\u00e9volution.<\/p>\n<p>Une r\u00e9volution signifie une rupture avec l&rsquo;existant ; un changement de paradigmes.<\/p>\n<p>Ce qui s&rsquo;est pass\u00e9 depuis 2011 ne remplit pas les conditions d&rsquo;une vraie r\u00e9volution.<\/p>\n<p>Dix ans apr\u00e8s le d\u00e9part de Ben Ali, avons-nous r\u00e9duit le ch\u00f4mage, avons-nous r\u00e9solu le probl\u00e8me r\u00e9el de la pauvret\u00e9 et de la pr\u00e9carit\u00e9, avons-nous limit\u00e9 les \u00e9carts criards entre le niveau de d\u00e9veloppement des r\u00e9gions, avons-nous institu\u00e9 la justice fiscale, avons-nous \u00e9radiqu\u00e9 ou au moins r\u00e9duit la corruption, avons-nous limit\u00e9 la part du secteur informel dans notre \u00e9conomie, avons-nous r\u00e9uni les conditions favorables \u00e0 retourner \u00e0 la croissance, \u00e0 moderniser notre Administration, \u00e0 am\u00e9liorer la qualit\u00e9 du Service Public ?<\/p>\n<p>Toutes les r\u00e9ponses \u00e0 ces questions, ainsi qu&rsquo;aux autres attentes du peuple, depuis dix ans, sont, h\u00e9las, n\u00e9gatives.<\/p>\n<p>Bien au contraire, les raisons pour lesquelles le peuple s&rsquo;est soulev\u00e9 pour chasser l&rsquo;ancien r\u00e9gime persistent toujours et la plupart d&rsquo;entre elles se sont amplifi\u00e9es.<\/p>\n<p>Partant de la r\u00e8gle qui dit que les m\u00eames causes produisent les m\u00eames effets, une nouvelle r\u00e9volte semble se pr\u00e9parer.<\/p>\n<p>Celle-l\u00e0 risque, cette fois-ci, de mener le pays vers une d\u00e9rive que personne ne ma\u00eetrisera les cons\u00e9quences et la fin.<\/p>\n<p>Pour \u00e9viter au pays un tel sc\u00e9nario, il est encore possible d&rsquo;inverser la tendance par le Chef du Gouvernement \u00e0 qui il incomberait de leader (de guider) cette r\u00e9volution.<\/p>\n<p>\u00c0 vous, Monsieur le Chef du Gouvernement, vu que votre pass\u00e9 ne souffre d&rsquo;aucune implication dans ce qui a donn\u00e9 lieu \u00e0 cette situation, de provoquer, avec le soutien de la population, des forces vives du pays et de l&rsquo;\u00e9lite ind\u00e9pendante, une vraie r\u00e9volution.<\/p>\n<p>\u00c0 vous, Monsieur le Chef du Gouvernement, de vous montrer transparent envers le peuple en lui pr\u00e9sentant la situation \u00e9conomique du pays et celle des finances publiques.<\/p>\n<p>\u00c0 vous, Monsieur le Chef du Gouvernement, de proposer au peuple un plan complet et coh\u00e9rent de sauvetage du pays.<\/p>\n<p>\u00c0 vous, Monsieur le Chef du Gouvernement, de vous engager \u00e0 mener les vraies r\u00e9formes que n\u00e9cessite la Tunisie.<\/p>\n<p>\u00c0 vous, Monsieur le Chef du Gouvernement, d&rsquo;annoncer au peuple qu&rsquo;il y a encore moyen de sauver ce qui reste de la Tunisie.<\/p>\n<p>\u00c0 vous, Monsieur le Chef du Gouvernement, de mobiliser, par un discours transparent et cr\u00e9dible, la population pour un retour au travail, pour un engagement r\u00e9el de s&rsquo;interdire tout mouvement bloquant la production.<\/p>\n<p>\u00c0 vous, Monsieur le Chef du Gouvernement, de solliciter l\u2019\u00e9lite du pays pour mener une r\u00e9flexion profonde et ind\u00e9pendante pour d\u00e9finir un plan de sauvetage de la Nation.<\/p>\n<p>\u00c0 vous, Monsieur le Chef du Gouvernement, de changer de paradigmes et de rompre avec la politique de repl\u00e2trage jusqu\u2019ici adopt\u00e9e.<\/p>\n<p>\u00c0 vous, Monsieur le Chef du Gouvernement, de vous adresser \u00e0 la justice pour l&rsquo;appeler \u00e0 la c\u00e9l\u00e9rit\u00e9 et l&rsquo;ind\u00e9pendance des jugements.<\/p>\n<p>\u00c0 vous, Monsieur le Chef du Gouvernement, de convaincreles hommes d&rsquo;affaires, de la n\u00e9cessit\u00e9 de soutenir les efforts du Gouvernement pour un retour \u00e0 l&rsquo;investissement, pour plus de transparence fiscale, pour plus de sacrifices dans l&rsquo;int\u00e9r\u00eat de tout le monde, eux en premier lieu.<\/p>\n<p>\u00c0 vous, Monsieur le Chef du Gouvernement, de mettre la classe politique devant ses responsabilit\u00e9s historiques en l\u2019invitant \u00e0 mettre de c\u00f4t\u00e9 les \u00e9gos, les int\u00e9r\u00eats personnels et en privil\u00e9giant l&rsquo;int\u00e9r\u00eat supr\u00eame de la nation.<\/p>\n<p>\u00c0 vous, Monsieur le Chef du Gouvernement, de menacer clairement les r\u00e9calcitrants par le recours \u00e0 la justice \u00e0 chaque que le moindre d\u00e9passement, \u00e9cart de comportement ou abus de pouvoir est observ\u00e9.<br \/>Bref, c\u2019est \u00e0 vous, Monsieur el Chef du Gouvernement, d\u2019annoncer aux tunisiens un plan de transformation de la Tunisie, r\u00e9aliste mais convainquant, int\u00e9gr\u00e9 et complet.<\/p>\n<p>C\u2019est \u00e0 vous, Monsieur le Chef du Gouvernement, d\u2019adopter une strat\u00e9gie de communication avec les tunisiens avec plus de p\u00e9dagogie et moins de d\u00e9magogie.<\/p>\n<p>En un mot, c\u2019est \u00e0 vous Monsieur le Chef du Gouvernement de montrer de l\u2019empathie envers vos citoyens et surtout de vous engager \u00e0 conduire le pays d\u2019une mani\u00e8re diff\u00e9rente de ce qui a pr\u00e9valu depuis 2011.<\/p>\n<p>C&rsquo;est la seule voie du salut. Menez Monsieur le Chef du Gouvernement, votre r\u00e9volution. Vous \u00eates le seul, de par votre statut et votre background, \u00e0 \u00eatre en mesure de sauver la Tunisie.<\/p>\n<p class=\"c7\"><strong>Abderrahmen Fendri<\/strong><\/p>\n<p>Auteur:<br \/>\n<a href=\"https:\/\/www.leaders.com.tn\/article\/31026-abderrahmen-fendri-menez-votre-revolution-monsieur-le-chef-du-gouvernement\">Cliquez ici pour lire l&rsquo;article depuis sa source.<\/a><\/p>\n","protected":false},"excerpt":{"rendered":"<p>Par Abderrahmen Fendri &#8211; La situation \u00e9lectrique en Tunisie augure d&rsquo;une r\u00e9volte populaire dont les cons\u00e9quences ne peuvent \u00eatre \u00e9valu\u00e9es \u00e0 l&rsquo;heure actuelle. En effet, le contr\u00f4le de la situation risque d&rsquo;\u00e9chapper aux Gouvernants, voire m\u00eame aux nombreuses parties qui sont derri\u00e8re ces mouvements. Quoique les revendications des protestataires sont le plus souvent l\u00e9gitimes, leur [&hellip;]<\/p>\n","protected":false},"author":1772,"featured_media":0,"comment_status":"closed","ping_status":"closed","sticky":false,"template":"","format":"standard","meta":{"fifu_image_url":"","fifu_image_alt":"","footnotes":""},"categories":[73,55],"tags":[],"class_list":["post-106353","post","type-post","status-publish","format-standard","hentry","category-actualite","category-tunisie"],"_links":{"self":[{"href":"https:\/\/linitiative.ca\/International\/wp-json\/wp\/v2\/posts\/106353","targetHints":{"allow":["GET"]}}],"collection":[{"href":"https:\/\/linitiative.ca\/International\/wp-json\/wp\/v2\/posts"}],"about":[{"href":"https:\/\/linitiative.ca\/International\/wp-json\/wp\/v2\/types\/post"}],"author":[{"embeddable":true,"href":"https:\/\/linitiative.ca\/International\/wp-json\/wp\/v2\/users\/1772"}],"replies":[{"embeddable":true,"href":"https:\/\/linitiative.ca\/International\/wp-json\/wp\/v2\/comments?post=106353"}],"version-history":[{"count":0,"href":"https:\/\/linitiative.ca\/International\/wp-json\/wp\/v2\/posts\/106353\/revisions"}],"wp:attachment":[{"href":"https:\/\/linitiative.ca\/International\/wp-json\/wp\/v2\/media?parent=106353"}],"wp:term":[{"taxonomy":"category","embeddable":true,"href":"https:\/\/linitiative.ca\/International\/wp-json\/wp\/v2\/categories?post=106353"},{"taxonomy":"post_tag","embeddable":true,"href":"https:\/\/linitiative.ca\/International\/wp-json\/wp\/v2\/tags?post=106353"}],"curies":[{"name":"wp","href":"https:\/\/api.w.org\/{rel}","templated":true}]}}