{"id":106367,"date":"2020-12-03T14:42:00","date_gmt":"2020-12-03T19:42:00","guid":{"rendered":"https:\/\/linitiative.ca\/International\/processus-electoral-au-burkina\/"},"modified":"2020-12-03T14:42:00","modified_gmt":"2020-12-03T19:42:00","slug":"processus-electoral-au-burkina","status":"publish","type":"post","link":"https:\/\/linitiative.ca\/International\/processus-electoral-au-burkina\/","title":{"rendered":"PROCESSUS ELECTORAL AU BURKINA  \u00a0"},"content":{"rendered":"<div class=\"stream-item stream-item-above-post-content\">\n<p><noscript><\/p>\n<p><a href=\"\/\/www3.smartadserver.com\/ac?jump=1&amp;nwid=2136&amp;siteid=240610&amp;pgname=rg&amp;fmtid=49046&amp;visit=m&amp;tmstp=[timestamp]&amp;out=nonrich\" target=\"_blank\" rel=\"noopener noreferrer\"><img decoding=\"async\" src=\"http:\/\/www3.smartadserver.com\/ac?out=nonrich&amp;nwid=2136&amp;siteid=240610&amp;pgname=rg&amp;fmtid=49046&amp;visit=m&amp;tmstp=[timestamp]\" border=\"0\" alt=\"\"\/><\/a><\/p>\n<p><\/noscript><\/div>\n<p class=\"c3\"><em>Le processus \u00e9lectoral tire inexorablement \u00e0 sa fin au Burkina Faso. Un happy-end, peut-on s\u2019exclamer\u00a0! Car, durant tout le processus, on n\u2019a pas enregistr\u00e9 d\u2019actes de violence. Avant, pendant et apr\u00e8s les \u00e9lections, tout \u00e9tait calme. En dehors des violences terroristes, on peut dire qu\u2019aucune goutte de sang d\u2019un Burkinab\u00e8 n\u2019a \u00e9t\u00e9 vers\u00e9e. C\u2019est le lieu pour moi de rendre un hommage appuy\u00e9 \u00e0 tous les acteurs\u00a0 qui ont su faire montre de responsabilit\u00e9 et de maturit\u00e9. Je leur tire mon chapeau. Je le dis parce que je sais qu\u2019il y a eu des difficult\u00e9s durant le processus, qui pouvaient servir de pr\u00e9texte \u00e0 certains opposants pour cr\u00e9er la tambouille. Mais, ils ne l\u2019ont pas fait. Ils ont privil\u00e9gi\u00e9 l\u2019int\u00e9r\u00eat sup\u00e9rieur du peuple. Franchement, je salue cette hauteur d\u2019esprit. Car, entre-temps, j\u2019avais personnellement peur quand j\u2019\u00e9coutais les sorties de certains acteurs politiques. Je craignais que le Burkina qui avait donn\u00e9 un bel exemple en organisant, en 2015, des \u00e9lections transparentes et accept\u00e9es de tous, ne d\u00e9\u00e7oive. Mais il y a eu plus de peur que de mal. Cela dit, je reconnais que contrairement \u00e0 2015, les \u00e9lections coupl\u00e9es du 22 novembre dernier, ont connu des anomalies d\u2019ordre organisationnel. Cela a \u00e9t\u00e9 relev\u00e9 par la plupart des observateurs nationaux et internationaux. C\u2019est le lieu d\u2019en appeler \u00e0 la responsabilit\u00e9 de la Commission \u00e9lectorale nationale ind\u00e9pendante (CENI) qui doit se remettre en cause et travailler \u00e0 \u00e9viter, \u00e0 l\u2019avenir, ce genre de dysfonctionnements qui peuvent jeter le discr\u00e9dit sur le scrutin.<\/em><\/p>\n<p class=\"c3\"><em>\u00a0<\/em><\/p>\n<p class=\"c4\"><strong><em>Le plus grand gagnant de ces \u00e9lections, c\u2019est le peuple burkinab\u00e8<\/em><\/strong><\/p>\n<p class=\"c3\"><em>\u00a0<\/em><\/p>\n<p class=\"c3\"><em>Il faut \u00e9viter de pr\u00eater le flanc au risque de donner raison \u00e0 certains politicards qui ne cherchent que la petite b\u00eate. Je le dis parce que je suis s\u00fbr que dans d\u2019autres pays, les probl\u00e8mes organisationnels constat\u00e9s \u00e7a et l\u00e0, auraient pu constituer le lit d\u2019une crise post-\u00e9lectorale. Pour moins que \u00e7a, certains pays ont connu des violences \u00e9lectorales. Heureusement que chez nous, le pire \u00e0 \u00e9t\u00e9 \u00e9vit\u00e9 de justesse, d\u2019o\u00f9 ma fiert\u00e9 d\u2019\u00eatre Burkinab\u00e8. J\u2019ai d\u2019autant plus raison d\u2019en \u00eatre fier que le Burkina, en attendant de voir ce qui se passera au Ghana et au Niger dans les jours \u00e0 venir, est l\u2019un des pays qui, en 2020, a pu organiser des \u00e9lections apais\u00e9es. Le Togo qui a ouvert le bal en f\u00e9vrier dernier, a connu une crise pr\u00e9 et post-\u00e9lectorale. On oublie volontiers la Guin\u00e9e et la C\u00f4te d\u2019Ivoire o\u00f9 les victimes se chiffrent par dizaines en sus du d\u00e9chirement total du tissu social. Voyez-vous\u00a0? Le Burkina, quoi que l\u2019on dise, reste toujours un exemple. Et il nous revient de travailler \u00e0 pr\u00e9server cette image. C\u2019est dans l\u2019int\u00e9r\u00eat de nous tous. C\u2019est pourquoi je dis et r\u00e9p\u00e8te que le plus grand gagnant de ces \u00e9lections qui viennent de se d\u00e9rouler, c\u2019est le peuple burkinab\u00e8 qui a su, une fois de plus, prouver sa diff\u00e9rence comparativement aux autres, sur un continent o\u00f9 les rendez-vous \u00e9lectoraux riment avec violences. Il faut donc maintenir le cap pour que 2025 soit comme 2015 et 2020. Ce n\u2019est pas impossible\u00a0!<\/em><\/p>\n<p class=\"c3\"><em>\u00a0<\/em><\/p>\n<p class=\"c4\"><strong><em>\u00ab\u00a0Le Fou\u00a0\u00bb<\/em><\/strong><\/p>\n<p>Auteur: Le Pays<br \/>\n<a href=\"http:\/\/lepays.bf\/processus-electoral-au-burkina-2\/\">Cliquez ici pour lire l&rsquo;article depuis sa source.<\/a><\/p>\n","protected":false},"excerpt":{"rendered":"<p>Le processus \u00e9lectoral tire inexorablement \u00e0 sa fin au Burkina Faso. Un happy-end, peut-on s\u2019exclamer\u00a0! Car, durant tout le processus, on n\u2019a pas enregistr\u00e9 d\u2019actes de violence. Avant, pendant et apr\u00e8s les \u00e9lections, tout \u00e9tait calme. En dehors des violences terroristes, on peut dire qu\u2019aucune goutte de sang d\u2019un Burkinab\u00e8 n\u2019a \u00e9t\u00e9 vers\u00e9e. C\u2019est le [&hellip;]<\/p>\n","protected":false},"author":1813,"featured_media":0,"comment_status":"closed","ping_status":"closed","sticky":false,"template":"","format":"standard","meta":{"fifu_image_url":"http:\/\/www3.smartadserver.com\/ac?out=nonrich&nwid=2136&siteid=240610&pgname=rg&fmtid=49046&visit=m&tmstp=[timestamp]","fifu_image_alt":"PROCESSUS ELECTORAL AU BURKINA  \u00a0","footnotes":""},"categories":[73,81],"tags":[],"class_list":["post-106367","post","type-post","status-publish","format-standard","hentry","category-actualite","category-burkina-faso"],"_links":{"self":[{"href":"https:\/\/linitiative.ca\/International\/wp-json\/wp\/v2\/posts\/106367","targetHints":{"allow":["GET"]}}],"collection":[{"href":"https:\/\/linitiative.ca\/International\/wp-json\/wp\/v2\/posts"}],"about":[{"href":"https:\/\/linitiative.ca\/International\/wp-json\/wp\/v2\/types\/post"}],"author":[{"embeddable":true,"href":"https:\/\/linitiative.ca\/International\/wp-json\/wp\/v2\/users\/1813"}],"replies":[{"embeddable":true,"href":"https:\/\/linitiative.ca\/International\/wp-json\/wp\/v2\/comments?post=106367"}],"version-history":[{"count":0,"href":"https:\/\/linitiative.ca\/International\/wp-json\/wp\/v2\/posts\/106367\/revisions"}],"wp:attachment":[{"href":"https:\/\/linitiative.ca\/International\/wp-json\/wp\/v2\/media?parent=106367"}],"wp:term":[{"taxonomy":"category","embeddable":true,"href":"https:\/\/linitiative.ca\/International\/wp-json\/wp\/v2\/categories?post=106367"},{"taxonomy":"post_tag","embeddable":true,"href":"https:\/\/linitiative.ca\/International\/wp-json\/wp\/v2\/tags?post=106367"}],"curies":[{"name":"wp","href":"https:\/\/api.w.org\/{rel}","templated":true}]}}