{"id":106368,"date":"2020-12-03T14:49:37","date_gmt":"2020-12-03T19:49:37","guid":{"rendered":"https:\/\/linitiative.ca\/International\/deces-de-valery-giscard-destaing\/"},"modified":"2020-12-03T14:49:37","modified_gmt":"2020-12-03T19:49:37","slug":"deces-de-valery-giscard-destaing","status":"publish","type":"post","link":"https:\/\/linitiative.ca\/International\/deces-de-valery-giscard-destaing\/","title":{"rendered":"DECES DE VALERY GISCARD D\u2019ESTAING  \u00a0"},"content":{"rendered":"<div class=\"stream-item stream-item-above-post-content\">\n<p><noscript><\/p>\n<p><a href=\"\/\/www3.smartadserver.com\/ac?jump=1&amp;nwid=2136&amp;siteid=240610&amp;pgname=rg&amp;fmtid=49046&amp;visit=m&amp;tmstp=[timestamp]&amp;out=nonrich\" target=\"_blank\" rel=\"noopener noreferrer\"><img decoding=\"async\" src=\"http:\/\/www3.smartadserver.com\/ac?out=nonrich&amp;nwid=2136&amp;siteid=240610&amp;pgname=rg&amp;fmtid=49046&amp;visit=m&amp;tmstp=[timestamp]\" border=\"0\" alt=\"\"\/><\/a><\/p>\n<p><\/noscript><\/div>\n<p class=\"c3\"><em>D\u00e9cid\u00e9ment, l\u2019ann\u00e9e 2020 aura \u00e9t\u00e9 une ann\u00e9e noire pour de nombreux anciens chefs d\u2019Etat. En effet, \u00e0 la demi-douzaine d\u2019anciennes t\u00eates couronn\u00e9es de l\u2019Afrique de l\u2019Ouest qui, des Maliens Modibo K\u00e9ita et Amadou Toumani Tour\u00e9 \u00a0au Nig\u00e9rien Mamadou Tandja en passant par le Mauritanien Sidi Mohamed Ould Abdallah et le Ghan\u00e9en John Jerry Rawlings, ont tir\u00e9 leur r\u00e9v\u00e9rence de ce monde dans cette deuxi\u00e8me moiti\u00e9 de l\u2019ann\u00e9e 2020, est venu s\u2019ajouter un ancien locataire de l\u2019Elys\u00e9e en la personne de Val\u00e9ry Giscard d\u2019Estaing (VGE). Il a \u00e9t\u00e9 emport\u00e9 le 3 d\u00e9cembre dernier par le m\u00e9chant virus \u00e0 couronne apparu en Chine fin 2019 et qui s\u00e9vit dans le monde depuis maintenant pr\u00e8s d\u2019un an. Brillant \u00e9l\u00e8ve qui a obtenu son bac \u00e0 l\u2019\u00e2ge de 15 ans, Giscard d\u2019Estaing r\u00e9alisera plus tard son ambition de pr\u00e9sider aux destin\u00e9es de son pays, en acc\u00e9dant \u00e0 la magistrature supr\u00eame en 1974. A l\u2019\u00e9poque, il \u00e9tait, \u00e0 48 ans, le plus jeune pr\u00e9sident d\u2019une R\u00e9publique sur le vieux continent. On dit aussi de lui qu\u2019il \u00e9tait un grand admirateur de l\u2019ex-pr\u00e9sident am\u00e9ricain, John Kennedy.<\/em><\/p>\n<p class=\"c3\"><em>\u00a0<\/em><\/p>\n<p class=\"c4\"><strong><em>Jusqu\u2019\u00e0 une \u00e9poque encore r\u00e9cente, c\u2019est Paris qui faisait et d\u00e9faisait les r\u00e9gimes en Afrique<\/em><\/strong><\/p>\n<p class=\"c3\"><em>\u00a0<\/em><\/p>\n<p class=\"c3\"><em>Disparu \u00e0 l\u2019\u00e2ge de 94 ans, VGE laisse de lui, dans son pays, la France,\u00a0 l\u2019image d\u2019un pr\u00e9sident plut\u00f4t novateur et r\u00e9formiste. Mais vu d\u2019Afrique, son d\u00e9c\u00e8s para\u00eet pour le moins comme \u00a0une page de la Fran\u00e7afrique qui se tourne, ou du moins une volont\u00e9 de rupture avec la Fran\u00e7afrique, non pleinement assum\u00e9e. En effet, ses relations avec le continent noir sont rest\u00e9es dans la logique du m\u00eame paternalisme qui a souvent guid\u00e9 les chefs d\u2019Etat fran\u00e7ais qui n\u2019ont jamais \u00e9t\u00e9 pris \u00e0 d\u00e9faut dans la d\u00e9fense constante des int\u00e9r\u00eats de la France sur un continent aux potentialit\u00e9s \u00e9normes, mais qui n\u2019a jamais v\u00e9ritablement su, encore moins pu se placer en alter ego de l\u2019ex-puissance coloniale, plusieurs d\u00e9cennies apr\u00e8s les ind\u00e9pendances.\u00a0 Et jusqu\u2019\u00e0 une \u00e9poque encore r\u00e9cente, c\u2019est peu de dire que c\u2019est Paris qui faisait et d\u00e9faisait les r\u00e9gimes en Afrique, surtout en Afrique noire francophone. Et la France de Val\u00e9ry Giscard d\u2019Estaing n\u2019est pas en reste; elle qui s\u2019est particularis\u00e9e par un interventionnisme militaire plut\u00f4t actif sur le continent noir, notamment au Za\u00efre, en Mauritanie, au Tchad et en Centrafrique. Elle est aussi point\u00e9e du doigt dans des tentatives de d\u00e9stabilisation organis\u00e9es en sous-main en Angola, au B\u00e9nin (ex-Dahomey) et aux Comores. C\u2019est dire si malgr\u00e9 sa volont\u00e9 d\u2019inscrire les relations de la France avec l\u2019Afrique sous un nouveau paradigme, VGE n\u2019a jamais perdu de vue les int\u00e9r\u00eats de l\u2019Hexagone sur le continent et a souvent agi en cons\u00e9quence pour les pr\u00e9server. Aujourd\u2019hui, il est vrai que les choses ont beaucoup \u00e9volu\u00e9 et la situation a beaucoup chang\u00e9. En effet, Paris ne peut plus intervenir directement sur le continent noir comme elle le faisait il y a de cela quelques ann\u00e9es pour renverser des r\u00e9gimes et installer ses hommes. La d\u00e9mocratie est pass\u00e9e par l\u00e0, m\u00eame si elle reste encore largement \u00e0 parfaire, et les mentalit\u00e9s ont chang\u00e9. Mais son emprise sur les relations franco-africaines n\u2019en demeure pas moins pr\u00e9gnante. Ce qui explique que les pays africains se trouvent pris dans une sorte de n\u00e9ocolonialisme plus subtil, qui les emp\u00eache de s\u2019affranchir v\u00e9ritablement de la tutelle de Paris m\u00eame s\u2019ils ont r\u00e9ussi, entre-temps, \u00e0 diversifier les partenaires pour s\u2019ouvrir davantage au monde.<\/em><\/p>\n<p class=\"c3\"><em>\u00a0<\/em><\/p>\n<p class=\"c4\"><strong><em>Sa compromission avec l\u2019empereur Bokassa \u00a0sera r\u00e9dhibitoire \u00e0 sa r\u00e9\u00e9lection \u00e0 sa propre succession<\/em><\/strong><\/p>\n<p class=\"c3\"><em>\u00a0<\/em><\/p>\n<p class=\"c3\"><em>\u00a0<\/em><\/p>\n<p class=\"c3\"><em>Cela dit, on retiendra de Giscard d\u2019Estaing, un homme d\u2019Etat qui a eu une relation particuli\u00e8re avec l\u2019Afrique o\u00f9 il a effectu\u00e9 de nombreux d\u00e9placements aussi bien officiels que priv\u00e9s. Amoureux de la chasse et de safaris \u00e0 ses heures perdues, le continent noir lui a offert de multiples occasions de vivre cette passion au cours de randonn\u00e9es o\u00f9 il ne cachait pas sa joie et sa fiert\u00e9 de pouvoir se faire \u00a0aussi des troph\u00e9es. L\u2019homme, qui \u00e9tait rest\u00e9 assez discret ces derni\u00e8res d\u00e9cennies, \u00e9tait aussi une plume alerte qui a \u00e0 son actif plusieurs \u00e9crits, dont un roman paru en 2011, le dernier, Mathilda, dont il situe l\u2019action en Afrique.\u00a0 Tout un symbole !\u00a0<\/em> <em>Sur le plan politique, on peut retenir de VGE sa volont\u00e9 de rupture avec un pass\u00e9 qui se voulait jusque-l\u00e0 surtout colonial. Ainsi, celui qui, au cours de la pr\u00e9sidentielle qui le conduira \u00e0 l\u2019Elys\u00e9e en 1974, se promettait de \u00ab\u00a0donner une nouvelle impulsion \u00e0 la coop\u00e9ration entre la France et les Etats francophones d\u2019Afrique\u00a0\u00bb, s\u2019inscrira dans une dynamique de renouveau. Une volont\u00e9 de d\u00e9poussi\u00e9rer les relations avec l\u2019Afrique qui l\u2019am\u00e8nera \u00e0 se passer des services d\u2019un certain Jacques Foccart connu pour \u00eatre le \u00ab\u00a0Monsieur Afrique\u00a0\u00bb de l\u2019Elys\u00e9e.\u00a0 Malheureusement, la seule volont\u00e9 de rupture ne suffira pas. Confront\u00e9 \u00e0 la r\u00e9alit\u00e9 du terrain, Giscard d\u2019Estaing ne pourra pas s\u2019assumer jusqu\u2019au bout. Et sa compromission avec l\u2019empereur Bokassa 1<sup>er<\/sup> de Centrafrique dans l\u2019affaire dite des diamants, sera finalement r\u00e9dhibitoire \u00e0 sa r\u00e9\u00e9lection \u00e0 sa propre succession. Son r\u00e8gne se limitera donc \u00e0 son seul septennat qu\u2019il aura termin\u00e9 sur une note d\u2019ambivalence. Car, entre la volont\u00e9 de rupture affich\u00e9e et la r\u00e9alit\u00e9 finale de ses actions, le foss\u00e9 a paru un peu trop grand. En effet, son principe \u00e9tait de rendre \u00ab\u00a0l\u2019Afrique aux Africains\u00a0\u00bb, mais il s\u2019illustrera finalement par un interventionnisme qui aura battu les records de ses pr\u00e9d\u00e9cesseurs.\u00a0 C\u2019est dire si \u00e0 bien des \u00e9gards, VGE para\u00eet aussi comme l\u2019homme des contradictions.<\/em><\/p>\n<p class=\"c3\"><em>\u00a0<\/em><\/p>\n<p class=\"c4\"><strong><em>\u00ab\u00a0Le Pays\u00a0\u00bb<\/em><\/strong><\/p>\n<p class=\"c3\"><em>\u00a0<\/em><\/p>\n<p class=\"c3\"><em>\u00a0<\/em><\/p>\n<p class=\"c3\"><em>\u00a0<\/em><\/p>\n<p class=\"c3\"><em>\u00a0<\/em><\/p>\n<p>Auteur: Le Pays<br \/>\n<a href=\"http:\/\/lepays.bf\/deces-de-valery-giscard-destaing\/\">Cliquez ici pour lire l&rsquo;article depuis sa source.<\/a><\/p>\n","protected":false},"excerpt":{"rendered":"<p>D\u00e9cid\u00e9ment, l\u2019ann\u00e9e 2020 aura \u00e9t\u00e9 une ann\u00e9e noire pour de nombreux anciens chefs d\u2019Etat. En effet, \u00e0 la demi-douzaine d\u2019anciennes t\u00eates couronn\u00e9es de l\u2019Afrique de l\u2019Ouest qui, des Maliens Modibo K\u00e9ita et Amadou Toumani Tour\u00e9 \u00a0au Nig\u00e9rien Mamadou Tandja en passant par le Mauritanien Sidi Mohamed Ould Abdallah et le Ghan\u00e9en John Jerry Rawlings, ont [&hellip;]<\/p>\n","protected":false},"author":1813,"featured_media":0,"comment_status":"closed","ping_status":"closed","sticky":false,"template":"","format":"standard","meta":{"fifu_image_url":"http:\/\/www3.smartadserver.com\/ac?out=nonrich&nwid=2136&siteid=240610&pgname=rg&fmtid=49046&visit=m&tmstp=[timestamp]","fifu_image_alt":"DECES DE VALERY GISCARD D\u2019ESTAING  \u00a0","footnotes":""},"categories":[73,81],"tags":[],"class_list":["post-106368","post","type-post","status-publish","format-standard","hentry","category-actualite","category-burkina-faso"],"_links":{"self":[{"href":"https:\/\/linitiative.ca\/International\/wp-json\/wp\/v2\/posts\/106368","targetHints":{"allow":["GET"]}}],"collection":[{"href":"https:\/\/linitiative.ca\/International\/wp-json\/wp\/v2\/posts"}],"about":[{"href":"https:\/\/linitiative.ca\/International\/wp-json\/wp\/v2\/types\/post"}],"author":[{"embeddable":true,"href":"https:\/\/linitiative.ca\/International\/wp-json\/wp\/v2\/users\/1813"}],"replies":[{"embeddable":true,"href":"https:\/\/linitiative.ca\/International\/wp-json\/wp\/v2\/comments?post=106368"}],"version-history":[{"count":0,"href":"https:\/\/linitiative.ca\/International\/wp-json\/wp\/v2\/posts\/106368\/revisions"}],"wp:attachment":[{"href":"https:\/\/linitiative.ca\/International\/wp-json\/wp\/v2\/media?parent=106368"}],"wp:term":[{"taxonomy":"category","embeddable":true,"href":"https:\/\/linitiative.ca\/International\/wp-json\/wp\/v2\/categories?post=106368"},{"taxonomy":"post_tag","embeddable":true,"href":"https:\/\/linitiative.ca\/International\/wp-json\/wp\/v2\/tags?post=106368"}],"curies":[{"name":"wp","href":"https:\/\/api.w.org\/{rel}","templated":true}]}}