{"id":106369,"date":"2020-12-03T14:52:28","date_gmt":"2020-12-03T19:52:28","guid":{"rendered":"https:\/\/linitiative.ca\/International\/des-artistes-ivoiriens-en-garde-a-vue\/"},"modified":"2020-12-03T14:52:28","modified_gmt":"2020-12-03T19:52:28","slug":"des-artistes-ivoiriens-en-garde-a-vue","status":"publish","type":"post","link":"https:\/\/linitiative.ca\/International\/des-artistes-ivoiriens-en-garde-a-vue\/","title":{"rendered":"DES ARTISTES IVOIRIENS EN GARDE A VUE"},"content":{"rendered":"<div class=\"stream-item stream-item-above-post-content\">\n<p><noscript><\/p>\n<p><a href=\"\/\/www3.smartadserver.com\/ac?jump=1&amp;nwid=2136&amp;siteid=240610&amp;pgname=rg&amp;fmtid=49046&amp;visit=m&amp;tmstp=[timestamp]&amp;out=nonrich\" target=\"_blank\" rel=\"noopener noreferrer\"><img decoding=\"async\" src=\"http:\/\/www3.smartadserver.com\/ac?out=nonrich&amp;nwid=2136&amp;siteid=240610&amp;pgname=rg&amp;fmtid=49046&amp;visit=m&amp;tmstp=[timestamp]\" border=\"0\" alt=\"\"\/><\/a><\/p>\n<p><\/noscript><\/div>\n<p class=\"c3\"><em>Les artistes Yod\u00e9 et Siro ont \u00e9t\u00e9 entendus le 2 d\u00e9cembre dernier par le procureur et plac\u00e9s en garde \u00e0 vue. \u00ab\u00a0Aller dire au procureur Adou Richard que \u00ab\u00a0un mort, c\u2019est un mort\u00a0\u00bb. C\u2019est cette phrase qui faisait r\u00e9f\u00e9rence aux victimes des violences \u00e9lectorales cons\u00e9cutives au troisi\u00e8me mandat de Alassane Ouattara, qui vaut \u00e0 ce duo du zouglou, sa d\u00e9cente aux enfers consid\u00e9r\u00e9e par le procureur comme un crime de l\u00e8se majest\u00e9. En laissant percevoir \u00e0 travers\u00a0 leur message, que le procureur privil\u00e9gie plus les enqu\u00eates contre les opposants que le pouvoir ivoirien tient pour responsables des derniers \u00e9v\u00e8nements malheureux, les artistes n\u2019y sont pas all\u00e9s de main morte certes. Mais de l\u00e0 \u00e0 les placer en garde \u00e0 vue pour outrage \u00e0 magistrat, c\u2019est pousser un peu loin le bouchon. Le moins que l\u2019on puisse dire, c\u2019est que cette fa\u00e7on de faire traduit une certaine frilosit\u00e9 des autorit\u00e9s ivoiriennes. Car, on a le sentiment que le pouvoir ivoirien veut se servir de la Justice pour \u00e9touffer dans l\u2019\u0153uf \u00a0toute forme de contestation du troisi\u00e8me mandat de Ouattara.\u00a0<\/em> <em>Cela dit, le procureur gagnerait \u00e0 \u00e9lucider des affaires plus graves telles que celle du journaliste franco-canadien Guy-Andr\u00e9 Kieffer dont la disparition en 2004, reste, jusque-l\u00e0, un myst\u00e8re, plut\u00f4t que de s\u2019en prendre \u00e0 des artistes qui n\u2019ont fait que dire ce qu\u2019ils pensent. O\u00f9 est donc pass\u00e9e la libert\u00e9 d\u2019expression\u00a0? Le procureur Adou Richard doit se raviser d\u2019autant que, comme le dit l\u2019adage, \u00ab\u00a0ce n\u2019est pas en cassant le thermom\u00e8tre qu\u2019on fait baisser la fi\u00e8vre\u00a0\u00bb.<\/em><\/p>\n<p class=\"c3\"><em>\u00a0<\/em><\/p>\n<p class=\"c4\"><strong><em>Il ne faudrait pas utiliser l\u2019appareil judiciaire \u00e0 des fins politiques<\/em><\/strong><\/p>\n<p class=\"c3\"><em>\u00a0<\/em><\/p>\n<p class=\"c3\"><em>La libert\u00e9 d\u2019expression ne doit pas \u00eatre remise en cause parce que l\u2019on veut co\u00fbte que co\u00fbte prot\u00e9ger un pouvoir en place. Ce n\u2019est un secret pour personne que le troisi\u00e8me mandat d\u2019ADO ne fait pas l\u2019unanimit\u00e9 et si jusque-l\u00e0, la lagune Ebri\u00e9 n\u2019est pas sortie de son lit, c\u2019est parce que les Ivoiriens, dans leur grande majorit\u00e9, ont fait preuve de retenue. Attention donc \u00e0 ne pas jeter de l\u2019huile sur le feu car, \u00e0 force d\u2019embastiller les opposants ou leurs sympathisants, le r\u00e9gime d\u2019ADO risque de r\u00e9veiller les vieux d\u00e9mons. Cela est d\u2019autant plus vrai que certains artistes sont si populaires que toute action visant \u00e0 les emp\u00eacher de s\u2019exprimer, peut susciter le courroux de leurs fans.\u00a0 Les r\u00e9centes violences qui ont entra\u00een\u00e9 la mort d\u2019une cinquantaine de personnes en Ouganda suite \u00e0 l\u2019arrestation de l\u2019artiste et candidat \u00e0 la pr\u00e9sidentielle, Bobi Wine, sont illustratives \u00e0 cet \u00e9gard.\u00a0 La C\u00f4te d\u2019Ivoire n\u2019est pas encore totalement \u00e0 l\u2019abri de violences post\u00e9lectorales et le procureur gagnerait \u00e0 faire preuve de discernement. Il est vrai qu\u2019on ne saurait, au nom de la paix, tol\u00e9rer certaines d\u00e9rives mais il ne faudrait pas non plus utiliser l\u2019appareil judiciaire \u00e0 des fins politiques. En tous les cas, le procureur Adou Richard joue sa cr\u00e9dibilit\u00e9 et m\u00eame celle du pays dans cette affaire. Car, il faut bien le dire, il n\u2019y a que dans les pays du Gondwana que l\u2019on peut placer un citoyen en garde \u00e0 vue pour outrage \u00e0 magistrat.<\/em><\/p>\n<p class=\"c3\"><em>\u00a0<\/em><\/p>\n<p class=\"c4\"><strong><em>Dabadi ZOUMBARA<\/em><\/strong><\/p>\n<p class=\"c3\"><em>\u00a0<\/em><\/p>\n<p class=\"c3\"><em>\u00a0<\/em><\/p>\n<p class=\"c3\"><em>\u00a0<\/em><\/p>\n<p>Auteur: Le Pays<br \/>\n<a href=\"http:\/\/lepays.bf\/des-artistes-ivoiriens-en-garde-a-vue\/\">Cliquez ici pour lire l&rsquo;article depuis sa source.<\/a><\/p>\n","protected":false},"excerpt":{"rendered":"<p>Les artistes Yod\u00e9 et Siro ont \u00e9t\u00e9 entendus le 2 d\u00e9cembre dernier par le procureur et plac\u00e9s en garde \u00e0 vue. \u00ab\u00a0Aller dire au procureur Adou Richard que \u00ab\u00a0un mort, c\u2019est un mort\u00a0\u00bb. C\u2019est cette phrase qui faisait r\u00e9f\u00e9rence aux victimes des violences \u00e9lectorales cons\u00e9cutives au troisi\u00e8me mandat de Alassane Ouattara, qui vaut \u00e0 ce [&hellip;]<\/p>\n","protected":false},"author":1813,"featured_media":0,"comment_status":"closed","ping_status":"closed","sticky":false,"template":"","format":"standard","meta":{"fifu_image_url":"http:\/\/www3.smartadserver.com\/ac?out=nonrich&nwid=2136&siteid=240610&pgname=rg&fmtid=49046&visit=m&tmstp=[timestamp]","fifu_image_alt":"DES ARTISTES IVOIRIENS EN GARDE A VUE","footnotes":""},"categories":[73,81],"tags":[],"class_list":["post-106369","post","type-post","status-publish","format-standard","hentry","category-actualite","category-burkina-faso"],"_links":{"self":[{"href":"https:\/\/linitiative.ca\/International\/wp-json\/wp\/v2\/posts\/106369","targetHints":{"allow":["GET"]}}],"collection":[{"href":"https:\/\/linitiative.ca\/International\/wp-json\/wp\/v2\/posts"}],"about":[{"href":"https:\/\/linitiative.ca\/International\/wp-json\/wp\/v2\/types\/post"}],"author":[{"embeddable":true,"href":"https:\/\/linitiative.ca\/International\/wp-json\/wp\/v2\/users\/1813"}],"replies":[{"embeddable":true,"href":"https:\/\/linitiative.ca\/International\/wp-json\/wp\/v2\/comments?post=106369"}],"version-history":[{"count":0,"href":"https:\/\/linitiative.ca\/International\/wp-json\/wp\/v2\/posts\/106369\/revisions"}],"wp:attachment":[{"href":"https:\/\/linitiative.ca\/International\/wp-json\/wp\/v2\/media?parent=106369"}],"wp:term":[{"taxonomy":"category","embeddable":true,"href":"https:\/\/linitiative.ca\/International\/wp-json\/wp\/v2\/categories?post=106369"},{"taxonomy":"post_tag","embeddable":true,"href":"https:\/\/linitiative.ca\/International\/wp-json\/wp\/v2\/tags?post=106369"}],"curies":[{"name":"wp","href":"https:\/\/api.w.org\/{rel}","templated":true}]}}